{"id":11470,"date":"2026-03-19T18:24:03","date_gmt":"2026-03-19T21:24:03","guid":{"rendered":"https:\/\/fabricadescripts.com.br\/igrejas\/IGRE3535\/multidao-de-universitarios-faz-culto-ao-ar-livre-em-fortaleza-fome-e-sede-de-deus\/"},"modified":"2026-03-19T18:24:03","modified_gmt":"2026-03-19T21:24:03","slug":"multidao-de-universitarios-faz-culto-ao-ar-livre-em-fortaleza-fome-e-sede-de-deus","status":"publish","type":"post","link":"https:\/\/fabricadescripts.com.br\/igrejas\/IGRE3535\/multidao-de-universitarios-faz-culto-ao-ar-livre-em-fortaleza-fome-e-sede-de-deus\/","title":{"rendered":"Multid\u00e3o de universit\u00e1rios faz culto ao ar livre em Fortaleza: \u201cFome e sede de Deus\u201d"},"content":{"rendered":"<div>\n<p><span>Na \u00faltima segunda-feira (16), uma multid\u00e3o de jovens se uniu para adorar a Deus em um culto ao ar livre promovido pela miss\u00e3o Aviva Universit\u00e1rio em Fortaleza.<\/span><\/p>\n<p><span>Realizado pela primeira vez na cidade, o culto ocorreu na Pra\u00e7a da Bandeira em frente \u00e0 Universidade Federal do Cear\u00e1 (UFC).<\/span><\/p>\n<p><span>No local, os crist\u00e3os promoveram um momento de louvor e adora\u00e7\u00e3o, onde muitos jovens foram tocados pelo Esp\u00edrito Santo e se renderam a Cristo.<\/span><\/p>\n<p><span>Em v\u00eddeos publicados nas redes sociais, os jovens aparecem louvando ao Senhor, ouvindo a Palavra e orando uns pelos outros no local.<\/span><\/p>\n<p><span>\u201cS\u00e3o universit\u00e1rios com fome e sede pela presen\u00e7a de Deus\u201d, afirmou o evangelista <\/span><span><strong>Lucas Teodoro<\/strong><\/span><span>, l\u00edder da miss\u00e3o.<\/span><\/p>\n<p><span>E continuou: \u201cCremos que Deus est\u00e1 levantando homens e mulheres cheios do Esp\u00edrito Santo no meio acad\u00eamico do Brasil\u201d.<\/span><\/p>\n<blockquote data-instgrm-permalink=\"https:\/\/www.instagram.com\/reel\/DV9-4akja9k\/?utm_source=ig_embed&#038;utm_campaign=loading\" data-instgrm-version=\"14\"><\/blockquote>\n<p><span>O culto tamb\u00e9m chamou a aten\u00e7\u00e3o de pessoas que passavam pelo local e foram atra\u00eddas pela presen\u00e7a de Deus.\u00a0\u00a0<\/span><\/p>\n<p><strong>\u2018N\u00e3o vamos parar\u2019<\/strong><\/p>\n<p><span>A a\u00e7\u00e3o evangel\u00edstica ocorreu ap\u00f3s a miss\u00e3o ser denunciada ao Minist\u00e9rio P\u00fablico Federal (MPF) por realizar cultos com estudantes na <\/span><span><strong>Universidade Federal de Minas Gerais<\/strong><\/span><span> (UFMG).<\/span><\/p>\n<p><span>No \u00faltimo s\u00e1bado (14), Lucas informou que <\/span><span><strong>recebeu uma intima\u00e7\u00e3o do MP<\/strong><\/span> <span>para explicar sobre os cultos dentro da universidade. Segundo o evangelista, o denunciante chamou o \u201cAviva\u201d \u2014 que tem realizado encontros em diversas universidades pelo Brasil \u2014 de \u201corganiza\u00e7\u00e3o criminosa\u201d.<\/span><\/p>\n<p><span>Lucas destacou que os universit\u00e1rios participaram dos cultos de forma volunt\u00e1ria e que o evento n\u00e3o foi formal.<\/span><\/p>\n<blockquote data-instgrm-permalink=\"https:\/\/www.instagram.com\/reel\/DV_aXeBCaca\/?utm_source=ig_embed&#038;utm_campaign=loading\" data-instgrm-version=\"14\"><\/blockquote>\n<p><span>Em Fortaleza, ele refletiu sobre a batalha espiritual para continuar pregando Jesus: \u201cExiste uma luta muito grande do inferno para que isso aqui n\u00e3o aconte\u00e7a. Existe uma luta muito grande do inferno na nossa na\u00e7\u00e3o\u201d.\u00a0<\/span><\/p>\n<p><span>E continuou: \u201cSabe o que n\u00f3s estamos ouvindo por a\u00ed? Que essa \u00e9 a pior gera\u00e7\u00e3o de todas. Que essa \u00e9 a gera\u00e7\u00e3o mais problem\u00e1tica de todas. A gente escuta: \u2018N\u00e3o entra na universidade, n\u00e3o, voc\u00ea que \u00e9 crist\u00e3o, porque l\u00e1 voc\u00ea vai se perder, voc\u00ea vai se desviar\u2019. N\u00e3o! N\u00f3s repreendemos em nome de Jesus\u201d.<\/span><\/p>\n<p><span>E concluiu dizendo: \u201cDeus est\u00e1 levantando nesse tempo uma gera\u00e7\u00e3o de homens e mulheres cheios do Esp\u00edrito Santo. N\u00e3o vamos parar! Existe uma gera\u00e7\u00e3o com fome de Deus nas universidades do Brasil\u201d.<\/span><\/p>\n<\/div>\n","protected":false},"excerpt":{"rendered":"<p>Na \u00faltima segunda-feira (16), uma multid\u00e3o de jovens se uniu para adorar a Deus em um culto ao ar livre promovido pela miss\u00e3o Aviva Universit\u00e1rio em Fortaleza. Realizado pela primeira vez na cidade, o culto ocorreu na Pra\u00e7a da Bandeira em frente \u00e0 Universidade Federal do Cear\u00e1 (UFC). No local, os crist\u00e3os promoveram um momento de louvor e adora\u00e7\u00e3o, onde muitos jovens foram tocados pelo Esp\u00edrito Santo e se renderam a Cristo. Em v\u00eddeos publicados nas redes sociais, os jovens aparecem louvando ao Senhor, ouvindo a Palavra e orando uns pelos outros no local. \u201cS\u00e3o universit\u00e1rios com fome e sede pela presen\u00e7a de Deus\u201d, afirmou o evangelista Lucas Teodoro, l\u00edder da miss\u00e3o. E continuou: \u201cCremos que Deus est\u00e1 levantando homens e mulheres cheios do Esp\u00edrito Santo no meio acad\u00eamico do Brasil\u201d. O culto tamb\u00e9m chamou a aten\u00e7\u00e3o de pessoas que passavam pelo local e foram atra\u00eddas pela presen\u00e7a de Deus.\u00a0\u00a0 \u2018N\u00e3o vamos parar\u2019 A a\u00e7\u00e3o evangel\u00edstica ocorreu ap\u00f3s a miss\u00e3o ser denunciada ao Minist\u00e9rio P\u00fablico Federal (MPF) por realizar cultos com estudantes na Universidade Federal de Minas Gerais (UFMG). No \u00faltimo s\u00e1bado (14), Lucas informou que recebeu uma intima\u00e7\u00e3o do MP para explicar sobre os cultos dentro da universidade. Segundo o evangelista, o denunciante chamou o \u201cAviva\u201d \u2014 que tem realizado encontros em diversas universidades pelo Brasil \u2014 de \u201corganiza\u00e7\u00e3o criminosa\u201d. Lucas destacou que os universit\u00e1rios participaram dos cultos de forma volunt\u00e1ria e que o evento n\u00e3o foi formal. Em Fortaleza, ele refletiu sobre a batalha espiritual para continuar pregando Jesus: \u201cExiste uma luta muito grande do inferno para que isso aqui n\u00e3o aconte\u00e7a. Existe uma luta muito grande do inferno na nossa na\u00e7\u00e3o\u201d.\u00a0 E continuou: \u201cSabe o que n\u00f3s estamos ouvindo por a\u00ed? Que essa \u00e9 a pior gera\u00e7\u00e3o de todas. Que essa \u00e9 a gera\u00e7\u00e3o mais problem\u00e1tica de todas. A gente escuta: \u2018N\u00e3o entra na universidade, n\u00e3o, voc\u00ea que \u00e9 crist\u00e3o, porque l\u00e1 voc\u00ea vai se perder, voc\u00ea vai se desviar\u2019. N\u00e3o! N\u00f3s repreendemos em nome de Jesus\u201d. E concluiu dizendo: \u201cDeus est\u00e1 levantando nesse tempo uma gera\u00e7\u00e3o de homens e mulheres cheios do Esp\u00edrito Santo. N\u00e3o vamos parar! Existe uma gera\u00e7\u00e3o com fome de Deus nas universidades do Brasil\u201d.<\/p>\n","protected":false},"author":1,"featured_media":11471,"comment_status":"closed","ping_status":"closed","sticky":false,"template":"","format":"standard","meta":{"footnotes":""},"categories":[12],"tags":[],"class_list":["post-11470","post","type-post","status-publish","format-standard","has-post-thumbnail","hentry","category-mundo-cristao"],"acf":[],"_links":{"self":[{"href":"https:\/\/fabricadescripts.com.br\/igrejas\/IGRE3535\/wp-json\/wp\/v2\/posts\/11470","targetHints":{"allow":["GET"]}}],"collection":[{"href":"https:\/\/fabricadescripts.com.br\/igrejas\/IGRE3535\/wp-json\/wp\/v2\/posts"}],"about":[{"href":"https:\/\/fabricadescripts.com.br\/igrejas\/IGRE3535\/wp-json\/wp\/v2\/types\/post"}],"author":[{"embeddable":true,"href":"https:\/\/fabricadescripts.com.br\/igrejas\/IGRE3535\/wp-json\/wp\/v2\/users\/1"}],"replies":[{"embeddable":true,"href":"https:\/\/fabricadescripts.com.br\/igrejas\/IGRE3535\/wp-json\/wp\/v2\/comments?post=11470"}],"version-history":[{"count":0,"href":"https:\/\/fabricadescripts.com.br\/igrejas\/IGRE3535\/wp-json\/wp\/v2\/posts\/11470\/revisions"}],"wp:featuredmedia":[{"embeddable":true,"href":"https:\/\/fabricadescripts.com.br\/igrejas\/IGRE3535\/wp-json\/wp\/v2\/media\/11471"}],"wp:attachment":[{"href":"https:\/\/fabricadescripts.com.br\/igrejas\/IGRE3535\/wp-json\/wp\/v2\/media?parent=11470"}],"wp:term":[{"taxonomy":"category","embeddable":true,"href":"https:\/\/fabricadescripts.com.br\/igrejas\/IGRE3535\/wp-json\/wp\/v2\/categories?post=11470"},{"taxonomy":"post_tag","embeddable":true,"href":"https:\/\/fabricadescripts.com.br\/igrejas\/IGRE3535\/wp-json\/wp\/v2\/tags?post=11470"}],"curies":[{"name":"wp","href":"https:\/\/api.w.org\/{rel}","templated":true}]}}