{"id":11468,"date":"2026-03-19T18:24:04","date_gmt":"2026-03-19T21:24:04","guid":{"rendered":"https:\/\/fabricadescripts.com.br\/igrejas\/IGRE3535\/cantora-convoca-cristaos-ao-redor-do-mundo-para-clamar-pela-paz-nas-nacoes\/"},"modified":"2026-03-19T18:24:04","modified_gmt":"2026-03-19T21:24:04","slug":"cantora-convoca-cristaos-ao-redor-do-mundo-para-clamar-pela-paz-nas-nacoes","status":"publish","type":"post","link":"https:\/\/fabricadescripts.com.br\/igrejas\/IGRE3535\/cantora-convoca-cristaos-ao-redor-do-mundo-para-clamar-pela-paz-nas-nacoes\/","title":{"rendered":"Cantora convoca crist\u00e3os ao redor do mundo para clamar pela paz nas na\u00e7\u00f5es"},"content":{"rendered":"<div>\n<p><span>Na \u00faltima segunda-feira (16), a cantora <\/span><span><strong>CeCe Winans<\/strong><\/span><span> convocou crist\u00e3os ao redor do mundo a se unirem em ora\u00e7\u00e3o pela paz nas na\u00e7\u00f5es em uma campanha de 20 dias que antecede a P\u00e1scoa.\u00a0<\/span><\/p>\n<p><span>A iniciativa, chamada \u201cOre a Palavra\u201d, foi anunciada pela artista em suas redes sociais. Ao apresentar a proposta, CeCe explicou que o desejo de liderar as ora\u00e7\u00f5es di\u00e1rias surgiu ap\u00f3s refletir profundamente sobre o cen\u00e1rio mundial atual.<\/span><\/p>\n<p><span>\u201cMeu cora\u00e7\u00e3o est\u00e1 muito pesado por causa do nosso mundo e de tudo o que est\u00e1 acontecendo ao nosso redor. Acredito sinceramente que agora \u00e9 o momento de nos unirmos para buscar o Senhor\u201d, disse CeCe em suas redes sociais.<\/span><\/p>\n<p><span>A cantora informou que nos pr\u00f3ximos 20 dias ir\u00e1 <\/span><span><strong>conduzir ora\u00e7\u00f5es<\/strong><\/span><span> espec\u00edficas guiadas pela Palavra de Deus.<\/span><\/p>\n<p><span>\u201cCompartilharei um v\u00eddeo curto com um foco de ora\u00e7\u00e3o, provavelmente um vers\u00edculo b\u00edblico, e oraremos sobre ele. Porque quando oramos a Palavra de Deus, garantimos que estamos sempre orando segundo o cora\u00e7\u00e3o de Deus. E \u00e9 disso que precisamos desesperadamente agora\u201d, disse CeCe.\u00a0<\/span><\/p>\n<blockquote data-instgrm-permalink=\"https:\/\/www.instagram.com\/reel\/DV9obBqjCUb\/?utm_source=ig_embed&#038;utm_campaign=loading\" data-instgrm-version=\"14\"><\/blockquote>\n<p><span>E continuou: \u201cEnt\u00e3o, espero que voc\u00eas reservem alguns momentos para orar comigo pelo nosso mundo, pelas nossas comunidades e uns pelos outros. Que possamos nos unir confiando essas coisas ao nosso Pai Celestial que nos ouve e que est\u00e1 agindo&#8221;.<\/span><\/p>\n<p><strong>Guiados pela B\u00edblia<\/strong><\/p>\n<p><span>Em seguida, a artista, vencedora de v\u00e1rios pr\u00eamios, falou sobre o poder da ora\u00e7\u00e3o. Ela citou a passagem b\u00edblica de 1 Jo\u00e3o 5:14-15, que diz:<\/span><\/p>\n<p><span>\u201c<\/span><em><span>E esta \u00e9 a confian\u00e7a que temos para com ele: que, se pedirmos alguma coisa segundo a sua vontade, ele nos ouve. E, se sabemos que ele nos ouve quanto ao que lhe pedimos, estamos certos de que obtemos os pedidos que lhe temos feito<\/span><\/em><span>\u201d.<\/span><\/p>\n<p><span>CeCe iniciou o primeiro dia de ora\u00e7\u00e3o com o foco no texto b\u00edblico de 2 Cr\u00f4nicas 7:14, que destaca a necessidade do arrependimento:<\/span><\/p>\n<p><span>&#8220;<\/span><em><span>Se o meu povo, que se chama pelo meu nome, se humilhar, e orar, e buscar a minha face, e se converter dos seus maus caminhos, ent\u00e3o eu ouvirei dos c\u00e9us, perdoarei os seus pecados e sararei a sua terra<\/span><\/em><span>&#8220;.\u00a0\u00a0\u00a0<\/span><\/p>\n<p><strong>Ora\u00e7\u00e3o pelas na\u00e7\u00f5es<\/strong><\/p>\n<p><span>Por fim, ela orou: \u201cPai, oramos para entendermos que somos um povo \u00fanico. Somos um povo santo, e o Senhor nos chamou para nos usar para curar nossa terra. E pedimos que cure a nossa terra. H\u00e1 muitas pessoas feridas agora, muitas pessoas quebradas que precisam do seu toque. Ent\u00e3o, Pai, ajude-nos a ser os vasos que precisamos ser, para que o Senhor possa fluir atrav\u00e9s de n\u00f3s todos os dias e realizar a obra milagrosa que s\u00f3 o Senhor pode fazer\u201d.<\/span><\/p>\n<p><span>E continuou: \u201cAgradecemos por este dom incr\u00edvel da ora\u00e7\u00e3o, um dom poderoso que pode ir longe, que pode ir aonde talvez nunca cheg\u00e1ssemos. Ent\u00e3o, n\u00f3s te agradecemos por estar despertando todo o teu povo\u201d.<\/span><\/p>\n<p><span>CeCe concluiu sua ora\u00e7\u00e3o destacando o amor de Deus pelas na\u00e7\u00f5es: \u201cDeus, n\u00f3s te agradecemos por nos posicionar para sermos usados \u200b\u200bnestes pr\u00f3ximos 20 dias e al\u00e9m. Oramos para que a Tua vontade seja feita sobre a terra, n\u00e3o apenas pelo nosso povo, por aqueles que conhecemos ou pela nossa na\u00e7\u00e3o, mas, Senhor, pelo mundo. Tu amas todas as na\u00e7\u00f5es, todas as tribos e todas as l\u00ednguas. Tu morreste por todos. Ent\u00e3o, Senhor, que possamos amar como Tu amas. Que possamos cuidar como Tu cuidas. E que possamos andar em obedi\u00eancia como o nosso incr\u00edvel modelo, Jesus. Em nome de Jesus, oramos. Am\u00e9m\u201d.<\/span><\/p>\n<\/div>\n","protected":false},"excerpt":{"rendered":"<p>Na \u00faltima segunda-feira (16), a cantora CeCe Winans convocou crist\u00e3os ao redor do mundo a se unirem em ora\u00e7\u00e3o pela paz nas na\u00e7\u00f5es em uma campanha de 20 dias que antecede a P\u00e1scoa.\u00a0 A iniciativa, chamada \u201cOre a Palavra\u201d, foi anunciada pela artista em suas redes sociais. Ao apresentar a proposta, CeCe explicou que o desejo de liderar as ora\u00e7\u00f5es di\u00e1rias surgiu ap\u00f3s refletir profundamente sobre o cen\u00e1rio mundial atual. \u201cMeu cora\u00e7\u00e3o est\u00e1 muito pesado por causa do nosso mundo e de tudo o que est\u00e1 acontecendo ao nosso redor. Acredito sinceramente que agora \u00e9 o momento de nos unirmos para buscar o Senhor\u201d, disse CeCe em suas redes sociais. A cantora informou que nos pr\u00f3ximos 20 dias ir\u00e1 conduzir ora\u00e7\u00f5es espec\u00edficas guiadas pela Palavra de Deus. \u201cCompartilharei um v\u00eddeo curto com um foco de ora\u00e7\u00e3o, provavelmente um vers\u00edculo b\u00edblico, e oraremos sobre ele. Porque quando oramos a Palavra de Deus, garantimos que estamos sempre orando segundo o cora\u00e7\u00e3o de Deus. E \u00e9 disso que precisamos desesperadamente agora\u201d, disse CeCe.\u00a0 E continuou: \u201cEnt\u00e3o, espero que voc\u00eas reservem alguns momentos para orar comigo pelo nosso mundo, pelas nossas comunidades e uns pelos outros. Que possamos nos unir confiando essas coisas ao nosso Pai Celestial que nos ouve e que est\u00e1 agindo&#8221;. Guiados pela B\u00edblia Em seguida, a artista, vencedora de v\u00e1rios pr\u00eamios, falou sobre o poder da ora\u00e7\u00e3o. Ela citou a passagem b\u00edblica de 1 Jo\u00e3o 5:14-15, que diz: \u201cE esta \u00e9 a confian\u00e7a que temos para com ele: que, se pedirmos alguma coisa segundo a sua vontade, ele nos ouve. E, se sabemos que ele nos ouve quanto ao que lhe pedimos, estamos certos de que obtemos os pedidos que lhe temos feito\u201d. CeCe iniciou o primeiro dia de ora\u00e7\u00e3o com o foco no texto b\u00edblico de 2 Cr\u00f4nicas 7:14, que destaca a necessidade do arrependimento: &#8220;Se o meu povo, que se chama pelo meu nome, se humilhar, e orar, e buscar a minha face, e se converter dos seus maus caminhos, ent\u00e3o eu ouvirei dos c\u00e9us, perdoarei os seus pecados e sararei a sua terra&#8220;.\u00a0\u00a0\u00a0 Ora\u00e7\u00e3o pelas na\u00e7\u00f5es Por fim, ela orou: \u201cPai, oramos para entendermos que somos um povo \u00fanico. Somos um povo santo, e o Senhor nos chamou para nos usar para curar nossa terra. E pedimos que cure a nossa terra. H\u00e1 muitas pessoas feridas agora, muitas pessoas quebradas que precisam do seu toque. Ent\u00e3o, Pai, ajude-nos a ser os vasos que precisamos ser, para que o Senhor possa fluir atrav\u00e9s de n\u00f3s todos os dias e realizar a obra milagrosa que s\u00f3 o Senhor pode fazer\u201d. E continuou: \u201cAgradecemos por este dom incr\u00edvel da ora\u00e7\u00e3o, um dom poderoso que pode ir longe, que pode ir aonde talvez nunca cheg\u00e1ssemos. Ent\u00e3o, n\u00f3s te agradecemos por estar despertando todo o teu povo\u201d. CeCe concluiu sua ora\u00e7\u00e3o destacando o amor de Deus pelas na\u00e7\u00f5es: \u201cDeus, n\u00f3s te agradecemos por nos posicionar para sermos usados \u200b\u200bnestes pr\u00f3ximos 20 dias e al\u00e9m. Oramos para que a Tua vontade seja feita sobre a terra, n\u00e3o apenas pelo nosso povo, por aqueles que conhecemos ou pela nossa na\u00e7\u00e3o, mas, Senhor, pelo mundo. Tu amas todas as na\u00e7\u00f5es, todas as tribos e todas as l\u00ednguas. Tu morreste por todos. Ent\u00e3o, Senhor, que possamos amar como Tu amas. Que possamos cuidar como Tu cuidas. E que possamos andar em obedi\u00eancia como o nosso incr\u00edvel modelo, Jesus. Em nome de Jesus, oramos. Am\u00e9m\u201d.<\/p>\n","protected":false},"author":1,"featured_media":11469,"comment_status":"closed","ping_status":"closed","sticky":false,"template":"","format":"standard","meta":{"footnotes":""},"categories":[12],"tags":[],"class_list":["post-11468","post","type-post","status-publish","format-standard","has-post-thumbnail","hentry","category-mundo-cristao"],"acf":[],"_links":{"self":[{"href":"https:\/\/fabricadescripts.com.br\/igrejas\/IGRE3535\/wp-json\/wp\/v2\/posts\/11468","targetHints":{"allow":["GET"]}}],"collection":[{"href":"https:\/\/fabricadescripts.com.br\/igrejas\/IGRE3535\/wp-json\/wp\/v2\/posts"}],"about":[{"href":"https:\/\/fabricadescripts.com.br\/igrejas\/IGRE3535\/wp-json\/wp\/v2\/types\/post"}],"author":[{"embeddable":true,"href":"https:\/\/fabricadescripts.com.br\/igrejas\/IGRE3535\/wp-json\/wp\/v2\/users\/1"}],"replies":[{"embeddable":true,"href":"https:\/\/fabricadescripts.com.br\/igrejas\/IGRE3535\/wp-json\/wp\/v2\/comments?post=11468"}],"version-history":[{"count":0,"href":"https:\/\/fabricadescripts.com.br\/igrejas\/IGRE3535\/wp-json\/wp\/v2\/posts\/11468\/revisions"}],"wp:featuredmedia":[{"embeddable":true,"href":"https:\/\/fabricadescripts.com.br\/igrejas\/IGRE3535\/wp-json\/wp\/v2\/media\/11469"}],"wp:attachment":[{"href":"https:\/\/fabricadescripts.com.br\/igrejas\/IGRE3535\/wp-json\/wp\/v2\/media?parent=11468"}],"wp:term":[{"taxonomy":"category","embeddable":true,"href":"https:\/\/fabricadescripts.com.br\/igrejas\/IGRE3535\/wp-json\/wp\/v2\/categories?post=11468"},{"taxonomy":"post_tag","embeddable":true,"href":"https:\/\/fabricadescripts.com.br\/igrejas\/IGRE3535\/wp-json\/wp\/v2\/tags?post=11468"}],"curies":[{"name":"wp","href":"https:\/\/api.w.org\/{rel}","templated":true}]}}