{"id":11464,"date":"2026-03-19T18:23:58","date_gmt":"2026-03-19T21:23:58","guid":{"rendered":"https:\/\/fabricadescripts.com.br\/igrejas\/IGRE3535\/eua-fim-de-exigencia-de-ideologia-de-genero-na-adocao-amplia-acesso-a-cristaos\/"},"modified":"2026-03-19T18:23:58","modified_gmt":"2026-03-19T21:23:58","slug":"eua-fim-de-exigencia-de-ideologia-de-genero-na-adocao-amplia-acesso-a-cristaos","status":"publish","type":"post","link":"https:\/\/fabricadescripts.com.br\/igrejas\/IGRE3535\/eua-fim-de-exigencia-de-ideologia-de-genero-na-adocao-amplia-acesso-a-cristaos\/","title":{"rendered":"EUA: Fim de exig\u00eancia de \u2018ideologia de g\u00eanero\u2019 na ado\u00e7\u00e3o amplia acesso a crist\u00e3os"},"content":{"rendered":"<div>\n<p>O governo Trump anulou uma regra criada no governo Biden que exigia que pais adotivos em potencial apoiassem a <span><strong>transi\u00e7\u00e3o de g\u00eanero<\/strong><\/span> ou a identidade LGBT de seus futuros filhos.<\/p>\n<p>O Di\u00e1rio Oficial Federal publicou um Aviso de Proposta de Regulamenta\u00e7\u00e3o com o objetivo de revogar oficialmente a norma de 2022 intitulada \u201cRequisitos de Coloca\u00e7\u00e3o Designada nos termos dos T\u00edtulos IV\u2011E e IV\u2011B para Crian\u00e7as LGBTQI+\u201d.<\/p>\n<p>Comentando o assunto, <span><strong>Franklin Graham<\/strong><\/span>, presidente da Associa\u00e7\u00e3o Evangel\u00edstica Billy Graham, declarou:<\/p>\n<p>\u201cEssa regra da administra\u00e7\u00e3o Biden havia desqualificado muitos crist\u00e3os amorosos de serem pais adotivos e contribu\u00eddo para a grave escassez de lares adotivos em nosso pa\u00eds\u201d.<\/p>\n<blockquote>\n<p dir=\"ltr\" lang=\"en\">Thank you President Trump for helping families of faith to be able to foster children again! President Trump just did away with a Biden-era rule that required foster parents to prove they would support a gender transition or the LGBTQ identity of foster children. This Biden\u2026<\/p>\n<p>  \u2014 Franklin Graham (@Franklin_Graham) March 16, 2026<\/p><\/blockquote>\n<p>Para ele, a nova determina\u00e7\u00e3o federal significa \u201cuma grande vit\u00f3ria para as crian\u00e7as necessitadas\u201d.<\/p>\n<p><strong>Sem financiamento federal<\/strong><\/p>\n<p>Em uma carta de advert\u00eancia enviada aos 50 estados, o governo federal informou que estados que recebem financiamento federal para assist\u00eancia \u00e0 inf\u00e2ncia n\u00e3o podem retirar crian\u00e7as de lares adotivos sem \u201cevid\u00eancias objetivas de dano ou risco iminente\u201d.<\/p>\n<p>Segundo a norma proposta, busca \u201cgarantir clareza para o p\u00fablico e as entidades reguladas\u201d ao revogar os requisitos, uma vez que isso \u201celiminar\u00e1 qualquer incerteza\u201d.<\/p>\n<p>Alex Adams, secret\u00e1rio-adjunto da Administra\u00e7\u00e3o para Crian\u00e7as e Fam\u00edlias (ACF), comentou a mudan\u00e7a em entrevista \u00e0 Fox News Digital.<\/p>\n<p>\u201cExistem 57 lares para cada 100 crian\u00e7as que entram no sistema\u201d, disse Adams. \u201cPodemos fazer melhor, e devemos fazer melhor, e devemos fazer mais para enviar uma mensagem acolhedora de que o tapete vermelho ser\u00e1 estendido a todas as fam\u00edlias dispostas a dar um passo \u00e0 frente e acolher uma crian\u00e7a em sua casa, abrindo seus cora\u00e7\u00f5es e suas casas para essas crian\u00e7as.\u201d\u00a0<\/p>\n<p>De acordo com o comunicado, a norma revogada \u201cexcedia a autoridade legal do Departamento de Sa\u00fade e Servi\u00e7os Humanos e estava em desacordo com o texto do T\u00edtulo IV\u2011E\u201d.<\/p>\n<p><strong>Fam\u00edlias de acolhimento<\/strong><\/p>\n<p>Adams afirmou que o n\u00famero de fam\u00edlias de acolhimento nos EUA caiu de forma acentuada, registrando uma redu\u00e7\u00e3o recorde em rela\u00e7\u00e3o ao ano anterior, e que a regra acabou excluindo muitos pais religiosos do sistema.<\/p>\n<p>\u201cAs fam\u00edlias com maior probabilidade de se voluntariarem para acolher crian\u00e7as s\u00e3o aquelas que t\u00eam convic\u00e7\u00f5es religiosas sinceras\u201d, disse Adams.<\/p>\n<p>\u201cPortanto, a mensagem que voc\u00eas transmitem \u00e9 muito importante. A mensagem que estamos tentando transmitir \u00e9 que vamos receber a todos de bra\u00e7os abertos. Precisamos de mais lares de acolhimento.\u201d<\/p>\n<p>A medida foi adotada ap\u00f3s uma ordem executiva de Trump, emitida em novembro, que deu ao Departamento de Sa\u00fade e Servi\u00e7os Humanos 180 dias para modernizar o sistema de acolhimento familiar e ampliar parcerias com cidad\u00e3os religiosos.<\/p>\n<p>Em declara\u00e7\u00e3o anterior, Adams e a ACF informaram aos estados que suspenderiam quaisquer a\u00e7\u00f5es estaduais que classificassem como abuso ou neglig\u00eancia as decis\u00f5es de pais adotivos de tratar crian\u00e7as de acordo com seu sexo biol\u00f3gico.<\/p>\n<p>\u201cBasicamente, estamos alertando os estados de que, se violarem nossa interpreta\u00e7\u00e3o de abuso ou neglig\u00eancia, tomaremos as medidas cab\u00edveis, que podem incluir a suspens\u00e3o dos fundos do CAPTA\u201d, explicou Adams.\u00a0<\/p>\n<\/p><\/div>\n","protected":false},"excerpt":{"rendered":"<p>O governo Trump anulou uma regra criada no governo Biden que exigia que pais adotivos em potencial apoiassem a transi\u00e7\u00e3o de g\u00eanero ou a identidade LGBT de seus futuros filhos. O Di\u00e1rio Oficial Federal publicou um Aviso de Proposta de Regulamenta\u00e7\u00e3o com o objetivo de revogar oficialmente a norma de 2022 intitulada \u201cRequisitos de Coloca\u00e7\u00e3o Designada nos termos dos T\u00edtulos IV\u2011E e IV\u2011B para Crian\u00e7as LGBTQI+\u201d. Comentando o assunto, Franklin Graham, presidente da Associa\u00e7\u00e3o Evangel\u00edstica Billy Graham, declarou: \u201cEssa regra da administra\u00e7\u00e3o Biden havia desqualificado muitos crist\u00e3os amorosos de serem pais adotivos e contribu\u00eddo para a grave escassez de lares adotivos em nosso pa\u00eds\u201d. Thank you President Trump for helping families of faith to be able to foster children again! President Trump just did away with a Biden-era rule that required foster parents to prove they would support a gender transition or the LGBTQ identity of foster children. This Biden\u2026 \u2014 Franklin Graham (@Franklin_Graham) March 16, 2026 Para ele, a nova determina\u00e7\u00e3o federal significa \u201cuma grande vit\u00f3ria para as crian\u00e7as necessitadas\u201d. Sem financiamento federal Em uma carta de advert\u00eancia enviada aos 50 estados, o governo federal informou que estados que recebem financiamento federal para assist\u00eancia \u00e0 inf\u00e2ncia n\u00e3o podem retirar crian\u00e7as de lares adotivos sem \u201cevid\u00eancias objetivas de dano ou risco iminente\u201d. Segundo a norma proposta, busca \u201cgarantir clareza para o p\u00fablico e as entidades reguladas\u201d ao revogar os requisitos, uma vez que isso \u201celiminar\u00e1 qualquer incerteza\u201d. Alex Adams, secret\u00e1rio-adjunto da Administra\u00e7\u00e3o para Crian\u00e7as e Fam\u00edlias (ACF), comentou a mudan\u00e7a em entrevista \u00e0 Fox News Digital. \u201cExistem 57 lares para cada 100 crian\u00e7as que entram no sistema\u201d, disse Adams. \u201cPodemos fazer melhor, e devemos fazer melhor, e devemos fazer mais para enviar uma mensagem acolhedora de que o tapete vermelho ser\u00e1 estendido a todas as fam\u00edlias dispostas a dar um passo \u00e0 frente e acolher uma crian\u00e7a em sua casa, abrindo seus cora\u00e7\u00f5es e suas casas para essas crian\u00e7as.\u201d\u00a0 De acordo com o comunicado, a norma revogada \u201cexcedia a autoridade legal do Departamento de Sa\u00fade e Servi\u00e7os Humanos e estava em desacordo com o texto do T\u00edtulo IV\u2011E\u201d. Fam\u00edlias de acolhimento Adams afirmou que o n\u00famero de fam\u00edlias de acolhimento nos EUA caiu de forma acentuada, registrando uma redu\u00e7\u00e3o recorde em rela\u00e7\u00e3o ao ano anterior, e que a regra acabou excluindo muitos pais religiosos do sistema. \u201cAs fam\u00edlias com maior probabilidade de se voluntariarem para acolher crian\u00e7as s\u00e3o aquelas que t\u00eam convic\u00e7\u00f5es religiosas sinceras\u201d, disse Adams. \u201cPortanto, a mensagem que voc\u00eas transmitem \u00e9 muito importante. A mensagem que estamos tentando transmitir \u00e9 que vamos receber a todos de bra\u00e7os abertos. Precisamos de mais lares de acolhimento.\u201d A medida foi adotada ap\u00f3s uma ordem executiva de Trump, emitida em novembro, que deu ao Departamento de Sa\u00fade e Servi\u00e7os Humanos 180 dias para modernizar o sistema de acolhimento familiar e ampliar parcerias com cidad\u00e3os religiosos. Em declara\u00e7\u00e3o anterior, Adams e a ACF informaram aos estados que suspenderiam quaisquer a\u00e7\u00f5es estaduais que classificassem como abuso ou neglig\u00eancia as decis\u00f5es de pais adotivos de tratar crian\u00e7as de acordo com seu sexo biol\u00f3gico. \u201cBasicamente, estamos alertando os estados de que, se violarem nossa interpreta\u00e7\u00e3o de abuso ou neglig\u00eancia, tomaremos as medidas cab\u00edveis, que podem incluir a suspens\u00e3o dos fundos do CAPTA\u201d, explicou Adams.\u00a0<\/p>\n","protected":false},"author":1,"featured_media":11465,"comment_status":"closed","ping_status":"closed","sticky":false,"template":"","format":"standard","meta":{"footnotes":""},"categories":[11],"tags":[],"class_list":["post-11464","post","type-post","status-publish","format-standard","has-post-thumbnail","hentry","category-brasil"],"acf":[],"_links":{"self":[{"href":"https:\/\/fabricadescripts.com.br\/igrejas\/IGRE3535\/wp-json\/wp\/v2\/posts\/11464","targetHints":{"allow":["GET"]}}],"collection":[{"href":"https:\/\/fabricadescripts.com.br\/igrejas\/IGRE3535\/wp-json\/wp\/v2\/posts"}],"about":[{"href":"https:\/\/fabricadescripts.com.br\/igrejas\/IGRE3535\/wp-json\/wp\/v2\/types\/post"}],"author":[{"embeddable":true,"href":"https:\/\/fabricadescripts.com.br\/igrejas\/IGRE3535\/wp-json\/wp\/v2\/users\/1"}],"replies":[{"embeddable":true,"href":"https:\/\/fabricadescripts.com.br\/igrejas\/IGRE3535\/wp-json\/wp\/v2\/comments?post=11464"}],"version-history":[{"count":0,"href":"https:\/\/fabricadescripts.com.br\/igrejas\/IGRE3535\/wp-json\/wp\/v2\/posts\/11464\/revisions"}],"wp:featuredmedia":[{"embeddable":true,"href":"https:\/\/fabricadescripts.com.br\/igrejas\/IGRE3535\/wp-json\/wp\/v2\/media\/11465"}],"wp:attachment":[{"href":"https:\/\/fabricadescripts.com.br\/igrejas\/IGRE3535\/wp-json\/wp\/v2\/media?parent=11464"}],"wp:term":[{"taxonomy":"category","embeddable":true,"href":"https:\/\/fabricadescripts.com.br\/igrejas\/IGRE3535\/wp-json\/wp\/v2\/categories?post=11464"},{"taxonomy":"post_tag","embeddable":true,"href":"https:\/\/fabricadescripts.com.br\/igrejas\/IGRE3535\/wp-json\/wp\/v2\/tags?post=11464"}],"curies":[{"name":"wp","href":"https:\/\/api.w.org\/{rel}","templated":true}]}}