{"id":11446,"date":"2026-03-18T11:08:36","date_gmt":"2026-03-18T14:08:36","guid":{"rendered":"https:\/\/fabricadescripts.com.br\/igrejas\/IGRE3535\/pastor-e-preso-em-cuba-apos-pregar-em-live-no-youtube\/"},"modified":"2026-03-18T11:08:36","modified_gmt":"2026-03-18T14:08:36","slug":"pastor-e-preso-em-cuba-apos-pregar-em-live-no-youtube","status":"publish","type":"post","link":"https:\/\/fabricadescripts.com.br\/igrejas\/IGRE3535\/pastor-e-preso-em-cuba-apos-pregar-em-live-no-youtube\/","title":{"rendered":"Pastor \u00e9 preso em Cuba ap\u00f3s pregar em live no YouTube"},"content":{"rendered":"<div>\n<p><span>O pastor Rolando P\u00e9rez Lora foi detido ap\u00f3s pregar em uma live no YouTube, em <\/span><span><strong>Cuba<\/strong><\/span><span>, na semana passada.<\/span><\/p>\n<p><span>Segundo o Evangelical Digital, na \u00faltima sexta-feira (13), o l\u00edder realizou uma live para ministrar uma mensagem b\u00edblica. Rolando falou sobre amor e esperan\u00e7a, e n\u00e3o abordou quest\u00f5es pol\u00edticas.<\/span><\/p>\n<p><span>Horas depois, o pastor estava saindo de casa para ir \u00e0 <\/span><span><strong>igreja<\/strong><\/span><span>, quando policiais o detiveram, na prov\u00edncia de Matanzas.<\/span><\/p>\n<p><span>Os agentes estavam aguardando em frente a resid\u00eancia, sugerindo que a opera\u00e7\u00e3o foi planejada com anteced\u00eancia.<\/span><\/p>\n<p><span>Rolando foi levado pela pol\u00edcia na frente dos filhos. Ap\u00f3s ser mantido sob cust\u00f3dia por muitas horas, o pastor foi libertado sem enfrentar acusa\u00e7\u00f5es. De acordo com a fam\u00edlia do l\u00edder, as autoridades n\u00e3o informaram o motivo da deten\u00e7\u00e3o.\u00a0<\/span><\/p>\n<p><span>O v\u00eddeo do momento da pris\u00e3o de Rolando P\u00e9rez foi compartilhado nas redes sociais, provocando rea\u00e7\u00f5es dentro e fora de Cuba. Comunidades evang\u00e9licas e grupos de direitos humanos divulgaram declara\u00e7\u00f5es de solidariedade ao pastor.<\/span><\/p>\n<blockquote data-instgrm-captioned data-instgrm-permalink=\"https:\/\/www.instagram.com\/reel\/DV6BLjjkTC8\/?utm_source=ig_embed&#038;utm_campaign=loading\" data-instgrm-version=\"14\"><\/blockquote>\n<p><strong>L\u00edderes crist\u00e3os reprimidos<\/strong><\/p>\n<p><span>A deten\u00e7\u00e3o de Rolando \u00e9 mais um caso de <\/span><span><strong>viola\u00e7\u00e3o da liberdade religiosa<\/strong><\/span><span> no pa\u00eds comunista.\u00a0<\/span><\/p>\n<p><span>Igrejas independentes e l\u00edderes crist\u00e3os que usam plataformas digitais para compartilhar o Evangelho t\u00eam enfrentado repress\u00e3o do governo cubano.<\/span><\/p>\n<p><span>Em fevereiro deste ano, foram registradas 231 a\u00e7\u00f5es repressivas contra l\u00edderes religiosos em Cuba, conforme o Observat\u00f3rio Cubano de Direitos Humanos (OCDH).<\/span><\/p>\n<p><span>Em 2024, a Alian\u00e7a dos Crist\u00e3os de Cuba documentou 996 a\u00e7\u00f5es repressivas contra l\u00edderes crist\u00e3os.<\/span><\/p>\n<p><strong>Persegui\u00e7\u00e3o em Cuba<\/strong><\/p>\n<p><span>Segundo o Banco de Dados Crist\u00e3o Mundial, cerca de 85% dos cubanos se identificam como crist\u00e3os. A maioria \u00e9 cat\u00f3lica e cerca de 11% s\u00e3o evang\u00e9licos.<\/span><\/p>\n<p><span>No pa\u00eds, os crist\u00e3os enfrentam deten\u00e7\u00f5es arbitr\u00e1rias, amea\u00e7as e ass\u00e9dio. Participar de cultos \u00e9 permitido, mas novas igrejas n\u00e3o podem ser abertas.<\/span><\/p>\n<p><span>Diante da repress\u00e3o, milhares de seguidores de Jesus t\u00eam encontrado abrigo espiritual nas chamadas igrejas dom\u00e9sticas.<\/span><\/p>\n<p><span>Mesmo sob vigil\u00e2ncia constante, essas pequenas comunidades continuam a se multiplicar e se tornam fundamentais para manter viva a f\u00e9 na ilha.<\/span><\/p>\n<p><span>As igrejas dom\u00e9sticas s\u00e3o grupos crist\u00e3os que se re\u00fanem para realizar cultos dentro das casas de pastores ou de membros da comunidade.<\/span><\/p>\n<p><span>De acordo com dados da associa\u00e7\u00e3o ASCE Cuba, h\u00e1 entre 20 mil e 30 mil dessas igrejas ativas no pa\u00eds. Elas funcionam sem placas, sem autoriza\u00e7\u00e3o oficial e, muitas vezes, enfrentam o constante risco de repress\u00e3o governamental.<\/span><\/p>\n<p><span>Cuba ocupa o 24\u00b0 lugar da Lista Mundial da Persegui\u00e7\u00e3o 2026 da Miss\u00e3o Portas Abertas.<\/span><\/p>\n<\/div>\n","protected":false},"excerpt":{"rendered":"<p>O pastor Rolando P\u00e9rez Lora foi detido ap\u00f3s pregar em uma live no YouTube, em Cuba, na semana passada. Segundo o Evangelical Digital, na \u00faltima sexta-feira (13), o l\u00edder realizou uma live para ministrar uma mensagem b\u00edblica. Rolando falou sobre amor e esperan\u00e7a, e n\u00e3o abordou quest\u00f5es pol\u00edticas. Horas depois, o pastor estava saindo de casa para ir \u00e0 igreja, quando policiais o detiveram, na prov\u00edncia de Matanzas. Os agentes estavam aguardando em frente a resid\u00eancia, sugerindo que a opera\u00e7\u00e3o foi planejada com anteced\u00eancia. Rolando foi levado pela pol\u00edcia na frente dos filhos. Ap\u00f3s ser mantido sob cust\u00f3dia por muitas horas, o pastor foi libertado sem enfrentar acusa\u00e7\u00f5es. De acordo com a fam\u00edlia do l\u00edder, as autoridades n\u00e3o informaram o motivo da deten\u00e7\u00e3o.\u00a0 O v\u00eddeo do momento da pris\u00e3o de Rolando P\u00e9rez foi compartilhado nas redes sociais, provocando rea\u00e7\u00f5es dentro e fora de Cuba. Comunidades evang\u00e9licas e grupos de direitos humanos divulgaram declara\u00e7\u00f5es de solidariedade ao pastor. L\u00edderes crist\u00e3os reprimidos A deten\u00e7\u00e3o de Rolando \u00e9 mais um caso de viola\u00e7\u00e3o da liberdade religiosa no pa\u00eds comunista.\u00a0 Igrejas independentes e l\u00edderes crist\u00e3os que usam plataformas digitais para compartilhar o Evangelho t\u00eam enfrentado repress\u00e3o do governo cubano. Em fevereiro deste ano, foram registradas 231 a\u00e7\u00f5es repressivas contra l\u00edderes religiosos em Cuba, conforme o Observat\u00f3rio Cubano de Direitos Humanos (OCDH). Em 2024, a Alian\u00e7a dos Crist\u00e3os de Cuba documentou 996 a\u00e7\u00f5es repressivas contra l\u00edderes crist\u00e3os. Persegui\u00e7\u00e3o em Cuba Segundo o Banco de Dados Crist\u00e3o Mundial, cerca de 85% dos cubanos se identificam como crist\u00e3os. A maioria \u00e9 cat\u00f3lica e cerca de 11% s\u00e3o evang\u00e9licos. No pa\u00eds, os crist\u00e3os enfrentam deten\u00e7\u00f5es arbitr\u00e1rias, amea\u00e7as e ass\u00e9dio. Participar de cultos \u00e9 permitido, mas novas igrejas n\u00e3o podem ser abertas. Diante da repress\u00e3o, milhares de seguidores de Jesus t\u00eam encontrado abrigo espiritual nas chamadas igrejas dom\u00e9sticas. Mesmo sob vigil\u00e2ncia constante, essas pequenas comunidades continuam a se multiplicar e se tornam fundamentais para manter viva a f\u00e9 na ilha. As igrejas dom\u00e9sticas s\u00e3o grupos crist\u00e3os que se re\u00fanem para realizar cultos dentro das casas de pastores ou de membros da comunidade. De acordo com dados da associa\u00e7\u00e3o ASCE Cuba, h\u00e1 entre 20 mil e 30 mil dessas igrejas ativas no pa\u00eds. Elas funcionam sem placas, sem autoriza\u00e7\u00e3o oficial e, muitas vezes, enfrentam o constante risco de repress\u00e3o governamental. Cuba ocupa o 24\u00b0 lugar da Lista Mundial da Persegui\u00e7\u00e3o 2026 da Miss\u00e3o Portas Abertas.<\/p>\n","protected":false},"author":1,"featured_media":11447,"comment_status":"closed","ping_status":"closed","sticky":false,"template":"","format":"standard","meta":{"footnotes":""},"categories":[11],"tags":[],"class_list":["post-11446","post","type-post","status-publish","format-standard","has-post-thumbnail","hentry","category-brasil"],"acf":[],"_links":{"self":[{"href":"https:\/\/fabricadescripts.com.br\/igrejas\/IGRE3535\/wp-json\/wp\/v2\/posts\/11446","targetHints":{"allow":["GET"]}}],"collection":[{"href":"https:\/\/fabricadescripts.com.br\/igrejas\/IGRE3535\/wp-json\/wp\/v2\/posts"}],"about":[{"href":"https:\/\/fabricadescripts.com.br\/igrejas\/IGRE3535\/wp-json\/wp\/v2\/types\/post"}],"author":[{"embeddable":true,"href":"https:\/\/fabricadescripts.com.br\/igrejas\/IGRE3535\/wp-json\/wp\/v2\/users\/1"}],"replies":[{"embeddable":true,"href":"https:\/\/fabricadescripts.com.br\/igrejas\/IGRE3535\/wp-json\/wp\/v2\/comments?post=11446"}],"version-history":[{"count":0,"href":"https:\/\/fabricadescripts.com.br\/igrejas\/IGRE3535\/wp-json\/wp\/v2\/posts\/11446\/revisions"}],"wp:featuredmedia":[{"embeddable":true,"href":"https:\/\/fabricadescripts.com.br\/igrejas\/IGRE3535\/wp-json\/wp\/v2\/media\/11447"}],"wp:attachment":[{"href":"https:\/\/fabricadescripts.com.br\/igrejas\/IGRE3535\/wp-json\/wp\/v2\/media?parent=11446"}],"wp:term":[{"taxonomy":"category","embeddable":true,"href":"https:\/\/fabricadescripts.com.br\/igrejas\/IGRE3535\/wp-json\/wp\/v2\/categories?post=11446"},{"taxonomy":"post_tag","embeddable":true,"href":"https:\/\/fabricadescripts.com.br\/igrejas\/IGRE3535\/wp-json\/wp\/v2\/tags?post=11446"}],"curies":[{"name":"wp","href":"https:\/\/api.w.org\/{rel}","templated":true}]}}