{"id":11434,"date":"2026-03-17T10:01:58","date_gmt":"2026-03-17T13:01:58","guid":{"rendered":"https:\/\/fabricadescripts.com.br\/igrejas\/IGRE3535\/andre-mendonca-recebeu-profecia-em-igreja-antes-de-chegar-ao-stf-leis-serao-mudadas\/"},"modified":"2026-03-17T10:01:58","modified_gmt":"2026-03-17T13:01:58","slug":"andre-mendonca-recebeu-profecia-em-igreja-antes-de-chegar-ao-stf-leis-serao-mudadas","status":"publish","type":"post","link":"https:\/\/fabricadescripts.com.br\/igrejas\/IGRE3535\/andre-mendonca-recebeu-profecia-em-igreja-antes-de-chegar-ao-stf-leis-serao-mudadas\/","title":{"rendered":"Andr\u00e9 Mendon\u00e7a recebeu profecia em igreja antes de chegar ao STF: \u2018Leis ser\u00e3o mudadas\u2019"},"content":{"rendered":"<div>\n<p>O ministro do Supremo Tribunal Federal (STF), <span><strong>Andr\u00e9 Mendon\u00e7a<\/strong><\/span>, aparece em um v\u00eddeo onde compartilha um testemunho pessoal que, segundo ele, antecedeu em quase tr\u00eas d\u00e9cadas sua chegada a uma das mais altas posi\u00e7\u00f5es do Poder Judici\u00e1rio brasileiro.<\/p>\n<p>Durante uma fala p\u00fablica em uma <span><strong>igreja evang\u00e9lica<\/strong><\/span>, o magistrado conta sobre uma experi\u00eancia vivida h\u00e1 cerca de 28 anos, quando ainda morava em Londrina (PR) e n\u00e3o imaginava que um dia ocuparia cargos de grande relev\u00e2ncia nacional.<\/p>\n<p>Segundo Mendon\u00e7a, tudo aconteceu durante um culto em uma igreja onde ele sequer era membro. Sentado em uma galeria no andar superior, ele acompanhava a prega\u00e7\u00e3o com certa desconfian\u00e7a sobre o que estava sendo dito.<\/p>\n<p>\u201cH\u00e1 28 anos, mais ou menos, eu assisti um culto numa galeria ali em cima, numa igreja talvez tr\u00eas vezes maior que essa. O pregador n\u00e3o podia me ver, nem me conhecia, porque n\u00e3o era a igreja que eu frequentava.\u201d<\/p>\n<blockquote data-instgrm-captioned data-instgrm-permalink=\"https:\/\/www.instagram.com\/reel\/DU3jDUnjipY\/?utm_source=ig_embed&#038;utm_campaign=loading\" data-instgrm-version=\"14\"><\/blockquote>\n<p>O ministro contou que, enquanto ouvia a mensagem, questionava interiormente as palavras do pregador. Apenas ele e Deus, segundo relata, sabiam da d\u00favida que carregava naquele momento.<\/p>\n<p>\u201cEm certo momento da palavra, duvidando no meu cora\u00e7\u00e3o daquilo que o pregador dizia \u2013 n\u00e3o que ele estivesse dizendo algo para mim \u2013 mas duvidando da forma como ele pregava, e s\u00f3 eu e Deus sab\u00edamos que eu estava com aquilo no cora\u00e7\u00e3o em rela\u00e7\u00e3o a ele.\u201d<\/p>\n<p>Foi ent\u00e3o que, de acordo com o relato, algo inesperado aconteceu. O pregador interrompeu a exposi\u00e7\u00e3o e fez uma declara\u00e7\u00e3o que o atingiu diretamente.<\/p>\n<p>\u201cEu com a B\u00edblia aberta enquanto ele pregava, em que ele pudesse me ver. Ele disse: \u2018E voc\u00ea a\u00ed que est\u00e1 duvidando do que eu estou falando?\u2019 Eu fechei a B\u00edblia, com medo. Ele continuou: \u2018\u00c9 com voc\u00ea mesmo que eu vou falar.\u2019\u201d<\/p>\n<p><strong>Uma palavra sobre o futuro<\/strong><\/p>\n<p>De acordo com Mendon\u00e7a, naquele momento o pregador fez uma afirma\u00e7\u00e3o que parecia improv\u00e1vel para sua realidade na \u00e9poca. Ele lembra que vivia em Londrina e sequer conhecia Bras\u00edlia.<\/p>\n<p>\u201cEu morava em Londrina, nem Bras\u00edlia eu conhecia. Meu filho nem nascido era.\u201d<\/p>\n<p>Mesmo assim, o pregador declarou algo que Mendon\u00e7a interpretou posteriormente como uma <span><strong>palavra prof\u00e9tica<\/strong><\/span> sobre seu futuro.<\/p>\n<p>\u201cUm dia voc\u00ea vai ocupar uma posi\u00e7\u00e3o neste pa\u00eds em que leis ser\u00e3o mudadas por sua causa.\u201d<\/p>\n<p>Ele destacou ainda que o pregador n\u00e3o tinha qualquer motivo para agrad\u00e1-lo, j\u00e1 que ele pr\u00f3prio estava desconfiado da mensagem.<\/p>\n<p>\u201cEle n\u00e3o precisava me agradar, porque eu estava duvidando dele.\u201d<\/p>\n<p><strong>Da profecia \u00e0 alta Corte<\/strong><\/p>\n<p>Anos depois daquele epis\u00f3dio, Mendon\u00e7a seguiria uma trajet\u00f3ria que o levaria a cargos importantes na vida p\u00fablica brasileira.<\/p>\n<p>Ele foi ministro da Justi\u00e7a e, posteriormente, indicado para o Supremo Tribunal Federal pelo ent\u00e3o presidente Jair Bolsonaro, tomando posse em 2021.<\/p>\n<p>Pastor-adjunto da Igreja Presbiteriana de Pinheiros, em S\u00e3o Paulo, Andr\u00e9 Mendon\u00e7a costuma mencionar publicamente sua f\u00e9.<\/p>\n<p>Durante sua indica\u00e7\u00e3o ao Supremo Tribunal Federal, ele passou a ser associado \u00e0 promessa do ent\u00e3o presidente Bolsonaro de indicar para a Corte um ministro \u201cterrivelmente evang\u00e9lico\u201d, express\u00e3o que ganhou ampla repercuss\u00e3o no debate p\u00fablico.<\/p>\n<\/div>\n","protected":false},"excerpt":{"rendered":"<p>O ministro do Supremo Tribunal Federal (STF), Andr\u00e9 Mendon\u00e7a, aparece em um v\u00eddeo onde compartilha um testemunho pessoal que, segundo ele, antecedeu em quase tr\u00eas d\u00e9cadas sua chegada a uma das mais altas posi\u00e7\u00f5es do Poder Judici\u00e1rio brasileiro. Durante uma fala p\u00fablica em uma igreja evang\u00e9lica, o magistrado conta sobre uma experi\u00eancia vivida h\u00e1 cerca de 28 anos, quando ainda morava em Londrina (PR) e n\u00e3o imaginava que um dia ocuparia cargos de grande relev\u00e2ncia nacional. Segundo Mendon\u00e7a, tudo aconteceu durante um culto em uma igreja onde ele sequer era membro. Sentado em uma galeria no andar superior, ele acompanhava a prega\u00e7\u00e3o com certa desconfian\u00e7a sobre o que estava sendo dito. \u201cH\u00e1 28 anos, mais ou menos, eu assisti um culto numa galeria ali em cima, numa igreja talvez tr\u00eas vezes maior que essa. O pregador n\u00e3o podia me ver, nem me conhecia, porque n\u00e3o era a igreja que eu frequentava.\u201d O ministro contou que, enquanto ouvia a mensagem, questionava interiormente as palavras do pregador. Apenas ele e Deus, segundo relata, sabiam da d\u00favida que carregava naquele momento. \u201cEm certo momento da palavra, duvidando no meu cora\u00e7\u00e3o daquilo que o pregador dizia \u2013 n\u00e3o que ele estivesse dizendo algo para mim \u2013 mas duvidando da forma como ele pregava, e s\u00f3 eu e Deus sab\u00edamos que eu estava com aquilo no cora\u00e7\u00e3o em rela\u00e7\u00e3o a ele.\u201d Foi ent\u00e3o que, de acordo com o relato, algo inesperado aconteceu. O pregador interrompeu a exposi\u00e7\u00e3o e fez uma declara\u00e7\u00e3o que o atingiu diretamente. \u201cEu com a B\u00edblia aberta enquanto ele pregava, em que ele pudesse me ver. Ele disse: \u2018E voc\u00ea a\u00ed que est\u00e1 duvidando do que eu estou falando?\u2019 Eu fechei a B\u00edblia, com medo. Ele continuou: \u2018\u00c9 com voc\u00ea mesmo que eu vou falar.\u2019\u201d Uma palavra sobre o futuro De acordo com Mendon\u00e7a, naquele momento o pregador fez uma afirma\u00e7\u00e3o que parecia improv\u00e1vel para sua realidade na \u00e9poca. Ele lembra que vivia em Londrina e sequer conhecia Bras\u00edlia. \u201cEu morava em Londrina, nem Bras\u00edlia eu conhecia. Meu filho nem nascido era.\u201d Mesmo assim, o pregador declarou algo que Mendon\u00e7a interpretou posteriormente como uma palavra prof\u00e9tica sobre seu futuro. \u201cUm dia voc\u00ea vai ocupar uma posi\u00e7\u00e3o neste pa\u00eds em que leis ser\u00e3o mudadas por sua causa.\u201d Ele destacou ainda que o pregador n\u00e3o tinha qualquer motivo para agrad\u00e1-lo, j\u00e1 que ele pr\u00f3prio estava desconfiado da mensagem. \u201cEle n\u00e3o precisava me agradar, porque eu estava duvidando dele.\u201d Da profecia \u00e0 alta Corte Anos depois daquele epis\u00f3dio, Mendon\u00e7a seguiria uma trajet\u00f3ria que o levaria a cargos importantes na vida p\u00fablica brasileira. Ele foi ministro da Justi\u00e7a e, posteriormente, indicado para o Supremo Tribunal Federal pelo ent\u00e3o presidente Jair Bolsonaro, tomando posse em 2021. Pastor-adjunto da Igreja Presbiteriana de Pinheiros, em S\u00e3o Paulo, Andr\u00e9 Mendon\u00e7a costuma mencionar publicamente sua f\u00e9. Durante sua indica\u00e7\u00e3o ao Supremo Tribunal Federal, ele passou a ser associado \u00e0 promessa do ent\u00e3o presidente Bolsonaro de indicar para a Corte um ministro \u201cterrivelmente evang\u00e9lico\u201d, express\u00e3o que ganhou ampla repercuss\u00e3o no debate p\u00fablico.<\/p>\n","protected":false},"author":1,"featured_media":11435,"comment_status":"closed","ping_status":"closed","sticky":false,"template":"","format":"standard","meta":{"footnotes":""},"categories":[12],"tags":[],"class_list":["post-11434","post","type-post","status-publish","format-standard","has-post-thumbnail","hentry","category-mundo-cristao"],"acf":[],"_links":{"self":[{"href":"https:\/\/fabricadescripts.com.br\/igrejas\/IGRE3535\/wp-json\/wp\/v2\/posts\/11434","targetHints":{"allow":["GET"]}}],"collection":[{"href":"https:\/\/fabricadescripts.com.br\/igrejas\/IGRE3535\/wp-json\/wp\/v2\/posts"}],"about":[{"href":"https:\/\/fabricadescripts.com.br\/igrejas\/IGRE3535\/wp-json\/wp\/v2\/types\/post"}],"author":[{"embeddable":true,"href":"https:\/\/fabricadescripts.com.br\/igrejas\/IGRE3535\/wp-json\/wp\/v2\/users\/1"}],"replies":[{"embeddable":true,"href":"https:\/\/fabricadescripts.com.br\/igrejas\/IGRE3535\/wp-json\/wp\/v2\/comments?post=11434"}],"version-history":[{"count":0,"href":"https:\/\/fabricadescripts.com.br\/igrejas\/IGRE3535\/wp-json\/wp\/v2\/posts\/11434\/revisions"}],"wp:featuredmedia":[{"embeddable":true,"href":"https:\/\/fabricadescripts.com.br\/igrejas\/IGRE3535\/wp-json\/wp\/v2\/media\/11435"}],"wp:attachment":[{"href":"https:\/\/fabricadescripts.com.br\/igrejas\/IGRE3535\/wp-json\/wp\/v2\/media?parent=11434"}],"wp:term":[{"taxonomy":"category","embeddable":true,"href":"https:\/\/fabricadescripts.com.br\/igrejas\/IGRE3535\/wp-json\/wp\/v2\/categories?post=11434"},{"taxonomy":"post_tag","embeddable":true,"href":"https:\/\/fabricadescripts.com.br\/igrejas\/IGRE3535\/wp-json\/wp\/v2\/tags?post=11434"}],"curies":[{"name":"wp","href":"https:\/\/api.w.org\/{rel}","templated":true}]}}