{"id":11430,"date":"2026-03-17T10:02:00","date_gmt":"2026-03-17T13:02:00","guid":{"rendered":"https:\/\/fabricadescripts.com.br\/igrejas\/IGRE3535\/menino-iraniano-de-6-anos-ora-por-criancas-de-seu-pais-deus-de-forca-a-elas\/"},"modified":"2026-03-17T10:02:00","modified_gmt":"2026-03-17T13:02:00","slug":"menino-iraniano-de-6-anos-ora-por-criancas-de-seu-pais-deus-de-forca-a-elas","status":"publish","type":"post","link":"https:\/\/fabricadescripts.com.br\/igrejas\/IGRE3535\/menino-iraniano-de-6-anos-ora-por-criancas-de-seu-pais-deus-de-forca-a-elas\/","title":{"rendered":"Menino iraniano de 6 anos ora por crian\u00e7as de seu pa\u00eds: \u2018Deus, d\u00ea for\u00e7a a elas&#8217;"},"content":{"rendered":"<div>\n<p><span>Em meio \u00e0 escalada da guerra entre <\/span><strong><span>Ir\u00e3<\/span> <\/strong><span>e Israel, um menino de 6 anos emocionou milhares de pessoas ao orar pela seguran\u00e7a de outras crian\u00e7as no pa\u00eds e pedir pela paz no Oriente M\u00e9dio.<\/span><\/p>\n<p><span>No Instagram, a miss\u00e3o Portas Abertas compartilhou um v\u00eddeo de um menino ajoelhado, intercedendo por outras crian\u00e7as que tamb\u00e9m enfrentam a instabilidade causada pelos conflitos na na\u00e7\u00e3o.<\/span><\/p>\n<p><span>\u201cEu quero orar hoje, dando gra\u00e7as e orando por qualquer crian\u00e7a que tenha sido aterrorizada. [Deus] d\u00ea for\u00e7as \u00e0s crian\u00e7as no Ir\u00e3. Mesmo as que n\u00e3o tenham sido aterrorizadas, eu oro para que tenham um bom dia no pa\u00eds\u201d, disse o menino.\u00a0<\/span><\/p>\n<blockquote data-instgrm-permalink=\"https:\/\/www.instagram.com\/reel\/DV1so0ZCTEk\/?utm_source=ig_embed&#038;utm_campaign=loading\" data-instgrm-version=\"14\"><\/blockquote>\n<p><span>Falando sobre a morte do l\u00edder supremo do Ir\u00e3, o aiatol\u00e1 <\/span><span><strong>Ali Khamenei<\/strong><\/span><span>, ocorrida durante os ataques de Israel e dos EUA, em fevereiro deste ano, o menino destacou:<\/span><\/p>\n<p><span>\u201cEu oro agora para que, j\u00e1 que o l\u00edder foi morto, um bom l\u00edder assuma o poder. Eu oro para que o <\/span><span><strong>novo l\u00edder<\/strong><\/span><span> n\u00e3o machuque o povo\u201d.\u00a0<\/span><\/p>\n<p><span>E continuou: \u201cEu oro para que o l\u00edder fa\u00e7a coisas boas, para que n\u00e3o precisemos de outro l\u00edder. Que dias lindos teremos quando isso acontecer. Em nome de Jesus\u201d.<\/span><\/p>\n<p><span>Desde 1989, Khamenei governou o pa\u00eds exercendo forte influ\u00eancia sobre a pol\u00edtica, as for\u00e7as armadas e o programa nuclear iraniano, al\u00e9m de manter a condu\u00e7\u00e3o do Estado sob r\u00edgidos princ\u00edpios religiosos e a lei isl\u00e2mica.<\/span><\/p>\n<p><strong>\u2018Vamos nos unir em ora\u00e7\u00e3o\u2019<\/strong><\/p>\n<p><span>Ap\u00f3s compartilhar o v\u00eddeo, a miss\u00e3o encorajou a Igreja a se unir em ora\u00e7\u00e3o ao menino: \u201cNos unimos a uma ora\u00e7\u00e3o simples, mas sincera e cheia de f\u00e9\u201d.<\/span><\/p>\n<p><span>\u201cEm meio a tantas necessidades, um menino iraniano decidiu confiar em Cristo e interceder por outras crian\u00e7as e por paz no Oriente M\u00e9dio. Que o Senhor sustente, proteja e renove cada crian\u00e7a que enfrenta a guerra\u201d, acrescentou.<\/span><\/p>\n<p><span>Por fim, a Portas Abertas destacou alguns pedidos espec\u00edficos de ora\u00e7\u00e3o: \u201cOre pelas crian\u00e7as que vivem em meio ao conflito e por suas fam\u00edlias, para que Deus fortale\u00e7a a igreja em lugares de persegui\u00e7\u00e3o e para que a paz alcance os cora\u00e7\u00f5es daqueles que lutam para manter a esperan\u00e7a em meio ao caos\u201d.<\/span><\/p>\n<\/div>\n","protected":false},"excerpt":{"rendered":"<p>Em meio \u00e0 escalada da guerra entre Ir\u00e3 e Israel, um menino de 6 anos emocionou milhares de pessoas ao orar pela seguran\u00e7a de outras crian\u00e7as no pa\u00eds e pedir pela paz no Oriente M\u00e9dio. No Instagram, a miss\u00e3o Portas Abertas compartilhou um v\u00eddeo de um menino ajoelhado, intercedendo por outras crian\u00e7as que tamb\u00e9m enfrentam a instabilidade causada pelos conflitos na na\u00e7\u00e3o. \u201cEu quero orar hoje, dando gra\u00e7as e orando por qualquer crian\u00e7a que tenha sido aterrorizada. [Deus] d\u00ea for\u00e7as \u00e0s crian\u00e7as no Ir\u00e3. Mesmo as que n\u00e3o tenham sido aterrorizadas, eu oro para que tenham um bom dia no pa\u00eds\u201d, disse o menino.\u00a0 Falando sobre a morte do l\u00edder supremo do Ir\u00e3, o aiatol\u00e1 Ali Khamenei, ocorrida durante os ataques de Israel e dos EUA, em fevereiro deste ano, o menino destacou: \u201cEu oro agora para que, j\u00e1 que o l\u00edder foi morto, um bom l\u00edder assuma o poder. Eu oro para que o novo l\u00edder n\u00e3o machuque o povo\u201d.\u00a0 E continuou: \u201cEu oro para que o l\u00edder fa\u00e7a coisas boas, para que n\u00e3o precisemos de outro l\u00edder. Que dias lindos teremos quando isso acontecer. Em nome de Jesus\u201d. Desde 1989, Khamenei governou o pa\u00eds exercendo forte influ\u00eancia sobre a pol\u00edtica, as for\u00e7as armadas e o programa nuclear iraniano, al\u00e9m de manter a condu\u00e7\u00e3o do Estado sob r\u00edgidos princ\u00edpios religiosos e a lei isl\u00e2mica. \u2018Vamos nos unir em ora\u00e7\u00e3o\u2019 Ap\u00f3s compartilhar o v\u00eddeo, a miss\u00e3o encorajou a Igreja a se unir em ora\u00e7\u00e3o ao menino: \u201cNos unimos a uma ora\u00e7\u00e3o simples, mas sincera e cheia de f\u00e9\u201d. \u201cEm meio a tantas necessidades, um menino iraniano decidiu confiar em Cristo e interceder por outras crian\u00e7as e por paz no Oriente M\u00e9dio. Que o Senhor sustente, proteja e renove cada crian\u00e7a que enfrenta a guerra\u201d, acrescentou. Por fim, a Portas Abertas destacou alguns pedidos espec\u00edficos de ora\u00e7\u00e3o: \u201cOre pelas crian\u00e7as que vivem em meio ao conflito e por suas fam\u00edlias, para que Deus fortale\u00e7a a igreja em lugares de persegui\u00e7\u00e3o e para que a paz alcance os cora\u00e7\u00f5es daqueles que lutam para manter a esperan\u00e7a em meio ao caos\u201d.<\/p>\n","protected":false},"author":1,"featured_media":11431,"comment_status":"closed","ping_status":"closed","sticky":false,"template":"","format":"standard","meta":{"footnotes":""},"categories":[12],"tags":[],"class_list":["post-11430","post","type-post","status-publish","format-standard","has-post-thumbnail","hentry","category-mundo-cristao"],"acf":[],"_links":{"self":[{"href":"https:\/\/fabricadescripts.com.br\/igrejas\/IGRE3535\/wp-json\/wp\/v2\/posts\/11430","targetHints":{"allow":["GET"]}}],"collection":[{"href":"https:\/\/fabricadescripts.com.br\/igrejas\/IGRE3535\/wp-json\/wp\/v2\/posts"}],"about":[{"href":"https:\/\/fabricadescripts.com.br\/igrejas\/IGRE3535\/wp-json\/wp\/v2\/types\/post"}],"author":[{"embeddable":true,"href":"https:\/\/fabricadescripts.com.br\/igrejas\/IGRE3535\/wp-json\/wp\/v2\/users\/1"}],"replies":[{"embeddable":true,"href":"https:\/\/fabricadescripts.com.br\/igrejas\/IGRE3535\/wp-json\/wp\/v2\/comments?post=11430"}],"version-history":[{"count":0,"href":"https:\/\/fabricadescripts.com.br\/igrejas\/IGRE3535\/wp-json\/wp\/v2\/posts\/11430\/revisions"}],"wp:featuredmedia":[{"embeddable":true,"href":"https:\/\/fabricadescripts.com.br\/igrejas\/IGRE3535\/wp-json\/wp\/v2\/media\/11431"}],"wp:attachment":[{"href":"https:\/\/fabricadescripts.com.br\/igrejas\/IGRE3535\/wp-json\/wp\/v2\/media?parent=11430"}],"wp:term":[{"taxonomy":"category","embeddable":true,"href":"https:\/\/fabricadescripts.com.br\/igrejas\/IGRE3535\/wp-json\/wp\/v2\/categories?post=11430"},{"taxonomy":"post_tag","embeddable":true,"href":"https:\/\/fabricadescripts.com.br\/igrejas\/IGRE3535\/wp-json\/wp\/v2\/tags?post=11430"}],"curies":[{"name":"wp","href":"https:\/\/api.w.org\/{rel}","templated":true}]}}