{"id":11428,"date":"2026-03-17T10:01:55","date_gmt":"2026-03-17T13:01:55","guid":{"rendered":"https:\/\/fabricadescripts.com.br\/igrejas\/IGRE3535\/explosao-em-sinagoga-e-ataque-a-escola-judaica-na-holanda-alertam-sobre-antissemitismo\/"},"modified":"2026-03-17T10:01:55","modified_gmt":"2026-03-17T13:01:55","slug":"explosao-em-sinagoga-e-ataque-a-escola-judaica-na-holanda-alertam-sobre-antissemitismo","status":"publish","type":"post","link":"https:\/\/fabricadescripts.com.br\/igrejas\/IGRE3535\/explosao-em-sinagoga-e-ataque-a-escola-judaica-na-holanda-alertam-sobre-antissemitismo\/","title":{"rendered":"Explos\u00e3o em sinagoga e ataque a escola judaica na Holanda alertam sobre antissemitismo"},"content":{"rendered":"<div>\n<p><span>No \u00faltimo fim de semana, ataques recentes a sinagogas na Holanda geraram preocupa\u00e7\u00e3o entre autoridades sobre o aumento da viol\u00eancia <\/span><strong><span>antissemita<\/span> <\/strong><span>contra comunidades judaicas na Europa.<\/span><\/p>\n<p><span>Na madrugada de sexta-feira (13), um inc\u00eandio atingiu uma sinagoga em Roterd\u00e3. Segundo a pol\u00edcia local, o fogo come\u00e7ou por volta das 3h40 e foi rapidamente controlado. Apesar dos danos materiais, ningu\u00e9m ficou ferido.\u00a0<\/span><\/p>\n<p><span>Ap\u00f3s o epis\u00f3dio, a pol\u00edcia holandesa passou a monitorar outras sinagogas por precau\u00e7\u00e3o e prendeu quatro jovens, com idades entre 17 e 19 anos, suspeitos de provocar a explos\u00e3o. Eles foram encontrados dirigindo em atitude considerada incomum nas proximidades de outra sinagoga na regi\u00e3o.<\/span><\/p>\n<p><span>\u201cAinda n\u00e3o est\u00e1 claro se os suspeitos planejavam detonar um explosivo ou incendiar outra sinagoga\u201d, informou a pol\u00edcia em um comunicado.<\/span><\/p>\n<p><span>As autoridades afirmam estar iniciando uma &#8220;investiga\u00e7\u00e3o em larga escala sobre este grave incidente&#8221; e apelaram para que testemunhas se apresentem.<\/span><\/p>\n<p><strong>\u2018N\u00e3o toleraremos antissemitismo\u2019<\/strong><\/p>\n<p><span>Sobre o ataque, o ministro da Justi\u00e7a da Holanda, David van Weel, compartilhou no X: \u201cN\u00e3o toleraremos antissemitismo, intimida\u00e7\u00e3o e viol\u00eancia. As autoridades locais est\u00e3o garantindo a seguran\u00e7a das sinagogas\u201d.<\/span><\/p>\n<p><span>Em seguida, ele expressou solidariedade \u00e0 comunidade judaica holandesa: &#8220;Eles precisam se sentir seguros na Holanda&#8221;.<\/span><\/p>\n<blockquote data-instgrm-permalink=\"https:\/\/www.instagram.com\/reel\/DV0xQH1jmzj\/?utm_source=ig_embed&#038;utm_campaign=loading\" data-instgrm-version=\"14\"><\/blockquote>\n<p><span>A prefeita de Roterd\u00e3, Carola Schouten, disse que o ataque causou &#8220;muita ansiedade entre os concidad\u00e3os judeus&#8221;.<\/span><\/p>\n<p><span>\u201cN\u00e3o h\u00e1 lugar para antissemitismo, intimida\u00e7\u00e3o, viol\u00eancia ou \u00f3dio contra comunidades religiosas\u201d, disse Carola.<\/span><\/p>\n<p><span>Chris den Hoedt, presidente da sinagoga, contou que a explos\u00e3o causou danos \u00e0 fachada do pr\u00e9dio.<\/span><\/p>\n<p><span>\u201cO dano emocional que nossa comunidade sente \u00e9 maior e mais duradouro. Podemos consertar isso (a porta), mas n\u00e3o o resto\u201d, disse ele \u00e0 emissora p\u00fablica holandesa NOS.<\/span><\/p>\n<p><strong>Ataque em escola judaica<\/strong><\/p>\n<p><span>No dia seguinte, outro caso refor\u00e7ou as preocupa\u00e7\u00f5es. Uma explos\u00e3o danificou uma escola judaica em <\/span><span><strong>Amsterd\u00e3<\/strong><\/span><span>, no que o prefeito da cidade classificou como um \u201cataque deliberado contra a comunidade judaica\u201d.<\/span><\/p>\n<p><span>Conforme o professor Andre\u0301 Lajst, presidente-executivo da organiza\u00e7\u00e3o sem fins lucrativos StandWithUs Brasil, a explos\u00e3o causou danos limitados e n\u00e3o houve registro de feridos.\u00a0<\/span><span>Imagens de c\u00e2meras de seguran\u00e7a mostram uma pessoa colocando o artefato explosivo no local.<\/span><\/p>\n<p><span>\u201cA seguran\u00e7a em sinagogas e institui\u00e7\u00f5es judaicas em toda a Holanda foi refor\u00e7ada ap\u00f3s os ataques\u201d, informou Andr\u00e9.\u00a0<\/span><\/p>\n<blockquote data-instgrm-permalink=\"https:\/\/www.instagram.com\/reel\/DV3WobgEdVv\/?utm_source=ig_embed&#038;utm_campaign=loading\" data-instgrm-version=\"14\"><\/blockquote>\n<p><span>Segundo ele, os epis\u00f3dios fazem parte de uma \u201cpreocupante onda de viol\u00eancia contra comunidades judaicas na Europa\u201d na \u00faltima semana, incluindo outros incidentes na Holanda, B\u00e9lgica e Noruega.<\/span><\/p>\n<p><span>\u201cEm apenas dois dias, tr\u00eas sinagogas na Europa e uma nos EUA foram atacadas, no que parece ser uma a\u00e7\u00e3o coordenada para intimidar a comunidade judaica internacional\u201d, disse ele.<\/span><\/p>\n<p><span>E continuou: \u201cCasos recentes tamb\u00e9m foram registrados em pa\u00edses como Canad\u00e1, B\u00e9lgica, Estados Unidos e Holanda. Quando lugares de culto e comunidades judaicas se tornam alvo de viol\u00eancia ao redor do mundo, fica claro: isso n\u00e3o \u00e9 \u2018cr\u00edtica a <\/span><span><strong>Israel<\/strong><\/span><span>\u2019. \u00c9 antissemitismo\u201d.\u00a0<\/span><\/p>\n<p><span>Andr\u00e9 destacou que os ataques ocorreram durante o Shabat \u2014 dia sagrado semanal do juda\u00edsmo, celebrado do p\u00f4r do sol de sexta-feira at\u00e9 o p\u00f4r do sol de s\u00e1bado \u2014 e alertou para o crescimento de ataques contra comunidades judaicas ao redor do mundo.<\/span><\/p>\n<p><span>\u201cNeste Shabat, mais do que nunca, lembramos que nenhuma comunidade deveria precisar se reunir atr\u00e1s de portas refor\u00e7adas e escolta policial para se sentir segura\u201d, concluiu.<\/span><\/p>\n<\/div>\n","protected":false},"excerpt":{"rendered":"<p>No \u00faltimo fim de semana, ataques recentes a sinagogas na Holanda geraram preocupa\u00e7\u00e3o entre autoridades sobre o aumento da viol\u00eancia antissemita contra comunidades judaicas na Europa. Na madrugada de sexta-feira (13), um inc\u00eandio atingiu uma sinagoga em Roterd\u00e3. Segundo a pol\u00edcia local, o fogo come\u00e7ou por volta das 3h40 e foi rapidamente controlado. Apesar dos danos materiais, ningu\u00e9m ficou ferido.\u00a0 Ap\u00f3s o epis\u00f3dio, a pol\u00edcia holandesa passou a monitorar outras sinagogas por precau\u00e7\u00e3o e prendeu quatro jovens, com idades entre 17 e 19 anos, suspeitos de provocar a explos\u00e3o. Eles foram encontrados dirigindo em atitude considerada incomum nas proximidades de outra sinagoga na regi\u00e3o. \u201cAinda n\u00e3o est\u00e1 claro se os suspeitos planejavam detonar um explosivo ou incendiar outra sinagoga\u201d, informou a pol\u00edcia em um comunicado. As autoridades afirmam estar iniciando uma &#8220;investiga\u00e7\u00e3o em larga escala sobre este grave incidente&#8221; e apelaram para que testemunhas se apresentem. \u2018N\u00e3o toleraremos antissemitismo\u2019 Sobre o ataque, o ministro da Justi\u00e7a da Holanda, David van Weel, compartilhou no X: \u201cN\u00e3o toleraremos antissemitismo, intimida\u00e7\u00e3o e viol\u00eancia. As autoridades locais est\u00e3o garantindo a seguran\u00e7a das sinagogas\u201d. Em seguida, ele expressou solidariedade \u00e0 comunidade judaica holandesa: &#8220;Eles precisam se sentir seguros na Holanda&#8221;. A prefeita de Roterd\u00e3, Carola Schouten, disse que o ataque causou &#8220;muita ansiedade entre os concidad\u00e3os judeus&#8221;. \u201cN\u00e3o h\u00e1 lugar para antissemitismo, intimida\u00e7\u00e3o, viol\u00eancia ou \u00f3dio contra comunidades religiosas\u201d, disse Carola. Chris den Hoedt, presidente da sinagoga, contou que a explos\u00e3o causou danos \u00e0 fachada do pr\u00e9dio. \u201cO dano emocional que nossa comunidade sente \u00e9 maior e mais duradouro. Podemos consertar isso (a porta), mas n\u00e3o o resto\u201d, disse ele \u00e0 emissora p\u00fablica holandesa NOS. Ataque em escola judaica No dia seguinte, outro caso refor\u00e7ou as preocupa\u00e7\u00f5es. Uma explos\u00e3o danificou uma escola judaica em Amsterd\u00e3, no que o prefeito da cidade classificou como um \u201cataque deliberado contra a comunidade judaica\u201d. Conforme o professor Andre\u0301 Lajst, presidente-executivo da organiza\u00e7\u00e3o sem fins lucrativos StandWithUs Brasil, a explos\u00e3o causou danos limitados e n\u00e3o houve registro de feridos.\u00a0Imagens de c\u00e2meras de seguran\u00e7a mostram uma pessoa colocando o artefato explosivo no local. \u201cA seguran\u00e7a em sinagogas e institui\u00e7\u00f5es judaicas em toda a Holanda foi refor\u00e7ada ap\u00f3s os ataques\u201d, informou Andr\u00e9.\u00a0 Segundo ele, os epis\u00f3dios fazem parte de uma \u201cpreocupante onda de viol\u00eancia contra comunidades judaicas na Europa\u201d na \u00faltima semana, incluindo outros incidentes na Holanda, B\u00e9lgica e Noruega. \u201cEm apenas dois dias, tr\u00eas sinagogas na Europa e uma nos EUA foram atacadas, no que parece ser uma a\u00e7\u00e3o coordenada para intimidar a comunidade judaica internacional\u201d, disse ele. E continuou: \u201cCasos recentes tamb\u00e9m foram registrados em pa\u00edses como Canad\u00e1, B\u00e9lgica, Estados Unidos e Holanda. Quando lugares de culto e comunidades judaicas se tornam alvo de viol\u00eancia ao redor do mundo, fica claro: isso n\u00e3o \u00e9 \u2018cr\u00edtica a Israel\u2019. \u00c9 antissemitismo\u201d.\u00a0 Andr\u00e9 destacou que os ataques ocorreram durante o Shabat \u2014 dia sagrado semanal do juda\u00edsmo, celebrado do p\u00f4r do sol de sexta-feira at\u00e9 o p\u00f4r do sol de s\u00e1bado \u2014 e alertou para o crescimento de ataques contra comunidades judaicas ao redor do mundo. \u201cNeste Shabat, mais do que nunca, lembramos que nenhuma comunidade deveria precisar se reunir atr\u00e1s de portas refor\u00e7adas e escolta policial para se sentir segura\u201d, concluiu.<\/p>\n","protected":false},"author":1,"featured_media":11429,"comment_status":"closed","ping_status":"closed","sticky":false,"template":"","format":"standard","meta":{"footnotes":""},"categories":[11],"tags":[],"class_list":["post-11428","post","type-post","status-publish","format-standard","has-post-thumbnail","hentry","category-brasil"],"acf":[],"_links":{"self":[{"href":"https:\/\/fabricadescripts.com.br\/igrejas\/IGRE3535\/wp-json\/wp\/v2\/posts\/11428","targetHints":{"allow":["GET"]}}],"collection":[{"href":"https:\/\/fabricadescripts.com.br\/igrejas\/IGRE3535\/wp-json\/wp\/v2\/posts"}],"about":[{"href":"https:\/\/fabricadescripts.com.br\/igrejas\/IGRE3535\/wp-json\/wp\/v2\/types\/post"}],"author":[{"embeddable":true,"href":"https:\/\/fabricadescripts.com.br\/igrejas\/IGRE3535\/wp-json\/wp\/v2\/users\/1"}],"replies":[{"embeddable":true,"href":"https:\/\/fabricadescripts.com.br\/igrejas\/IGRE3535\/wp-json\/wp\/v2\/comments?post=11428"}],"version-history":[{"count":0,"href":"https:\/\/fabricadescripts.com.br\/igrejas\/IGRE3535\/wp-json\/wp\/v2\/posts\/11428\/revisions"}],"wp:featuredmedia":[{"embeddable":true,"href":"https:\/\/fabricadescripts.com.br\/igrejas\/IGRE3535\/wp-json\/wp\/v2\/media\/11429"}],"wp:attachment":[{"href":"https:\/\/fabricadescripts.com.br\/igrejas\/IGRE3535\/wp-json\/wp\/v2\/media?parent=11428"}],"wp:term":[{"taxonomy":"category","embeddable":true,"href":"https:\/\/fabricadescripts.com.br\/igrejas\/IGRE3535\/wp-json\/wp\/v2\/categories?post=11428"},{"taxonomy":"post_tag","embeddable":true,"href":"https:\/\/fabricadescripts.com.br\/igrejas\/IGRE3535\/wp-json\/wp\/v2\/tags?post=11428"}],"curies":[{"name":"wp","href":"https:\/\/api.w.org\/{rel}","templated":true}]}}