{"id":11426,"date":"2026-03-17T10:01:56","date_gmt":"2026-03-17T13:01:56","guid":{"rendered":"https:\/\/fabricadescripts.com.br\/igrejas\/IGRE3535\/circulo-de-oracao-se-torna-patrimonio-cultural-do-parana-1-milhao-de-mulheres-orando\/"},"modified":"2026-03-17T10:01:56","modified_gmt":"2026-03-17T13:01:56","slug":"circulo-de-oracao-se-torna-patrimonio-cultural-do-parana-1-milhao-de-mulheres-orando","status":"publish","type":"post","link":"https:\/\/fabricadescripts.com.br\/igrejas\/IGRE3535\/circulo-de-oracao-se-torna-patrimonio-cultural-do-parana-1-milhao-de-mulheres-orando\/","title":{"rendered":"C\u00edrculo de Ora\u00e7\u00e3o se torna patrim\u00f4nio cultural do Paran\u00e1: \u201c1 milh\u00e3o de mulheres orando\u201d"},"content":{"rendered":"<div>\n<p><span>O <\/span><span><strong>C\u00edrculo de Ora\u00e7\u00e3o<\/strong><\/span><span> se tornou patrim\u00f4nio cultural do estado do Paran\u00e1, em homenagem aos 84 anos de exist\u00eancia dos grupos de intercess\u00e3o formados por <\/span><span><strong>mulheres<\/strong><\/span><span> evang\u00e9licas.<\/span><\/p>\n<p><span>No dia 3 de mar\u00e7o, a Assembleia Legislativa do Paran\u00e1 (Alep) aprovou o projeto de lei 492\/2025, que reconhece o C\u00edrculo de <\/span><span><strong>Ora\u00e7\u00e3o<\/strong><\/span><span> como patrim\u00f4nio cultural de natureza imaterial do Paran\u00e1.<\/span><\/p>\n<p><span>A proposta, de autoria da deputada Mara Lima (Republicanos), foi apresentada em junho do ano passado e sancionada pelo governador Ratinho J\u00fanior (PSD) em 5 de mar\u00e7o.<\/span><\/p>\n<p><span>\u201cS\u00e3o mais de 1 milh\u00e3o de mulheres que oram, intercedem pelo nosso estado e que muitas vezes n\u00e3o s\u00e3o reconhecidas. Oram pelos nossos filhos, pela nossa fam\u00edlia, por aqueles que n\u00e3o t\u00eam quem os ajude. Elas s\u00e3o as primeiras a prestar apoio quando se trata de um momento dif\u00edcil, de uma cat\u00e1strofe ou de uma pandemia. Est\u00e3o l\u00e1 como volunt\u00e1rias. Seu esfor\u00e7o \u00e9 merecedor de reconhecimento\u201d, declarou Mara Lima, durante evento que reuniu lideran\u00e7as religiosas e integrantes dos C\u00edrculos de Ora\u00e7\u00e3o do estado no Plen\u00e1rio.<\/span><\/p>\n<p><strong>Cria\u00e7\u00e3o do C\u00edrculo de Ora\u00e7\u00e3o<\/strong><\/p>\n<p><span>Em 6 de mar\u00e7o de 1942, o C\u00edrculo de Ora\u00e7\u00e3o foi criado pela irm\u00e3 Albertina Bezerra Barreto na Igreja Assembleia de Deus em Recife, Pernambuco.\u00a0<\/span><\/p>\n<p><span>Ela convidou algumas irm\u00e3s da congrega\u00e7\u00e3o para a ajudarem a orar pela cura da sua filha Zuleide, que estava desenganada pelos m\u00e9dicos. Como resultado, a menina foi curada.<\/span><\/p>\n<p><span>A escolha do nome C\u00edrculo de Ora\u00e7\u00e3o, segundo a fundadora, aconteceu em virtude de um folheto que ela havia lido, onde o texto explicava que a ora\u00e7\u00e3o era como um c\u00edrculo nos c\u00e9us.\u00a0<\/span><\/p>\n<p><span>\u201cQuando est\u00e1vamos orando, me lembrei da mensagem e disse: Vamos circular os c\u00e9us com as nossas ora\u00e7\u00f5es\u201d, relatou.<\/span><\/p>\n<p><span>\u201cEsse gesto de f\u00e9 originou um movimento que atravessou gera\u00e7\u00f5es e se espalhou por todo o pa\u00eds, tornando-se uma das mais relevantes express\u00f5es da espiritualidade evang\u00e9lica\u201d, ressaltou Mara Lima no projeto de lei.<\/span><\/p>\n<p><span>O movimento de intercess\u00e3o formado por mulheres se espalhou por todo o Brasil. Hoje, ele est\u00e1 presente em v\u00e1rias denomina\u00e7\u00f5es e rompeu as fronteiras, chegando a outros pa\u00edses, como Argentina, Estados Unidos e Jap\u00e3o.<\/span><\/p>\n<p><span>\u201cA ora\u00e7\u00e3o \u00e9 a chave e n\u00f3s temos essa chave. H\u00e1 a chave da casa: \u00e9 s\u00f3 chegar nela e abrir, n\u00e3o \u00e9? N\u00f3s temos a chave do C\u00e9u. Quando precisamos de alguma coisa, se tivermos f\u00e9, orarmos e pedirmos a Deus, recebemos\u201d, declarou Rozeli Santos Fontoura, coordenadora-geral da Uni\u00e3o das Esposas de Ministros das Assembleias de Deus do Paran\u00e1 (UEMADEPAR) no evento na Alep.<\/span><\/p>\n<p><strong>Reconhecimento<\/strong><\/p>\n<p><span>Em postagem no Instagram, a te\u00f3loga e escritora Ce\u0301fora Carvalho elogiou a promo\u00e7\u00e3o do C\u00edrculo de Ora\u00e7\u00e3o como patrim\u00f4nio cultural.<\/span><\/p>\n<p><span>\u201cEsse \u00e9 um lindo reconhecimento desse movimento de intercess\u00e3o liderado por mulheres assembleianas h\u00e1 mais de oito d\u00e9cadas. Hoje, toda igreja Assembleia de Deus tem o seu C\u00edrculo de Ora\u00e7\u00e3o\u201d, afirmou.<\/span><\/p>\n<p><span>\u201cEssas mulheres j\u00e1 foram v\u00edtimas de chacota. O apelido \u2018irm\u00e3s do coque\u2019, que hoje \u00e9 usado de forma carinhosa, veio primeiro como forma de zombaria pelo estilo dessas mulheres, pela forma como elas vivem sua f\u00e9. Ent\u00e3o, \u00e9 muito bonito ver esse reconhecimento externo, comentou C\u00e9fora.<\/span><\/p>\n<blockquote data-instgrm-captioned data-instgrm-permalink=\"https:\/\/www.instagram.com\/reel\/DV1BXY7Efuf\/?utm_source=ig_embed&#038;utm_campaign=loading\" data-instgrm-version=\"14\"><\/blockquote>\n<\/div>\n","protected":false},"excerpt":{"rendered":"<p>O C\u00edrculo de Ora\u00e7\u00e3o se tornou patrim\u00f4nio cultural do estado do Paran\u00e1, em homenagem aos 84 anos de exist\u00eancia dos grupos de intercess\u00e3o formados por mulheres evang\u00e9licas. No dia 3 de mar\u00e7o, a Assembleia Legislativa do Paran\u00e1 (Alep) aprovou o projeto de lei 492\/2025, que reconhece o C\u00edrculo de Ora\u00e7\u00e3o como patrim\u00f4nio cultural de natureza imaterial do Paran\u00e1. A proposta, de autoria da deputada Mara Lima (Republicanos), foi apresentada em junho do ano passado e sancionada pelo governador Ratinho J\u00fanior (PSD) em 5 de mar\u00e7o. \u201cS\u00e3o mais de 1 milh\u00e3o de mulheres que oram, intercedem pelo nosso estado e que muitas vezes n\u00e3o s\u00e3o reconhecidas. Oram pelos nossos filhos, pela nossa fam\u00edlia, por aqueles que n\u00e3o t\u00eam quem os ajude. Elas s\u00e3o as primeiras a prestar apoio quando se trata de um momento dif\u00edcil, de uma cat\u00e1strofe ou de uma pandemia. Est\u00e3o l\u00e1 como volunt\u00e1rias. Seu esfor\u00e7o \u00e9 merecedor de reconhecimento\u201d, declarou Mara Lima, durante evento que reuniu lideran\u00e7as religiosas e integrantes dos C\u00edrculos de Ora\u00e7\u00e3o do estado no Plen\u00e1rio. Cria\u00e7\u00e3o do C\u00edrculo de Ora\u00e7\u00e3o Em 6 de mar\u00e7o de 1942, o C\u00edrculo de Ora\u00e7\u00e3o foi criado pela irm\u00e3 Albertina Bezerra Barreto na Igreja Assembleia de Deus em Recife, Pernambuco.\u00a0 Ela convidou algumas irm\u00e3s da congrega\u00e7\u00e3o para a ajudarem a orar pela cura da sua filha Zuleide, que estava desenganada pelos m\u00e9dicos. Como resultado, a menina foi curada. A escolha do nome C\u00edrculo de Ora\u00e7\u00e3o, segundo a fundadora, aconteceu em virtude de um folheto que ela havia lido, onde o texto explicava que a ora\u00e7\u00e3o era como um c\u00edrculo nos c\u00e9us.\u00a0 \u201cQuando est\u00e1vamos orando, me lembrei da mensagem e disse: Vamos circular os c\u00e9us com as nossas ora\u00e7\u00f5es\u201d, relatou. \u201cEsse gesto de f\u00e9 originou um movimento que atravessou gera\u00e7\u00f5es e se espalhou por todo o pa\u00eds, tornando-se uma das mais relevantes express\u00f5es da espiritualidade evang\u00e9lica\u201d, ressaltou Mara Lima no projeto de lei. O movimento de intercess\u00e3o formado por mulheres se espalhou por todo o Brasil. Hoje, ele est\u00e1 presente em v\u00e1rias denomina\u00e7\u00f5es e rompeu as fronteiras, chegando a outros pa\u00edses, como Argentina, Estados Unidos e Jap\u00e3o. \u201cA ora\u00e7\u00e3o \u00e9 a chave e n\u00f3s temos essa chave. H\u00e1 a chave da casa: \u00e9 s\u00f3 chegar nela e abrir, n\u00e3o \u00e9? N\u00f3s temos a chave do C\u00e9u. Quando precisamos de alguma coisa, se tivermos f\u00e9, orarmos e pedirmos a Deus, recebemos\u201d, declarou Rozeli Santos Fontoura, coordenadora-geral da Uni\u00e3o das Esposas de Ministros das Assembleias de Deus do Paran\u00e1 (UEMADEPAR) no evento na Alep. Reconhecimento Em postagem no Instagram, a te\u00f3loga e escritora Ce\u0301fora Carvalho elogiou a promo\u00e7\u00e3o do C\u00edrculo de Ora\u00e7\u00e3o como patrim\u00f4nio cultural. \u201cEsse \u00e9 um lindo reconhecimento desse movimento de intercess\u00e3o liderado por mulheres assembleianas h\u00e1 mais de oito d\u00e9cadas. Hoje, toda igreja Assembleia de Deus tem o seu C\u00edrculo de Ora\u00e7\u00e3o\u201d, afirmou. \u201cEssas mulheres j\u00e1 foram v\u00edtimas de chacota. O apelido \u2018irm\u00e3s do coque\u2019, que hoje \u00e9 usado de forma carinhosa, veio primeiro como forma de zombaria pelo estilo dessas mulheres, pela forma como elas vivem sua f\u00e9. Ent\u00e3o, \u00e9 muito bonito ver esse reconhecimento externo, comentou C\u00e9fora.<\/p>\n","protected":false},"author":1,"featured_media":11427,"comment_status":"closed","ping_status":"closed","sticky":false,"template":"","format":"standard","meta":{"footnotes":""},"categories":[11],"tags":[],"class_list":["post-11426","post","type-post","status-publish","format-standard","has-post-thumbnail","hentry","category-brasil"],"acf":[],"_links":{"self":[{"href":"https:\/\/fabricadescripts.com.br\/igrejas\/IGRE3535\/wp-json\/wp\/v2\/posts\/11426","targetHints":{"allow":["GET"]}}],"collection":[{"href":"https:\/\/fabricadescripts.com.br\/igrejas\/IGRE3535\/wp-json\/wp\/v2\/posts"}],"about":[{"href":"https:\/\/fabricadescripts.com.br\/igrejas\/IGRE3535\/wp-json\/wp\/v2\/types\/post"}],"author":[{"embeddable":true,"href":"https:\/\/fabricadescripts.com.br\/igrejas\/IGRE3535\/wp-json\/wp\/v2\/users\/1"}],"replies":[{"embeddable":true,"href":"https:\/\/fabricadescripts.com.br\/igrejas\/IGRE3535\/wp-json\/wp\/v2\/comments?post=11426"}],"version-history":[{"count":0,"href":"https:\/\/fabricadescripts.com.br\/igrejas\/IGRE3535\/wp-json\/wp\/v2\/posts\/11426\/revisions"}],"wp:featuredmedia":[{"embeddable":true,"href":"https:\/\/fabricadescripts.com.br\/igrejas\/IGRE3535\/wp-json\/wp\/v2\/media\/11427"}],"wp:attachment":[{"href":"https:\/\/fabricadescripts.com.br\/igrejas\/IGRE3535\/wp-json\/wp\/v2\/media?parent=11426"}],"wp:term":[{"taxonomy":"category","embeddable":true,"href":"https:\/\/fabricadescripts.com.br\/igrejas\/IGRE3535\/wp-json\/wp\/v2\/categories?post=11426"},{"taxonomy":"post_tag","embeddable":true,"href":"https:\/\/fabricadescripts.com.br\/igrejas\/IGRE3535\/wp-json\/wp\/v2\/tags?post=11426"}],"curies":[{"name":"wp","href":"https:\/\/api.w.org\/{rel}","templated":true}]}}