{"id":11400,"date":"2026-03-14T13:08:24","date_gmt":"2026-03-14T16:08:24","guid":{"rendered":"https:\/\/fabricadescripts.com.br\/igrejas\/IGRE3535\/mae-evangeliza-com-bebe-no-colo-em-vagoes-de-metro-em-porto-alegre-nao-desanime\/"},"modified":"2026-03-14T13:08:24","modified_gmt":"2026-03-14T16:08:24","slug":"mae-evangeliza-com-bebe-no-colo-em-vagoes-de-metro-em-porto-alegre-nao-desanime","status":"publish","type":"post","link":"https:\/\/fabricadescripts.com.br\/igrejas\/IGRE3535\/mae-evangeliza-com-bebe-no-colo-em-vagoes-de-metro-em-porto-alegre-nao-desanime\/","title":{"rendered":"M\u00e3e evangeliza com beb\u00ea no colo em vag\u00f5es de metr\u00f4 em Porto Alegre: \u201cN\u00e3o desanime\u201d"},"content":{"rendered":"<div>\n<p>Um jovem casal crist\u00e3o do <span><strong>Rio Grande do Sul<\/strong><\/span> tem chamado a aten\u00e7\u00e3o nas redes sociais por realizar ministra\u00e7\u00f5es dentro de vag\u00f5es de metr\u00f4 e em outros ambientes p\u00fablicos.<\/p>\n<p>L\u00edderes do Minist\u00e9rio Gera\u00e7\u00e3o Kaleo, Julia, de 23 anos, e Kawan Proen\u00e7a, de 22, compartilham mensagens de f\u00e9 e esperan\u00e7a em meio \u00e0 rotina de passageiros, muitas vezes com a filha pequena, \u00c9den, que completar\u00e1 um ano neste m\u00eas de mar\u00e7o.<\/p>\n<p>Em entrevista ao <strong>Guiame<\/strong>, Julia contou que esses movimentos se chamam \u201cA voz que clama\u201d podendo ser \u201cA voz que clama no trem\u201d ou \u201cA voz que clama no parque\u201d ou em qualquer lugar que estiverem.<\/p>\n<p>Em uma dessas prega\u00e7\u00f5es na linha de Porto Alegre a Novo Hamburgo, Julia compartilha uma breve mensagem com os passageiros. O marido a acompanha ao viol\u00e3o.<\/p>\n<blockquote data-instgrm-captioned data-instgrm-permalink=\"https:\/\/www.instagram.com\/reel\/DVe6w5-EQLJ\/?utm_source=ig_embed&#038;utm_campaign=loading\" data-instgrm-version=\"14\"><\/blockquote>\n<p>No v\u00eddeo, que j\u00e1 acumula quase 40 mil curtidas at\u00e9 o momento desta publica\u00e7\u00e3o, ela encoraja quem enfrenta dificuldades a n\u00e3o desistir:<\/p>\n<p>\u201cN\u00e3o desanime se pra voc\u00ea t\u00e1 dif\u00edcil, \u00e9 porque voc\u00ea n\u00e3o est\u00e1 pegando atalho. Quem pega atalho n\u00e3o ganha aprendizado, quem pega atalho n\u00e3o cria habilidade. Chega l\u00e1 na hora de receber e sai tudo.\u201d<\/p>\n<p>E continua: \u201cAquilo que voc\u00ea conquista r\u00e1pido vai r\u00e1pido, mas aquilo que voc\u00ea conquista com o seu suor permanece com voc\u00ea. Ent\u00e3o hoje eu vim te trazer essa mensagem: n\u00e3o desanime se pra voc\u00ea t\u00e1 dif\u00edcil\u2026 Deus pode ter me trazido aqui para te dar uma mensagem\u201d.<\/p>\n<p>Ap\u00f3s a fala, ela come\u00e7a a cantar \u201cDeserto\u201d, de<span><strong> Maria Mar\u00e7al<\/strong><\/span>, enquanto o marido toca o viol\u00e3o.<\/p>\n<p><strong>Chamado<\/strong><\/p>\n<p>Naturais de Sapucaia do Sul (RS), os dois afirmam que suas vidas mudaram radicalmente ap\u00f3s a convers\u00e3o, em dezembro de 2023.<\/p>\n<p>Antes disso, cada um seguia sua pr\u00f3pria profiss\u00e3o: ele trabalhava como sushiman, e ela como t\u00e9cnica em pl\u00e1sticos. Com o tempo, entenderam que Deus os chamava para dedicar suas vidas \u00e0<span><strong> prega\u00e7\u00e3o do Evangelho<\/strong><\/span>.<\/p>\n<p>\u201cFoi um processo dif\u00edcil e doloroso. Tivemos que renunciar muita coisa, mas hoje temos certeza de que esse \u00e9 o nosso chamado\u201d, contam.<\/p>\n<p>H\u00e1 cerca de um ano, eles decidiram viver inteiramente pela f\u00e9, dedicando-se ao minist\u00e9rio que afirmam ter recebido de Deus.<\/p>\n<p>Foi nesse per\u00edodo de ora\u00e7\u00e3o intensa que surgiu o nome Gera\u00e7\u00e3o Kaleo. Segundo o casal, a palavra \u201cKaleo\u201d significa \u201cchamado\u201d, e representa a convic\u00e7\u00e3o de que existe uma gera\u00e7\u00e3o sendo convocada a fazer a diferen\u00e7a por meio da f\u00e9 em Cristo.<\/p>\n<p>Para os dois, o objetivo das mensagens nos vag\u00f5es e nas redes \u00e9 simples: levar encorajamento a pessoas que talvez n\u00e3o entrariam em uma igreja. \u201cA gente acredita que Deus pode usar qualquer lugar para falar com algu\u00e9m\u201d, dizem.<\/p>\n<\/div>\n","protected":false},"excerpt":{"rendered":"<p>Um jovem casal crist\u00e3o do Rio Grande do Sul tem chamado a aten\u00e7\u00e3o nas redes sociais por realizar ministra\u00e7\u00f5es dentro de vag\u00f5es de metr\u00f4 e em outros ambientes p\u00fablicos. L\u00edderes do Minist\u00e9rio Gera\u00e7\u00e3o Kaleo, Julia, de 23 anos, e Kawan Proen\u00e7a, de 22, compartilham mensagens de f\u00e9 e esperan\u00e7a em meio \u00e0 rotina de passageiros, muitas vezes com a filha pequena, \u00c9den, que completar\u00e1 um ano neste m\u00eas de mar\u00e7o. Em entrevista ao Guiame, Julia contou que esses movimentos se chamam \u201cA voz que clama\u201d podendo ser \u201cA voz que clama no trem\u201d ou \u201cA voz que clama no parque\u201d ou em qualquer lugar que estiverem. Em uma dessas prega\u00e7\u00f5es na linha de Porto Alegre a Novo Hamburgo, Julia compartilha uma breve mensagem com os passageiros. O marido a acompanha ao viol\u00e3o. No v\u00eddeo, que j\u00e1 acumula quase 40 mil curtidas at\u00e9 o momento desta publica\u00e7\u00e3o, ela encoraja quem enfrenta dificuldades a n\u00e3o desistir: \u201cN\u00e3o desanime se pra voc\u00ea t\u00e1 dif\u00edcil, \u00e9 porque voc\u00ea n\u00e3o est\u00e1 pegando atalho. Quem pega atalho n\u00e3o ganha aprendizado, quem pega atalho n\u00e3o cria habilidade. Chega l\u00e1 na hora de receber e sai tudo.\u201d E continua: \u201cAquilo que voc\u00ea conquista r\u00e1pido vai r\u00e1pido, mas aquilo que voc\u00ea conquista com o seu suor permanece com voc\u00ea. Ent\u00e3o hoje eu vim te trazer essa mensagem: n\u00e3o desanime se pra voc\u00ea t\u00e1 dif\u00edcil\u2026 Deus pode ter me trazido aqui para te dar uma mensagem\u201d. Ap\u00f3s a fala, ela come\u00e7a a cantar \u201cDeserto\u201d, de Maria Mar\u00e7al, enquanto o marido toca o viol\u00e3o. Chamado Naturais de Sapucaia do Sul (RS), os dois afirmam que suas vidas mudaram radicalmente ap\u00f3s a convers\u00e3o, em dezembro de 2023. Antes disso, cada um seguia sua pr\u00f3pria profiss\u00e3o: ele trabalhava como sushiman, e ela como t\u00e9cnica em pl\u00e1sticos. Com o tempo, entenderam que Deus os chamava para dedicar suas vidas \u00e0 prega\u00e7\u00e3o do Evangelho. \u201cFoi um processo dif\u00edcil e doloroso. Tivemos que renunciar muita coisa, mas hoje temos certeza de que esse \u00e9 o nosso chamado\u201d, contam. H\u00e1 cerca de um ano, eles decidiram viver inteiramente pela f\u00e9, dedicando-se ao minist\u00e9rio que afirmam ter recebido de Deus. Foi nesse per\u00edodo de ora\u00e7\u00e3o intensa que surgiu o nome Gera\u00e7\u00e3o Kaleo. Segundo o casal, a palavra \u201cKaleo\u201d significa \u201cchamado\u201d, e representa a convic\u00e7\u00e3o de que existe uma gera\u00e7\u00e3o sendo convocada a fazer a diferen\u00e7a por meio da f\u00e9 em Cristo. Para os dois, o objetivo das mensagens nos vag\u00f5es e nas redes \u00e9 simples: levar encorajamento a pessoas que talvez n\u00e3o entrariam em uma igreja. \u201cA gente acredita que Deus pode usar qualquer lugar para falar com algu\u00e9m\u201d, dizem.<\/p>\n","protected":false},"author":1,"featured_media":11401,"comment_status":"closed","ping_status":"closed","sticky":false,"template":"","format":"standard","meta":{"footnotes":""},"categories":[12],"tags":[],"class_list":["post-11400","post","type-post","status-publish","format-standard","has-post-thumbnail","hentry","category-mundo-cristao"],"acf":[],"_links":{"self":[{"href":"https:\/\/fabricadescripts.com.br\/igrejas\/IGRE3535\/wp-json\/wp\/v2\/posts\/11400","targetHints":{"allow":["GET"]}}],"collection":[{"href":"https:\/\/fabricadescripts.com.br\/igrejas\/IGRE3535\/wp-json\/wp\/v2\/posts"}],"about":[{"href":"https:\/\/fabricadescripts.com.br\/igrejas\/IGRE3535\/wp-json\/wp\/v2\/types\/post"}],"author":[{"embeddable":true,"href":"https:\/\/fabricadescripts.com.br\/igrejas\/IGRE3535\/wp-json\/wp\/v2\/users\/1"}],"replies":[{"embeddable":true,"href":"https:\/\/fabricadescripts.com.br\/igrejas\/IGRE3535\/wp-json\/wp\/v2\/comments?post=11400"}],"version-history":[{"count":0,"href":"https:\/\/fabricadescripts.com.br\/igrejas\/IGRE3535\/wp-json\/wp\/v2\/posts\/11400\/revisions"}],"wp:featuredmedia":[{"embeddable":true,"href":"https:\/\/fabricadescripts.com.br\/igrejas\/IGRE3535\/wp-json\/wp\/v2\/media\/11401"}],"wp:attachment":[{"href":"https:\/\/fabricadescripts.com.br\/igrejas\/IGRE3535\/wp-json\/wp\/v2\/media?parent=11400"}],"wp:term":[{"taxonomy":"category","embeddable":true,"href":"https:\/\/fabricadescripts.com.br\/igrejas\/IGRE3535\/wp-json\/wp\/v2\/categories?post=11400"},{"taxonomy":"post_tag","embeddable":true,"href":"https:\/\/fabricadescripts.com.br\/igrejas\/IGRE3535\/wp-json\/wp\/v2\/tags?post=11400"}],"curies":[{"name":"wp","href":"https:\/\/api.w.org\/{rel}","templated":true}]}}