{"id":11398,"date":"2026-03-14T13:08:25","date_gmt":"2026-03-14T16:08:25","guid":{"rendered":"https:\/\/fabricadescripts.com.br\/igrejas\/IGRE3535\/centenas-de-jovens-se-reunem-para-adorar-em-praca-de-portugal-fome-pela-presenca\/"},"modified":"2026-03-14T13:08:25","modified_gmt":"2026-03-14T16:08:25","slug":"centenas-de-jovens-se-reunem-para-adorar-em-praca-de-portugal-fome-pela-presenca","status":"publish","type":"post","link":"https:\/\/fabricadescripts.com.br\/igrejas\/IGRE3535\/centenas-de-jovens-se-reunem-para-adorar-em-praca-de-portugal-fome-pela-presenca\/","title":{"rendered":"Centenas de jovens se re\u00fanem para adorar em pra\u00e7a de Portugal: \u201cFome pela presen\u00e7a\u201d"},"content":{"rendered":"<div>\n<p><span>Centenas de jovens est\u00e3o se reunindo em uma <\/span><span><strong>pra\u00e7a<\/strong><\/span><span> de Lisboa, em <\/span><span><strong>Portugal<\/strong><\/span><span>, para<\/span><span><strong> adorar a Deus<\/strong><\/span><span> e pregar o Evangelho.<\/span><\/p>\n<p><span>Os encontros, promovidos pelas miss\u00f5es \u201cAviva Lisbon\u201d e \u201cPara o Reino Movement\u201d, reuniram uma multid\u00e3o na Pra\u00e7a do Com\u00e9rcio, em janeiro e fevereiro.<\/span><\/p>\n<p><span>Os crist\u00e3os cantaram louvores brasileiros acompanhados de viol\u00e3o, levantando um altar de adora\u00e7\u00e3o no centro da capital portuguesa.\u00a0<\/span><\/p>\n<blockquote data-instgrm-captioned data-instgrm-permalink=\"https:\/\/www.instagram.com\/reel\/DTc3YyjjUVO\/?utm_source=ig_embed&#038;utm_campaign=loading\" data-instgrm-version=\"14\"><\/blockquote>\n<p><span>Os jovens tamb\u00e9m oraram juntos e pregaram a mensagem do Evangelho. Para o mission\u00e1rio Felipe Belo, l\u00edder do \u201cPara o Reino Movement\u201d, o movimento de adora\u00e7\u00e3o na pra\u00e7a faz parte de um despertar espiritual.<\/span><\/p>\n<p><span>\u201cDeus est\u00e1 trazendo avivamento para a Europa\u201d, declarou ele, em postagem no Instagram. \u201c250 jovens reunidos em Lisboa para orar, cantar e pregar o Evangelho de Jesus\u201d.<\/span><\/p>\n<blockquote data-instgrm-captioned data-instgrm-permalink=\"https:\/\/www.instagram.com\/reel\/DUtRog9DLaP\/?utm_source=ig_embed&#038;utm_campaign=loading\" data-instgrm-version=\"14\"><\/blockquote>\n<p><span>Felipe observou que a Pra\u00e7a do Com\u00e9rcio era um local usado para vender escravos a s\u00e9culos atr\u00e1s e hoje \u00e9 um lugar onde se anuncia a liberdade em Cristo.<\/span><\/p>\n<p><span>\u201cVidas foram vendidas e a dignidade humana foi negada. Homens e mulheres carregaram correntes no corpo e na alma, em contraste com o prop\u00f3sito de Deus, que criou o homem \u00e0 sua imagem\u201d, afirmou.<\/span><\/p>\n<p><span>\u201cHoje, nesse mesmo lugar, ecoa uma nova mensagem: o Evangelho de Jesus Cristo, que veio proclamar liberdade aos cativos. Onde houve opress\u00e3o, anuncia-se salva\u00e7\u00e3o pela gra\u00e7a. Onde houve choro, proclama-se a alegria que vem do Senhor. Cristo n\u00e3o escraviza, Ele liberta\u201d, refletiu.<\/span><\/p>\n<blockquote data-instgrm-captioned data-instgrm-permalink=\"https:\/\/www.instagram.com\/reel\/DUBxY4PjMeG\/?utm_source=ig_embed&#038;utm_campaign=loading\" data-instgrm-version=\"14\"><\/blockquote>\n<p><span>H\u00e1 dois anos, o \u201cAviva Lisbon\u201d tem anunciado Jesus em locais p\u00fablicos de Portugal. \u201cEstamos vivendo a expectativa e a fome pela presen\u00e7a de Deus. Um anseio de levarmos o amor de Jesus para ruas, pra\u00e7as e esta\u00e7\u00f5es\u201d, disse a miss\u00e3o.<\/span><\/p>\n<blockquote data-instgrm-captioned data-instgrm-permalink=\"https:\/\/www.instagram.com\/p\/DUBnJJSjH77\/?utm_source=ig_embed&#038;utm_campaign=loading\" data-instgrm-version=\"14\"><\/blockquote>\n<\/div>\n","protected":false},"excerpt":{"rendered":"<p>Centenas de jovens est\u00e3o se reunindo em uma pra\u00e7a de Lisboa, em Portugal, para adorar a Deus e pregar o Evangelho. Os encontros, promovidos pelas miss\u00f5es \u201cAviva Lisbon\u201d e \u201cPara o Reino Movement\u201d, reuniram uma multid\u00e3o na Pra\u00e7a do Com\u00e9rcio, em janeiro e fevereiro. Os crist\u00e3os cantaram louvores brasileiros acompanhados de viol\u00e3o, levantando um altar de adora\u00e7\u00e3o no centro da capital portuguesa.\u00a0 Os jovens tamb\u00e9m oraram juntos e pregaram a mensagem do Evangelho. Para o mission\u00e1rio Felipe Belo, l\u00edder do \u201cPara o Reino Movement\u201d, o movimento de adora\u00e7\u00e3o na pra\u00e7a faz parte de um despertar espiritual. \u201cDeus est\u00e1 trazendo avivamento para a Europa\u201d, declarou ele, em postagem no Instagram. \u201c250 jovens reunidos em Lisboa para orar, cantar e pregar o Evangelho de Jesus\u201d. Felipe observou que a Pra\u00e7a do Com\u00e9rcio era um local usado para vender escravos a s\u00e9culos atr\u00e1s e hoje \u00e9 um lugar onde se anuncia a liberdade em Cristo. \u201cVidas foram vendidas e a dignidade humana foi negada. Homens e mulheres carregaram correntes no corpo e na alma, em contraste com o prop\u00f3sito de Deus, que criou o homem \u00e0 sua imagem\u201d, afirmou. \u201cHoje, nesse mesmo lugar, ecoa uma nova mensagem: o Evangelho de Jesus Cristo, que veio proclamar liberdade aos cativos. Onde houve opress\u00e3o, anuncia-se salva\u00e7\u00e3o pela gra\u00e7a. Onde houve choro, proclama-se a alegria que vem do Senhor. Cristo n\u00e3o escraviza, Ele liberta\u201d, refletiu. H\u00e1 dois anos, o \u201cAviva Lisbon\u201d tem anunciado Jesus em locais p\u00fablicos de Portugal. \u201cEstamos vivendo a expectativa e a fome pela presen\u00e7a de Deus. Um anseio de levarmos o amor de Jesus para ruas, pra\u00e7as e esta\u00e7\u00f5es\u201d, disse a miss\u00e3o.<\/p>\n","protected":false},"author":1,"featured_media":11399,"comment_status":"closed","ping_status":"closed","sticky":false,"template":"","format":"standard","meta":{"footnotes":""},"categories":[12],"tags":[],"class_list":["post-11398","post","type-post","status-publish","format-standard","has-post-thumbnail","hentry","category-mundo-cristao"],"acf":[],"_links":{"self":[{"href":"https:\/\/fabricadescripts.com.br\/igrejas\/IGRE3535\/wp-json\/wp\/v2\/posts\/11398","targetHints":{"allow":["GET"]}}],"collection":[{"href":"https:\/\/fabricadescripts.com.br\/igrejas\/IGRE3535\/wp-json\/wp\/v2\/posts"}],"about":[{"href":"https:\/\/fabricadescripts.com.br\/igrejas\/IGRE3535\/wp-json\/wp\/v2\/types\/post"}],"author":[{"embeddable":true,"href":"https:\/\/fabricadescripts.com.br\/igrejas\/IGRE3535\/wp-json\/wp\/v2\/users\/1"}],"replies":[{"embeddable":true,"href":"https:\/\/fabricadescripts.com.br\/igrejas\/IGRE3535\/wp-json\/wp\/v2\/comments?post=11398"}],"version-history":[{"count":0,"href":"https:\/\/fabricadescripts.com.br\/igrejas\/IGRE3535\/wp-json\/wp\/v2\/posts\/11398\/revisions"}],"wp:featuredmedia":[{"embeddable":true,"href":"https:\/\/fabricadescripts.com.br\/igrejas\/IGRE3535\/wp-json\/wp\/v2\/media\/11399"}],"wp:attachment":[{"href":"https:\/\/fabricadescripts.com.br\/igrejas\/IGRE3535\/wp-json\/wp\/v2\/media?parent=11398"}],"wp:term":[{"taxonomy":"category","embeddable":true,"href":"https:\/\/fabricadescripts.com.br\/igrejas\/IGRE3535\/wp-json\/wp\/v2\/categories?post=11398"},{"taxonomy":"post_tag","embeddable":true,"href":"https:\/\/fabricadescripts.com.br\/igrejas\/IGRE3535\/wp-json\/wp\/v2\/tags?post=11398"}],"curies":[{"name":"wp","href":"https:\/\/api.w.org\/{rel}","templated":true}]}}