{"id":11391,"date":"2026-03-14T13:08:09","date_gmt":"2026-03-14T16:08:09","guid":{"rendered":"https:\/\/fabricadescripts.com.br\/igrejas\/IGRE3535\/missao-diz-que-48-presos-cristaos-no-ira-correm-risco-em-meio-a-guerra-ore-por-protecao\/"},"modified":"2026-03-14T13:08:09","modified_gmt":"2026-03-14T16:08:09","slug":"missao-diz-que-48-presos-cristaos-no-ira-correm-risco-em-meio-a-guerra-ore-por-protecao","status":"publish","type":"post","link":"https:\/\/fabricadescripts.com.br\/igrejas\/IGRE3535\/missao-diz-que-48-presos-cristaos-no-ira-correm-risco-em-meio-a-guerra-ore-por-protecao\/","title":{"rendered":"Miss\u00e3o diz que 48 presos crist\u00e3os no Ir\u00e3 correm risco em meio a guerra: \u201cOre por prote\u00e7\u00e3o\u201d"},"content":{"rendered":"<div>\n<p><span>Os detentos de penitenci\u00e1rias do <\/span><span><strong>Ir\u00e3<\/strong><\/span><span>, incluindo pelo menos 48 <\/span><span><strong>crist\u00e3os<\/strong><\/span><span>, est\u00e3o enfrentando risco de morte em meio a guerra com os Estados Unidos e Israel, conforme o Article 18, uma organiza\u00e7\u00e3o que monitora a persegui\u00e7\u00e3o.<\/span><\/p>\n<p><span>Diversas organiza\u00e7\u00f5es expressaram preocupa\u00e7\u00e3o com a seguran\u00e7a dos <\/span><span><strong>presos<\/strong><\/span><span>. No s\u00e1bado (7), a Anistia Internacional afirmou que as pris\u00f5es iranianas foram atacadas no conflito.<\/span><\/p>\n<p><span>A organiza\u00e7\u00e3o declarou que a recusa do Ir\u00e3 em libertar presos pol\u00edticos est\u00e1 \u201ccolocando esses prisioneiros em risco de morte ou dano grave&#8221;.<\/span><\/p>\n<p><span>A Anistia Internacional tamb\u00e9m denunciou m\u00e1s condi\u00e7\u00f5es nas penitenci\u00e1rias. &#8220;Alguns prisioneiros foram transferidos para locais ou \u00e1reas n\u00e3o identificadas pr\u00f3ximas a potenciais alvos militares, aumentando as preocupa\u00e7\u00f5es com sua seguran\u00e7a&#8221;, disse.<\/span><\/p>\n<p><span>&#8220;As autoridades tamb\u00e9m est\u00e3o submetendo prisioneiros ao desaparecimento for\u00e7ado e negando o acesso a alimentos e \u00e1gua adequados\u201d.<\/span><\/p>\n<p><strong>Pris\u00e3o de Evin<\/strong><\/p>\n<p><span>Na Pris\u00e3o de Evin, em Teer\u00e3, onde est\u00e3o pelo menos 16 crist\u00e3os, as condi\u00e7\u00f5es s\u00e3o mais graves. Entre os prisioneiros, est\u00e3o muitos crentes idosos como o pastor iraniano-arm\u00eanio Joseph Shahbazian e Nasser Navard Gol-Tapeh, que sofreu um derrame em sua cela solit\u00e1ria no ano passado.<\/span><\/p>\n<p><span>Segundo o jornal DW Persian, &#8220;a administra\u00e7\u00e3o da Pris\u00e3o de Evin est\u00e1 em s\u00e9ria desordem, e a equipe trancou as portas e evacuou algumas enfermarias \u2013 uma situa\u00e7\u00e3o que atrapalhou o acesso dos presos ao dep\u00f3sito da pris\u00e3o e aos itens essenciais\u201d.<\/span><\/p>\n<p><span>Na semana passada, a Penitenci\u00e1ria da Grande Teer\u00e3 foi danificada ap\u00f3s um bombardeio atingir um local pr\u00f3ximo, conforme a BBC Persian.<\/span><\/p>\n<p><span>&#8220;Cerca de cinco explos\u00f5es altas foram ouvidas, o pr\u00e9dio administrativo foi severamente danificado, as janelas foram quebradas e v\u00e1rias paredes da pris\u00e3o destru\u00eddas. Todos os prisioneiros sa\u00edram e os guardas os reprimiram severamente, e n\u00e3o sei quantas pessoas ficaram feridas ou mortas, porque os guardas atiraram muito\u201d, relatou uma fonte local \u00e0 BBC Persian.<\/span><\/p>\n<p><span>O Centro de Direitos Humanos do Ir\u00e3 apelou \u00e0 comunidade internacional para que tome medidas para libertar os prisioneiros.<\/span><\/p>\n<p><span>\u201cGovernos do mundo todo e organiza\u00e7\u00f5es internacionais usem urgentemente todos os canais diplom\u00e1ticos e pol\u00edticos dispon\u00edveis para pressionar as autoridades iranianas a libertarem todos os prisioneiros e detentos pol\u00edticos e garantir que nenhuma execu\u00e7\u00e3o seja realizada durante este per\u00edodo de conflito&#8221;, pediu.<\/span><\/p>\n<p><strong>Pedido de ora\u00e7\u00e3o<\/strong><\/p>\n<p><span>A Portas Abertas Espanha emitiu um pedido de ora\u00e7\u00e3o pelos crist\u00e3os presos no Ir\u00e3.\u00a0<\/span><\/p>\n<p><span>\u201cDiversos relatos recentes indicam que as condi\u00e7\u00f5es se deterioraram dentro da Pris\u00e3o de Evin, a not\u00f3ria pris\u00e3o onde muitos crist\u00e3os e presos pol\u00edticos est\u00e3o detidos: o fornecimento de alimentos e as comunica\u00e7\u00f5es foram cortados, e os presos est\u00e3o sendo transferidos para locais desconhecidos\u201d, afirmou.<\/span><\/p>\n<p><span>\u201cOre a Deus pela prote\u00e7\u00e3o f\u00edsica, emocional e espiritual dos presos crist\u00e3os no Ir\u00e3. Ore para que eles n\u00e3o sejam usados \u200b\u200bcomo escudos humanos ou moeda de troca, mas que sejam protegidos de todo mal. Ore para que as pris\u00f5es n\u00e3o sejam alvos de ataques. Orem para que sejam libertados e tenham todos os seus direitos restaurados em breve\u201d, acrescentou.<\/span><\/p>\n<p><span>O Ir\u00e3 ocupa a 10\u00aa posi\u00e7\u00e3o da Lista Mundial da Persegui\u00e7\u00e3o 2026 da Miss\u00e3o Portas Abertas.<\/span><\/p>\n<blockquote data-instgrm-captioned data-instgrm-permalink=\"https:\/\/www.instagram.com\/p\/DVvrzMVjc5W\/?utm_source=ig_embed&#038;utm_campaign=loading\" data-instgrm-version=\"14\"><\/blockquote>\n<\/div>\n","protected":false},"excerpt":{"rendered":"<p>Os detentos de penitenci\u00e1rias do Ir\u00e3, incluindo pelo menos 48 crist\u00e3os, est\u00e3o enfrentando risco de morte em meio a guerra com os Estados Unidos e Israel, conforme o Article 18, uma organiza\u00e7\u00e3o que monitora a persegui\u00e7\u00e3o. Diversas organiza\u00e7\u00f5es expressaram preocupa\u00e7\u00e3o com a seguran\u00e7a dos presos. No s\u00e1bado (7), a Anistia Internacional afirmou que as pris\u00f5es iranianas foram atacadas no conflito. A organiza\u00e7\u00e3o declarou que a recusa do Ir\u00e3 em libertar presos pol\u00edticos est\u00e1 \u201ccolocando esses prisioneiros em risco de morte ou dano grave&#8221;. A Anistia Internacional tamb\u00e9m denunciou m\u00e1s condi\u00e7\u00f5es nas penitenci\u00e1rias. &#8220;Alguns prisioneiros foram transferidos para locais ou \u00e1reas n\u00e3o identificadas pr\u00f3ximas a potenciais alvos militares, aumentando as preocupa\u00e7\u00f5es com sua seguran\u00e7a&#8221;, disse. &#8220;As autoridades tamb\u00e9m est\u00e3o submetendo prisioneiros ao desaparecimento for\u00e7ado e negando o acesso a alimentos e \u00e1gua adequados\u201d. Pris\u00e3o de Evin Na Pris\u00e3o de Evin, em Teer\u00e3, onde est\u00e3o pelo menos 16 crist\u00e3os, as condi\u00e7\u00f5es s\u00e3o mais graves. Entre os prisioneiros, est\u00e3o muitos crentes idosos como o pastor iraniano-arm\u00eanio Joseph Shahbazian e Nasser Navard Gol-Tapeh, que sofreu um derrame em sua cela solit\u00e1ria no ano passado. Segundo o jornal DW Persian, &#8220;a administra\u00e7\u00e3o da Pris\u00e3o de Evin est\u00e1 em s\u00e9ria desordem, e a equipe trancou as portas e evacuou algumas enfermarias \u2013 uma situa\u00e7\u00e3o que atrapalhou o acesso dos presos ao dep\u00f3sito da pris\u00e3o e aos itens essenciais\u201d. Na semana passada, a Penitenci\u00e1ria da Grande Teer\u00e3 foi danificada ap\u00f3s um bombardeio atingir um local pr\u00f3ximo, conforme a BBC Persian. &#8220;Cerca de cinco explos\u00f5es altas foram ouvidas, o pr\u00e9dio administrativo foi severamente danificado, as janelas foram quebradas e v\u00e1rias paredes da pris\u00e3o destru\u00eddas. Todos os prisioneiros sa\u00edram e os guardas os reprimiram severamente, e n\u00e3o sei quantas pessoas ficaram feridas ou mortas, porque os guardas atiraram muito\u201d, relatou uma fonte local \u00e0 BBC Persian. O Centro de Direitos Humanos do Ir\u00e3 apelou \u00e0 comunidade internacional para que tome medidas para libertar os prisioneiros. \u201cGovernos do mundo todo e organiza\u00e7\u00f5es internacionais usem urgentemente todos os canais diplom\u00e1ticos e pol\u00edticos dispon\u00edveis para pressionar as autoridades iranianas a libertarem todos os prisioneiros e detentos pol\u00edticos e garantir que nenhuma execu\u00e7\u00e3o seja realizada durante este per\u00edodo de conflito&#8221;, pediu. Pedido de ora\u00e7\u00e3o A Portas Abertas Espanha emitiu um pedido de ora\u00e7\u00e3o pelos crist\u00e3os presos no Ir\u00e3.\u00a0 \u201cDiversos relatos recentes indicam que as condi\u00e7\u00f5es se deterioraram dentro da Pris\u00e3o de Evin, a not\u00f3ria pris\u00e3o onde muitos crist\u00e3os e presos pol\u00edticos est\u00e3o detidos: o fornecimento de alimentos e as comunica\u00e7\u00f5es foram cortados, e os presos est\u00e3o sendo transferidos para locais desconhecidos\u201d, afirmou. \u201cOre a Deus pela prote\u00e7\u00e3o f\u00edsica, emocional e espiritual dos presos crist\u00e3os no Ir\u00e3. Ore para que eles n\u00e3o sejam usados \u200b\u200bcomo escudos humanos ou moeda de troca, mas que sejam protegidos de todo mal. Ore para que as pris\u00f5es n\u00e3o sejam alvos de ataques. Orem para que sejam libertados e tenham todos os seus direitos restaurados em breve\u201d, acrescentou. O Ir\u00e3 ocupa a 10\u00aa posi\u00e7\u00e3o da Lista Mundial da Persegui\u00e7\u00e3o 2026 da Miss\u00e3o Portas Abertas.<\/p>\n","protected":false},"author":1,"featured_media":11392,"comment_status":"closed","ping_status":"closed","sticky":false,"template":"","format":"standard","meta":{"footnotes":""},"categories":[11],"tags":[],"class_list":["post-11391","post","type-post","status-publish","format-standard","has-post-thumbnail","hentry","category-brasil"],"acf":[],"_links":{"self":[{"href":"https:\/\/fabricadescripts.com.br\/igrejas\/IGRE3535\/wp-json\/wp\/v2\/posts\/11391","targetHints":{"allow":["GET"]}}],"collection":[{"href":"https:\/\/fabricadescripts.com.br\/igrejas\/IGRE3535\/wp-json\/wp\/v2\/posts"}],"about":[{"href":"https:\/\/fabricadescripts.com.br\/igrejas\/IGRE3535\/wp-json\/wp\/v2\/types\/post"}],"author":[{"embeddable":true,"href":"https:\/\/fabricadescripts.com.br\/igrejas\/IGRE3535\/wp-json\/wp\/v2\/users\/1"}],"replies":[{"embeddable":true,"href":"https:\/\/fabricadescripts.com.br\/igrejas\/IGRE3535\/wp-json\/wp\/v2\/comments?post=11391"}],"version-history":[{"count":0,"href":"https:\/\/fabricadescripts.com.br\/igrejas\/IGRE3535\/wp-json\/wp\/v2\/posts\/11391\/revisions"}],"wp:featuredmedia":[{"embeddable":true,"href":"https:\/\/fabricadescripts.com.br\/igrejas\/IGRE3535\/wp-json\/wp\/v2\/media\/11392"}],"wp:attachment":[{"href":"https:\/\/fabricadescripts.com.br\/igrejas\/IGRE3535\/wp-json\/wp\/v2\/media?parent=11391"}],"wp:term":[{"taxonomy":"category","embeddable":true,"href":"https:\/\/fabricadescripts.com.br\/igrejas\/IGRE3535\/wp-json\/wp\/v2\/categories?post=11391"},{"taxonomy":"post_tag","embeddable":true,"href":"https:\/\/fabricadescripts.com.br\/igrejas\/IGRE3535\/wp-json\/wp\/v2\/tags?post=11391"}],"curies":[{"name":"wp","href":"https:\/\/api.w.org\/{rel}","templated":true}]}}