{"id":11379,"date":"2026-03-13T12:19:02","date_gmt":"2026-03-13T15:19:02","guid":{"rendered":"https:\/\/fabricadescripts.com.br\/igrejas\/IGRE3535\/camila-campos-louva-em-hospital-apos-cirurgia-quem-comecou-a-obra-e-fiel-pra-terminar\/"},"modified":"2026-03-13T12:19:02","modified_gmt":"2026-03-13T15:19:02","slug":"camila-campos-louva-em-hospital-apos-cirurgia-quem-comecou-a-obra-e-fiel-pra-terminar","status":"publish","type":"post","link":"https:\/\/fabricadescripts.com.br\/igrejas\/IGRE3535\/camila-campos-louva-em-hospital-apos-cirurgia-quem-comecou-a-obra-e-fiel-pra-terminar\/","title":{"rendered":"Camila Campos louva em hospital ap\u00f3s cirurgia: \u201cQuem come\u00e7ou a obra \u00e9 fiel pra terminar\u201d"},"content":{"rendered":"<div>\n<p><span>A cantora <\/span><span><strong>Camila Campos<\/strong><\/span><span> louvou a Deus no hospital ap\u00f3s passar por uma <\/span><span><strong>cirurgia<\/strong><\/span><span> bem-sucedida para tratar uma sequela do <\/span><span><strong>c\u00e2ncer de mama<\/strong><\/span><span>.<\/span><\/p>\n<p><span>Em v\u00eddeo compartilhado no Instagram na ter\u00e7a-feira (10), ela cantou a m\u00fasica \u201cBoa Obra\u201d, de Valesca Mayssa, deitada no leito hospitalar.<\/span><\/p>\n<p><span>\u201cEu n\u00e3o te trouxe at\u00e9 aqui para morrer, ser\u00e1 que voc\u00ea se esqueceu, eu penso mais alto que voc\u00ea. E o meu caminho \u00e9 melhor que o seu. Ent\u00e3o levante a cabe\u00e7a, e volte a projetar, n\u00e3o risque nada do papel porque eu sou fiel pra realizar. Quem come\u00e7ou a boa obra, \u00e9 fiel pra terminar, no seu tempo e na sua hora, Ele tudo cumprir\u00e1\u201d, louvou Camila.<\/span><\/p>\n<blockquote data-instgrm-captioned data-instgrm-permalink=\"https:\/\/www.instagram.com\/reel\/DVtWPKagE2X\/?utm_source=ig_embed&#038;utm_campaign=loading\" data-instgrm-version=\"14\"><\/blockquote>\n<p><span>A cantora, diagnosticada com c\u00e2ncer de mama em 2024 e j\u00e1 curada, est\u00e1 em processo de recupera\u00e7\u00e3o depois de passar por uma cirurgia de emerg\u00eancia em fevereiro.<\/span><\/p>\n<p><span>Anteriormente, Camila explicou que o c\u00e2ncer deixou uma sequela \u00f3ssea, evoluindo para osteomielite. Devido \u00e0 gravidade do quadro, a cirurgia para remover parte do osso infectado foi necess\u00e1ria.<\/span><\/p>\n<p><span>Depois da cirurgia, ela compartilhou um v\u00eddeo junto com seu m\u00e9dico, testemunhando sobre o sucesso do procedimento.<\/span><\/p>\n<p><span>\u201cFoi uma cirurgia muito bem-sucedida, ela est\u00e1 com uma excelente recupera\u00e7\u00e3o. Est\u00e1 tudo dentro do planejado\u201d, afirmou o doutor Robinson Esteves.<\/span><\/p>\n<p><span>Camila agradeceu as ora\u00e7\u00f5es do p\u00fablico e declarou que cr\u00ea na completa restaura\u00e7\u00e3o da sua sa\u00fade.\u00a0<\/span><\/p>\n<p><span>\u201cAgrade\u00e7o a ora\u00e7\u00e3o e o apoio de voc\u00eas! Gra\u00e7as a Deus estou evoluindo bem e superando mais uma vez atrav\u00e9s do poder de Deus se manifestando em mim\u201d, escreveu ela, em postagem no Instagram.<\/span><\/p>\n<p><span>\u201cEu sigo firme e constante, forte e corajosa, mas ainda sim, precisando de voc\u00eas em ora\u00e7\u00e3o e intercess\u00e3o, porque n\u00e3o tem sido f\u00e1cil. Mas eu vou suportar o processo para viver o prop\u00f3sito em nome de Jesus\u201d, finalizou.<\/span><\/p>\n<blockquote data-instgrm-captioned data-instgrm-permalink=\"https:\/\/www.instagram.com\/p\/DUvkdbBAF3J\/?utm_source=ig_embed&#038;utm_campaign=loading\" data-instgrm-version=\"14\"><\/blockquote>\n<p><strong>A cura do c\u00e2ncer<\/strong><\/p>\n<p><span>Em julho de 2024, Camila revelou que havia sido diagnosticada com c\u00e2ncer de mama em est\u00e1gio avan\u00e7ado. Na \u00e9poca, a artista estava gr\u00e1vida de sete meses da filha ca\u00e7ula, Sofia.<\/span><\/p>\n<p><span>No dia 24 do mesmo m\u00eas, j\u00e1 internada para iniciar o tratamento, a cantora informou que a doen\u00e7a havia se espalhado para os ossos. Na mesma data, ela deu \u00e0 luz a Sofia, que nasceu prematura.<\/span><\/p>\n<p><span>Em janeiro de 2025, ao completar 36 anos, Camila testemunhou que estava curada do c\u00e2ncer de mama.<\/span><\/p>\n<p><span>Na \u00e9poca, a cantora compartilhou: \u201cEstou celebrando este milagre, a vida, o poder de Deus aperfei\u00e7oado na minha fraqueza. Os n\u00f3dulos do c\u00e2ncer de mama j\u00e1 sumiram para gl\u00f3ria de Deus e eu, sigo vencendo no Senhor. Hoje estou comemorando meu anivers\u00e1rio e mais do que isso, estou comemorando o milagre que Deus est\u00e1 fazendo na minha vida. Obrigada meu Deus, porque o Senhor me tirou uma cama de hospital e me trouxe para praia para me mostrar que Ele faz do doente, saud\u00e1vel, do fraco, forte, do cansado, forte. Esse \u00e9 o meu Deus! Te amo Deus! Gratid\u00e3o\u201d.<\/span><\/p>\n<\/div>\n","protected":false},"excerpt":{"rendered":"<p>A cantora Camila Campos louvou a Deus no hospital ap\u00f3s passar por uma cirurgia bem-sucedida para tratar uma sequela do c\u00e2ncer de mama. Em v\u00eddeo compartilhado no Instagram na ter\u00e7a-feira (10), ela cantou a m\u00fasica \u201cBoa Obra\u201d, de Valesca Mayssa, deitada no leito hospitalar. \u201cEu n\u00e3o te trouxe at\u00e9 aqui para morrer, ser\u00e1 que voc\u00ea se esqueceu, eu penso mais alto que voc\u00ea. E o meu caminho \u00e9 melhor que o seu. Ent\u00e3o levante a cabe\u00e7a, e volte a projetar, n\u00e3o risque nada do papel porque eu sou fiel pra realizar. Quem come\u00e7ou a boa obra, \u00e9 fiel pra terminar, no seu tempo e na sua hora, Ele tudo cumprir\u00e1\u201d, louvou Camila. A cantora, diagnosticada com c\u00e2ncer de mama em 2024 e j\u00e1 curada, est\u00e1 em processo de recupera\u00e7\u00e3o depois de passar por uma cirurgia de emerg\u00eancia em fevereiro. Anteriormente, Camila explicou que o c\u00e2ncer deixou uma sequela \u00f3ssea, evoluindo para osteomielite. Devido \u00e0 gravidade do quadro, a cirurgia para remover parte do osso infectado foi necess\u00e1ria. Depois da cirurgia, ela compartilhou um v\u00eddeo junto com seu m\u00e9dico, testemunhando sobre o sucesso do procedimento. \u201cFoi uma cirurgia muito bem-sucedida, ela est\u00e1 com uma excelente recupera\u00e7\u00e3o. Est\u00e1 tudo dentro do planejado\u201d, afirmou o doutor Robinson Esteves. Camila agradeceu as ora\u00e7\u00f5es do p\u00fablico e declarou que cr\u00ea na completa restaura\u00e7\u00e3o da sua sa\u00fade.\u00a0 \u201cAgrade\u00e7o a ora\u00e7\u00e3o e o apoio de voc\u00eas! Gra\u00e7as a Deus estou evoluindo bem e superando mais uma vez atrav\u00e9s do poder de Deus se manifestando em mim\u201d, escreveu ela, em postagem no Instagram. \u201cEu sigo firme e constante, forte e corajosa, mas ainda sim, precisando de voc\u00eas em ora\u00e7\u00e3o e intercess\u00e3o, porque n\u00e3o tem sido f\u00e1cil. Mas eu vou suportar o processo para viver o prop\u00f3sito em nome de Jesus\u201d, finalizou. A cura do c\u00e2ncer Em julho de 2024, Camila revelou que havia sido diagnosticada com c\u00e2ncer de mama em est\u00e1gio avan\u00e7ado. Na \u00e9poca, a artista estava gr\u00e1vida de sete meses da filha ca\u00e7ula, Sofia. No dia 24 do mesmo m\u00eas, j\u00e1 internada para iniciar o tratamento, a cantora informou que a doen\u00e7a havia se espalhado para os ossos. Na mesma data, ela deu \u00e0 luz a Sofia, que nasceu prematura. Em janeiro de 2025, ao completar 36 anos, Camila testemunhou que estava curada do c\u00e2ncer de mama. Na \u00e9poca, a cantora compartilhou: \u201cEstou celebrando este milagre, a vida, o poder de Deus aperfei\u00e7oado na minha fraqueza. Os n\u00f3dulos do c\u00e2ncer de mama j\u00e1 sumiram para gl\u00f3ria de Deus e eu, sigo vencendo no Senhor. Hoje estou comemorando meu anivers\u00e1rio e mais do que isso, estou comemorando o milagre que Deus est\u00e1 fazendo na minha vida. Obrigada meu Deus, porque o Senhor me tirou uma cama de hospital e me trouxe para praia para me mostrar que Ele faz do doente, saud\u00e1vel, do fraco, forte, do cansado, forte. Esse \u00e9 o meu Deus! Te amo Deus! Gratid\u00e3o\u201d.<\/p>\n","protected":false},"author":1,"featured_media":11380,"comment_status":"closed","ping_status":"closed","sticky":false,"template":"","format":"standard","meta":{"footnotes":""},"categories":[12],"tags":[],"class_list":["post-11379","post","type-post","status-publish","format-standard","has-post-thumbnail","hentry","category-mundo-cristao"],"acf":[],"_links":{"self":[{"href":"https:\/\/fabricadescripts.com.br\/igrejas\/IGRE3535\/wp-json\/wp\/v2\/posts\/11379","targetHints":{"allow":["GET"]}}],"collection":[{"href":"https:\/\/fabricadescripts.com.br\/igrejas\/IGRE3535\/wp-json\/wp\/v2\/posts"}],"about":[{"href":"https:\/\/fabricadescripts.com.br\/igrejas\/IGRE3535\/wp-json\/wp\/v2\/types\/post"}],"author":[{"embeddable":true,"href":"https:\/\/fabricadescripts.com.br\/igrejas\/IGRE3535\/wp-json\/wp\/v2\/users\/1"}],"replies":[{"embeddable":true,"href":"https:\/\/fabricadescripts.com.br\/igrejas\/IGRE3535\/wp-json\/wp\/v2\/comments?post=11379"}],"version-history":[{"count":0,"href":"https:\/\/fabricadescripts.com.br\/igrejas\/IGRE3535\/wp-json\/wp\/v2\/posts\/11379\/revisions"}],"wp:featuredmedia":[{"embeddable":true,"href":"https:\/\/fabricadescripts.com.br\/igrejas\/IGRE3535\/wp-json\/wp\/v2\/media\/11380"}],"wp:attachment":[{"href":"https:\/\/fabricadescripts.com.br\/igrejas\/IGRE3535\/wp-json\/wp\/v2\/media?parent=11379"}],"wp:term":[{"taxonomy":"category","embeddable":true,"href":"https:\/\/fabricadescripts.com.br\/igrejas\/IGRE3535\/wp-json\/wp\/v2\/categories?post=11379"},{"taxonomy":"post_tag","embeddable":true,"href":"https:\/\/fabricadescripts.com.br\/igrejas\/IGRE3535\/wp-json\/wp\/v2\/tags?post=11379"}],"curies":[{"name":"wp","href":"https:\/\/api.w.org\/{rel}","templated":true}]}}