{"id":11362,"date":"2026-03-12T11:46:28","date_gmt":"2026-03-12T14:46:28","guid":{"rendered":"https:\/\/fabricadescripts.com.br\/igrejas\/IGRE3535\/antissemitismo-global-cresce-34-apos-inicio-da-guerra-contra-o-ira-aponta-relatorio\/"},"modified":"2026-03-12T11:46:28","modified_gmt":"2026-03-12T14:46:28","slug":"antissemitismo-global-cresce-34-apos-inicio-da-guerra-contra-o-ira-aponta-relatorio","status":"publish","type":"post","link":"https:\/\/fabricadescripts.com.br\/igrejas\/IGRE3535\/antissemitismo-global-cresce-34-apos-inicio-da-guerra-contra-o-ira-aponta-relatorio\/","title":{"rendered":"Antissemitismo global cresce 34% ap\u00f3s in\u00edcio da guerra contra o Ir\u00e3, aponta relat\u00f3rio"},"content":{"rendered":"<div>\n<p>Um novo relat\u00f3rio internacional aponta um aumento significativo do antissemitismo em todo o mundo ap\u00f3s o in\u00edcio da <span><strong>guerra dos EUA e Israel contra o Ir\u00e3<\/strong><\/span>.<\/p>\n<p>Segundo dados divulgados pelo Centro de Pesquisa sobre Antissemitismo, ligado \u00e0 organiza\u00e7\u00e3o Movimento de Combate ao Antissemitismo (CAM, sigla em ingl\u00eas), os incidentes antissemitas cresceram 34% globalmente na primeira semana do conflito.<\/p>\n<p>O levantamento registrou 154 ocorr\u00eancias de <span><strong>antissemitismo<\/strong><\/span> em apenas sete dias, incluindo agress\u00f5es verbais, amea\u00e7as, vandalismo e propaganda de \u00f3dio contra judeus e israelenses.<\/p>\n<p>De acordo com o relat\u00f3rio, 73 desses epis\u00f3dios \u2013 quase metade \u2013 foram diretamente motivados pela guerra contra o Ir\u00e3.<\/p>\n<p>Entre os casos monitorados est\u00e3o manifesta\u00e7\u00f5es p\u00fablicas de apoio ao regime iraniano acompanhadas de incita\u00e7\u00e3o \u00e0 viol\u00eancia contra judeus, al\u00e9m da dissemina\u00e7\u00e3o de teorias conspirat\u00f3rias que culpam Israel ou o povo judeu pelo conflito.<\/p>\n<p>Esses epis\u00f3dios ocorreram em diferentes pa\u00edses, principalmente nas redes sociais e em protestos pol\u00edticos.<\/p>\n<p><strong>Oriente M\u00e9dio<\/strong><\/p>\n<p>O diretor-executivo do Movimento de Combate ao Antissemitismo, Sacha Roytman Dratwa, alertou que crises no <span><strong>Oriente M\u00e9dio<\/strong><\/span> frequentemente servem como catalisador para ataques contra comunidades judaicas em v\u00e1rias partes do mundo.<\/p>\n<p>Ele afirmou que grupos extremistas t\u00eam explorado o conflito para promover \u201c\u00f3dio contra judeus\u201d e ampliar campanhas de desinforma\u00e7\u00e3o.<\/p>\n<p>O relat\u00f3rio tamb\u00e9m classificou os incidentes por origem ideol\u00f3gica.<\/p>\n<p>Aproximadamente 49% foram associados \u00e0 extrema esquerda, 26% a motiva\u00e7\u00f5es islamistas e cerca de 14% \u00e0 extrema direita, demonstrando que o antissemitismo pode surgir de diferentes correntes pol\u00edticas e ideol\u00f3gicas.<\/p>\n<p>Especialistas alertam que o crescimento desse tipo de viol\u00eancia segue um padr\u00e3o observado em conflitos anteriores envolvendo Israel, quando tens\u00f5es geopol\u00edticas acabam sendo acompanhadas por um aumento de ataques e discursos de \u00f3dio contra comunidades judaicas em diversas regi\u00f5es do mundo.<\/p>\n<p>A organiza\u00e7\u00e3o apelou \u00e0s na\u00e7\u00f5es democr\u00e1ticas, \u00e0s institui\u00e7\u00f5es internacionais e aos l\u00edderes da sociedade civil para que condenem o antissemitismo de forma clara e consistente, garantindo ao mesmo tempo que as comunidades judaicas recebam a prote\u00e7\u00e3o e a solidariedade de que necessitam.<\/p>\n<\/div>\n","protected":false},"excerpt":{"rendered":"<p>Um novo relat\u00f3rio internacional aponta um aumento significativo do antissemitismo em todo o mundo ap\u00f3s o in\u00edcio da guerra dos EUA e Israel contra o Ir\u00e3. Segundo dados divulgados pelo Centro de Pesquisa sobre Antissemitismo, ligado \u00e0 organiza\u00e7\u00e3o Movimento de Combate ao Antissemitismo (CAM, sigla em ingl\u00eas), os incidentes antissemitas cresceram 34% globalmente na primeira semana do conflito. O levantamento registrou 154 ocorr\u00eancias de antissemitismo em apenas sete dias, incluindo agress\u00f5es verbais, amea\u00e7as, vandalismo e propaganda de \u00f3dio contra judeus e israelenses. De acordo com o relat\u00f3rio, 73 desses epis\u00f3dios \u2013 quase metade \u2013 foram diretamente motivados pela guerra contra o Ir\u00e3. Entre os casos monitorados est\u00e3o manifesta\u00e7\u00f5es p\u00fablicas de apoio ao regime iraniano acompanhadas de incita\u00e7\u00e3o \u00e0 viol\u00eancia contra judeus, al\u00e9m da dissemina\u00e7\u00e3o de teorias conspirat\u00f3rias que culpam Israel ou o povo judeu pelo conflito. Esses epis\u00f3dios ocorreram em diferentes pa\u00edses, principalmente nas redes sociais e em protestos pol\u00edticos. Oriente M\u00e9dio O diretor-executivo do Movimento de Combate ao Antissemitismo, Sacha Roytman Dratwa, alertou que crises no Oriente M\u00e9dio frequentemente servem como catalisador para ataques contra comunidades judaicas em v\u00e1rias partes do mundo. Ele afirmou que grupos extremistas t\u00eam explorado o conflito para promover \u201c\u00f3dio contra judeus\u201d e ampliar campanhas de desinforma\u00e7\u00e3o. O relat\u00f3rio tamb\u00e9m classificou os incidentes por origem ideol\u00f3gica. Aproximadamente 49% foram associados \u00e0 extrema esquerda, 26% a motiva\u00e7\u00f5es islamistas e cerca de 14% \u00e0 extrema direita, demonstrando que o antissemitismo pode surgir de diferentes correntes pol\u00edticas e ideol\u00f3gicas. Especialistas alertam que o crescimento desse tipo de viol\u00eancia segue um padr\u00e3o observado em conflitos anteriores envolvendo Israel, quando tens\u00f5es geopol\u00edticas acabam sendo acompanhadas por um aumento de ataques e discursos de \u00f3dio contra comunidades judaicas em diversas regi\u00f5es do mundo. A organiza\u00e7\u00e3o apelou \u00e0s na\u00e7\u00f5es democr\u00e1ticas, \u00e0s institui\u00e7\u00f5es internacionais e aos l\u00edderes da sociedade civil para que condenem o antissemitismo de forma clara e consistente, garantindo ao mesmo tempo que as comunidades judaicas recebam a prote\u00e7\u00e3o e a solidariedade de que necessitam.<\/p>\n","protected":false},"author":1,"featured_media":11363,"comment_status":"closed","ping_status":"closed","sticky":false,"template":"","format":"standard","meta":{"footnotes":""},"categories":[13],"tags":[],"class_list":["post-11362","post","type-post","status-publish","format-standard","has-post-thumbnail","hentry","category-israel"],"acf":[],"_links":{"self":[{"href":"https:\/\/fabricadescripts.com.br\/igrejas\/IGRE3535\/wp-json\/wp\/v2\/posts\/11362","targetHints":{"allow":["GET"]}}],"collection":[{"href":"https:\/\/fabricadescripts.com.br\/igrejas\/IGRE3535\/wp-json\/wp\/v2\/posts"}],"about":[{"href":"https:\/\/fabricadescripts.com.br\/igrejas\/IGRE3535\/wp-json\/wp\/v2\/types\/post"}],"author":[{"embeddable":true,"href":"https:\/\/fabricadescripts.com.br\/igrejas\/IGRE3535\/wp-json\/wp\/v2\/users\/1"}],"replies":[{"embeddable":true,"href":"https:\/\/fabricadescripts.com.br\/igrejas\/IGRE3535\/wp-json\/wp\/v2\/comments?post=11362"}],"version-history":[{"count":0,"href":"https:\/\/fabricadescripts.com.br\/igrejas\/IGRE3535\/wp-json\/wp\/v2\/posts\/11362\/revisions"}],"wp:featuredmedia":[{"embeddable":true,"href":"https:\/\/fabricadescripts.com.br\/igrejas\/IGRE3535\/wp-json\/wp\/v2\/media\/11363"}],"wp:attachment":[{"href":"https:\/\/fabricadescripts.com.br\/igrejas\/IGRE3535\/wp-json\/wp\/v2\/media?parent=11362"}],"wp:term":[{"taxonomy":"category","embeddable":true,"href":"https:\/\/fabricadescripts.com.br\/igrejas\/IGRE3535\/wp-json\/wp\/v2\/categories?post=11362"},{"taxonomy":"post_tag","embeddable":true,"href":"https:\/\/fabricadescripts.com.br\/igrejas\/IGRE3535\/wp-json\/wp\/v2\/tags?post=11362"}],"curies":[{"name":"wp","href":"https:\/\/api.w.org\/{rel}","templated":true}]}}