{"id":11350,"date":"2026-03-11T04:01:30","date_gmt":"2026-03-11T07:01:30","guid":{"rendered":"https:\/\/fabricadescripts.com.br\/igrejas\/IGRE3535\/cristao-de-21-anos-e-torturado-ate-a-morte-por-muculmanos-no-paquistao\/"},"modified":"2026-03-11T04:01:30","modified_gmt":"2026-03-11T07:01:30","slug":"cristao-de-21-anos-e-torturado-ate-a-morte-por-muculmanos-no-paquistao","status":"publish","type":"post","link":"https:\/\/fabricadescripts.com.br\/igrejas\/IGRE3535\/cristao-de-21-anos-e-torturado-ate-a-morte-por-muculmanos-no-paquistao\/","title":{"rendered":"Crist\u00e3o de 21 anos \u00e9 torturado at\u00e9 a morte por mu\u00e7ulmanos no Paquist\u00e3o"},"content":{"rendered":"<div>\n<p><span>Um jovem crist\u00e3o de 21 anos foi torturado at\u00e9 a morte por seus patr\u00f5es mu\u00e7ulmanos no <\/span><span><strong>Paquist\u00e3o<\/strong><\/span><span>, na \u00faltima quarta-feira (4). Ap\u00f3s o crime, os suspeitos teriam tentado simular um suic\u00eddio por enforcamento, segundo a fam\u00edlia da v\u00edtima.\u00a0<\/span><\/p>\n<p><span>Marcus Masih trabalhava h\u00e1 cinco anos em uma fazenda no distrito de Sargodha, na prov\u00edncia de Punjab. O local pertence a Muhammad Mohsin Kharal e Muhammad Basharat Kharal.<\/span><\/p>\n<p><span>De acordo com Dilshad Masih, irm\u00e3o da v\u00edtima, Basharat telefonou por volta das 10h da manh\u00e3 informando que Marcus havia cometido suic\u00eddio por enforcamento no teto de um curral.<\/span><\/p>\n<p><span>\u201cDois parentes e eu fomos imediatamente para a aldeia deles, onde vimos o corpo de Marcus pendurado no teto. Eles nos disseram que n\u00e3o tinham ideia de por que ele teria tirado a pr\u00f3pria vida\u201d, disse Masih ao Morning Star News.\u00a0<\/span><\/p>\n<p><span>A fam\u00edlia come\u00e7ou a suspeitar depois da aut\u00f3psia. De acordo com Masih, advogados ligados aos empregadores mu\u00e7ulmanos pressionaram os familiares a colocarem suas impress\u00f5es digitais em uma folha de papel em branco, alegando que isso era necess\u00e1rio para liberar o corpo para exame.<\/span><\/p>\n<p><span>\u201cEst\u00e1vamos em profundo choque e luto e n\u00e3o os questionamos. Mas quando o corpo nos foi devolvido, vimos hematomas graves e marcas de queimadura. Foi ent\u00e3o que percebemos que Marcus havia sido torturado\u201d, afirmou o irm\u00e3o.<\/span><\/p>\n<p><strong>\u2018S\u00f3 nos resta esperar por justi\u00e7a\u2019<\/strong><\/p>\n<p><span>Embora Marcus nunca tenha relatado maus-tratos no trabalho, o irm\u00e3o destacou que os empregadores tinham reputa\u00e7\u00e3o controversa na regi\u00e3o.<\/span><\/p>\n<p><span>\u201cEu j\u00e1 havia pedido a ele diversas vezes que deixasse aquele emprego e trabalhasse comigo em um condom\u00ednio residencial privado onde tenho um contrato de limpeza. Mas ele preferiu ficar\u201d, disse Masih.<\/span><\/p>\n<p><span>O Morning Star News informou que ap\u00f3s o crime, dezenas de crist\u00e3os realizaram um protesto colocando o corpo na rodovia principal e bloqueando o tr\u00e2nsito para exigir o registro do caso. A pol\u00edcia registrou um boletim de ocorr\u00eancia e prometeu investigar.<\/span><\/p>\n<p><span>\u201cA pol\u00edcia nos garantiu que prender\u00e1 o acusado. Mas pessoas influentes muitas vezes escapam da responsabiliza\u00e7\u00e3o. Somos crist\u00e3os pobres. S\u00f3 nos resta esperar por justi\u00e7a\u201d, relatou Masih.<\/span><\/p>\n<p><span>O defensor de direitos humanos Asher Adeel, baseado em Sargodha, condenou o assassinato e pediu uma investiga\u00e7\u00e3o imparcial.<\/span><\/p>\n<p><span>\u201cAs les\u00f5es vis\u00edveis sugerem tortura severa. Se as alega\u00e7\u00f5es forem verdadeiras, o acusado n\u00e3o s\u00f3 o matou, como tentou disfar\u00e7ar o crime de suic\u00eddio e coagiu a fam\u00edlia a assinar documentos em branco. As autoridades devem garantir que ningu\u00e9m esteja acima da lei\u201d, declarou ele.<\/span><\/p>\n<p><strong>A vulnerabilidade de crist\u00e3os no Paquist\u00e3o<\/strong><\/p>\n<p><span>At\u00e9 o momento da publica\u00e7\u00e3o, nenhuma pris\u00e3o havia sido confirmada. A fam\u00edlia de Marcus afirmou que est\u00e1 buscando assist\u00eancia jur\u00eddica e pediu \u00e0s autoridades uma investiga\u00e7\u00e3o transparente: \u201cS\u00f3 queremos a verdade. Meu irm\u00e3o merece justi\u00e7a\u201d.<\/span><\/p>\n<p><span>Grupos de defesa dos direitos crist\u00e3os afirmam que o caso reflete a vulnerabilidade enfrentada por minorias religiosas no Paquist\u00e3o rural, onde muitos vivem em pobreza e trabalham em empregos informais sob o controle de propriet\u00e1rios de terras influentes. Nos \u00faltimos anos, diversos epis\u00f3dios semelhantes refor\u00e7aram essas preocupa\u00e7\u00f5es.<\/span><\/p>\n<p><span>O Paquist\u00e3o ficou novamente em 8\u00ba lugar na <\/span><span><strong>Lista Mundial de Vigil\u00e2ncia 2026 da Portas Abertas<\/strong><\/span><span>, que avalia a persegui\u00e7\u00e3o enfrentada por crist\u00e3os em todo o mundo.\u00a0<\/span><\/p>\n<p><span>O relat\u00f3rio aponta discrimina\u00e7\u00e3o sist\u00eamica, viol\u00eancia coletiva, convers\u00f5es for\u00e7adas, trabalho escravo e abusos contra crist\u00e3os \u2014 crimes que muitas vezes permanecem impunes devido \u00e0 fragilidade da aplica\u00e7\u00e3o da lei e \u00e0 press\u00e3o social.<\/span><\/p>\n<\/div>\n","protected":false},"excerpt":{"rendered":"<p>Um jovem crist\u00e3o de 21 anos foi torturado at\u00e9 a morte por seus patr\u00f5es mu\u00e7ulmanos no Paquist\u00e3o, na \u00faltima quarta-feira (4). Ap\u00f3s o crime, os suspeitos teriam tentado simular um suic\u00eddio por enforcamento, segundo a fam\u00edlia da v\u00edtima.\u00a0 Marcus Masih trabalhava h\u00e1 cinco anos em uma fazenda no distrito de Sargodha, na prov\u00edncia de Punjab. O local pertence a Muhammad Mohsin Kharal e Muhammad Basharat Kharal. De acordo com Dilshad Masih, irm\u00e3o da v\u00edtima, Basharat telefonou por volta das 10h da manh\u00e3 informando que Marcus havia cometido suic\u00eddio por enforcamento no teto de um curral. \u201cDois parentes e eu fomos imediatamente para a aldeia deles, onde vimos o corpo de Marcus pendurado no teto. Eles nos disseram que n\u00e3o tinham ideia de por que ele teria tirado a pr\u00f3pria vida\u201d, disse Masih ao Morning Star News.\u00a0 A fam\u00edlia come\u00e7ou a suspeitar depois da aut\u00f3psia. De acordo com Masih, advogados ligados aos empregadores mu\u00e7ulmanos pressionaram os familiares a colocarem suas impress\u00f5es digitais em uma folha de papel em branco, alegando que isso era necess\u00e1rio para liberar o corpo para exame. \u201cEst\u00e1vamos em profundo choque e luto e n\u00e3o os questionamos. Mas quando o corpo nos foi devolvido, vimos hematomas graves e marcas de queimadura. Foi ent\u00e3o que percebemos que Marcus havia sido torturado\u201d, afirmou o irm\u00e3o. \u2018S\u00f3 nos resta esperar por justi\u00e7a\u2019 Embora Marcus nunca tenha relatado maus-tratos no trabalho, o irm\u00e3o destacou que os empregadores tinham reputa\u00e7\u00e3o controversa na regi\u00e3o. \u201cEu j\u00e1 havia pedido a ele diversas vezes que deixasse aquele emprego e trabalhasse comigo em um condom\u00ednio residencial privado onde tenho um contrato de limpeza. Mas ele preferiu ficar\u201d, disse Masih. O Morning Star News informou que ap\u00f3s o crime, dezenas de crist\u00e3os realizaram um protesto colocando o corpo na rodovia principal e bloqueando o tr\u00e2nsito para exigir o registro do caso. A pol\u00edcia registrou um boletim de ocorr\u00eancia e prometeu investigar. \u201cA pol\u00edcia nos garantiu que prender\u00e1 o acusado. Mas pessoas influentes muitas vezes escapam da responsabiliza\u00e7\u00e3o. Somos crist\u00e3os pobres. S\u00f3 nos resta esperar por justi\u00e7a\u201d, relatou Masih. O defensor de direitos humanos Asher Adeel, baseado em Sargodha, condenou o assassinato e pediu uma investiga\u00e7\u00e3o imparcial. \u201cAs les\u00f5es vis\u00edveis sugerem tortura severa. Se as alega\u00e7\u00f5es forem verdadeiras, o acusado n\u00e3o s\u00f3 o matou, como tentou disfar\u00e7ar o crime de suic\u00eddio e coagiu a fam\u00edlia a assinar documentos em branco. As autoridades devem garantir que ningu\u00e9m esteja acima da lei\u201d, declarou ele. A vulnerabilidade de crist\u00e3os no Paquist\u00e3o At\u00e9 o momento da publica\u00e7\u00e3o, nenhuma pris\u00e3o havia sido confirmada. A fam\u00edlia de Marcus afirmou que est\u00e1 buscando assist\u00eancia jur\u00eddica e pediu \u00e0s autoridades uma investiga\u00e7\u00e3o transparente: \u201cS\u00f3 queremos a verdade. Meu irm\u00e3o merece justi\u00e7a\u201d. Grupos de defesa dos direitos crist\u00e3os afirmam que o caso reflete a vulnerabilidade enfrentada por minorias religiosas no Paquist\u00e3o rural, onde muitos vivem em pobreza e trabalham em empregos informais sob o controle de propriet\u00e1rios de terras influentes. Nos \u00faltimos anos, diversos epis\u00f3dios semelhantes refor\u00e7aram essas preocupa\u00e7\u00f5es. O Paquist\u00e3o ficou novamente em 8\u00ba lugar na Lista Mundial de Vigil\u00e2ncia 2026 da Portas Abertas, que avalia a persegui\u00e7\u00e3o enfrentada por crist\u00e3os em todo o mundo.\u00a0 O relat\u00f3rio aponta discrimina\u00e7\u00e3o sist\u00eamica, viol\u00eancia coletiva, convers\u00f5es for\u00e7adas, trabalho escravo e abusos contra crist\u00e3os \u2014 crimes que muitas vezes permanecem impunes devido \u00e0 fragilidade da aplica\u00e7\u00e3o da lei e \u00e0 press\u00e3o social.<\/p>\n","protected":false},"author":1,"featured_media":11351,"comment_status":"closed","ping_status":"closed","sticky":false,"template":"","format":"standard","meta":{"footnotes":""},"categories":[14],"tags":[],"class_list":["post-11350","post","type-post","status-publish","format-standard","has-post-thumbnail","hentry","category-missoes"],"acf":[],"_links":{"self":[{"href":"https:\/\/fabricadescripts.com.br\/igrejas\/IGRE3535\/wp-json\/wp\/v2\/posts\/11350","targetHints":{"allow":["GET"]}}],"collection":[{"href":"https:\/\/fabricadescripts.com.br\/igrejas\/IGRE3535\/wp-json\/wp\/v2\/posts"}],"about":[{"href":"https:\/\/fabricadescripts.com.br\/igrejas\/IGRE3535\/wp-json\/wp\/v2\/types\/post"}],"author":[{"embeddable":true,"href":"https:\/\/fabricadescripts.com.br\/igrejas\/IGRE3535\/wp-json\/wp\/v2\/users\/1"}],"replies":[{"embeddable":true,"href":"https:\/\/fabricadescripts.com.br\/igrejas\/IGRE3535\/wp-json\/wp\/v2\/comments?post=11350"}],"version-history":[{"count":0,"href":"https:\/\/fabricadescripts.com.br\/igrejas\/IGRE3535\/wp-json\/wp\/v2\/posts\/11350\/revisions"}],"wp:featuredmedia":[{"embeddable":true,"href":"https:\/\/fabricadescripts.com.br\/igrejas\/IGRE3535\/wp-json\/wp\/v2\/media\/11351"}],"wp:attachment":[{"href":"https:\/\/fabricadescripts.com.br\/igrejas\/IGRE3535\/wp-json\/wp\/v2\/media?parent=11350"}],"wp:term":[{"taxonomy":"category","embeddable":true,"href":"https:\/\/fabricadescripts.com.br\/igrejas\/IGRE3535\/wp-json\/wp\/v2\/categories?post=11350"},{"taxonomy":"post_tag","embeddable":true,"href":"https:\/\/fabricadescripts.com.br\/igrejas\/IGRE3535\/wp-json\/wp\/v2\/tags?post=11350"}],"curies":[{"name":"wp","href":"https:\/\/api.w.org\/{rel}","templated":true}]}}