{"id":11343,"date":"2026-03-11T04:01:30","date_gmt":"2026-03-11T07:01:30","guid":{"rendered":"https:\/\/fabricadescripts.com.br\/igrejas\/IGRE3535\/israel-elimina-terroristas-do-hezbollah-em-vila-crista-no-libano\/"},"modified":"2026-03-11T04:01:30","modified_gmt":"2026-03-11T07:01:30","slug":"israel-elimina-terroristas-do-hezbollah-em-vila-crista-no-libano","status":"publish","type":"post","link":"https:\/\/fabricadescripts.com.br\/igrejas\/IGRE3535\/israel-elimina-terroristas-do-hezbollah-em-vila-crista-no-libano\/","title":{"rendered":"Israel elimina terroristas do Hezbollah em vila crist\u00e3 no L\u00edbano"},"content":{"rendered":"<div>\n<p><span>As For\u00e7as de Defesa de Israel (IDF) eliminaram uma c\u00e9lula do grupo terrorista <\/span><span><strong>Hezbollah<\/strong><\/span><span> em uma vila crist\u00e3, no <\/span><span><strong>L\u00edbano<\/strong><\/span><span>.<\/span><\/p>\n<p><span>Segundo um comunicado da IDF divulgado na segunda-feira (9), soldados da 300\u00aa Brigada &#8220;Bar&#8217;am&#8221; identificaram os terroristas durante uma opera\u00e7\u00e3o contra o Hezbollah no sul do pa\u00eds.<\/span><\/p>\n<p><span>As for\u00e7as israelenses descobriram que a c\u00e9lula terrorista entrou na vila crist\u00e3 e estava tentando usar a \u00e1rea para atividades militares.<\/span><\/p>\n<p><span>Ap\u00f3s a identifica\u00e7\u00e3o, um ca\u00e7a da For\u00e7a A\u00e9rea Israelense atacou e eliminou os terroristas. A IDF n\u00e3o informou em qual dia a a\u00e7\u00e3o aconteceu.<\/span><\/p>\n<blockquote>\n<div dir=\"ltr\" lang=\"en\">\n<p>\u2757\ufe0f\ud83c\udfa5WATCH: Armed Hezbollah terrorists enter and attempt to exploit a site in a Christian village in southern Lebanon<\/p>\n<p>Following the identification, IDF troops directed an Israeli Air Force fighter jet, which struck and eliminated the terrorist cell. pic.twitter.com\/yFHlb8U0sJ<\/p>\n<\/div>\n<p>  \u2014 Israel Defense Forces (@IDF) March 9, 2026<\/p><\/blockquote>\n<p><span>&#8220;A presen\u00e7a de terroristas na \u00e1rea constitui mais um exemplo da explora\u00e7\u00e3o c\u00ednica da infraestrutura civil para atividades terroristas pelo Hezbollah&#8221;, afirmou o ex\u00e9rcito.<\/span><\/p>\n<p><span>Nos \u00faltimos dias, Israel lan\u00e7ou um ataque contra o grupo terrorista Hezbollah, que est\u00e1 baseado no L\u00edbano e \u00e9 aliado do Ir\u00e3.<\/span><\/p>\n<p><span>O ataque israelense no L\u00edbano foi uma resposta aos m\u00edsseis e drones lan\u00e7ados pelo Hezbollah contra o norte de Israel no dia 2 de fevereiro.<\/span><\/p>\n<p><span>Segundo a Ag\u00eancia Brasil, o grupo terrorista afirmou que o ataque foi uma vingan\u00e7a pelo assassinato do aitol\u00e1 Ali Khamenei pelos <\/span><span><strong>EUA e Israel no Ir\u00e3<\/strong><\/span><span>.<\/span><\/p>\n<p><span>Antes de iniciar os ataques no L\u00edbano em 5 de fevereiro, as For\u00e7as de Defesa de Israel emitiram uma ordem de evacua\u00e7\u00e3o para os sub\u00farbios ao sul de Beirute, considerado o reduto do Hezbollah.<\/span><\/p>\n<p><span>A IDF informou que ir\u00e1 continuar operando contra a reconstitui\u00e7\u00e3o do Hezbollah.<\/span><\/p>\n<p><span><iframe title=\"YouTube video player\" src=\"https:\/\/www.youtube.com\/embed\/oM7RFio-ge0?si=FF0qjGN141dkWHjZ\" width=\"560\" height=\"315\" frameborder=\"0\" allowfullscreen=\"allowfullscreen\"><\/iframe><\/span><\/p>\n<\/div>\n","protected":false},"excerpt":{"rendered":"<p>As For\u00e7as de Defesa de Israel (IDF) eliminaram uma c\u00e9lula do grupo terrorista Hezbollah em uma vila crist\u00e3, no L\u00edbano. Segundo um comunicado da IDF divulgado na segunda-feira (9), soldados da 300\u00aa Brigada &#8220;Bar&#8217;am&#8221; identificaram os terroristas durante uma opera\u00e7\u00e3o contra o Hezbollah no sul do pa\u00eds. As for\u00e7as israelenses descobriram que a c\u00e9lula terrorista entrou na vila crist\u00e3 e estava tentando usar a \u00e1rea para atividades militares. Ap\u00f3s a identifica\u00e7\u00e3o, um ca\u00e7a da For\u00e7a A\u00e9rea Israelense atacou e eliminou os terroristas. A IDF n\u00e3o informou em qual dia a a\u00e7\u00e3o aconteceu. \u2757\ufe0f\ud83c\udfa5WATCH: Armed Hezbollah terrorists enter and attempt to exploit a site in a Christian village in southern Lebanon Following the identification, IDF troops directed an Israeli Air Force fighter jet, which struck and eliminated the terrorist cell. pic.twitter.com\/yFHlb8U0sJ \u2014 Israel Defense Forces (@IDF) March 9, 2026 &#8220;A presen\u00e7a de terroristas na \u00e1rea constitui mais um exemplo da explora\u00e7\u00e3o c\u00ednica da infraestrutura civil para atividades terroristas pelo Hezbollah&#8221;, afirmou o ex\u00e9rcito. Nos \u00faltimos dias, Israel lan\u00e7ou um ataque contra o grupo terrorista Hezbollah, que est\u00e1 baseado no L\u00edbano e \u00e9 aliado do Ir\u00e3. O ataque israelense no L\u00edbano foi uma resposta aos m\u00edsseis e drones lan\u00e7ados pelo Hezbollah contra o norte de Israel no dia 2 de fevereiro. Segundo a Ag\u00eancia Brasil, o grupo terrorista afirmou que o ataque foi uma vingan\u00e7a pelo assassinato do aitol\u00e1 Ali Khamenei pelos EUA e Israel no Ir\u00e3. Antes de iniciar os ataques no L\u00edbano em 5 de fevereiro, as For\u00e7as de Defesa de Israel emitiram uma ordem de evacua\u00e7\u00e3o para os sub\u00farbios ao sul de Beirute, considerado o reduto do Hezbollah. A IDF informou que ir\u00e1 continuar operando contra a reconstitui\u00e7\u00e3o do Hezbollah.<\/p>\n","protected":false},"author":1,"featured_media":11344,"comment_status":"closed","ping_status":"closed","sticky":false,"template":"","format":"standard","meta":{"footnotes":""},"categories":[13],"tags":[],"class_list":["post-11343","post","type-post","status-publish","format-standard","has-post-thumbnail","hentry","category-israel"],"acf":[],"_links":{"self":[{"href":"https:\/\/fabricadescripts.com.br\/igrejas\/IGRE3535\/wp-json\/wp\/v2\/posts\/11343","targetHints":{"allow":["GET"]}}],"collection":[{"href":"https:\/\/fabricadescripts.com.br\/igrejas\/IGRE3535\/wp-json\/wp\/v2\/posts"}],"about":[{"href":"https:\/\/fabricadescripts.com.br\/igrejas\/IGRE3535\/wp-json\/wp\/v2\/types\/post"}],"author":[{"embeddable":true,"href":"https:\/\/fabricadescripts.com.br\/igrejas\/IGRE3535\/wp-json\/wp\/v2\/users\/1"}],"replies":[{"embeddable":true,"href":"https:\/\/fabricadescripts.com.br\/igrejas\/IGRE3535\/wp-json\/wp\/v2\/comments?post=11343"}],"version-history":[{"count":0,"href":"https:\/\/fabricadescripts.com.br\/igrejas\/IGRE3535\/wp-json\/wp\/v2\/posts\/11343\/revisions"}],"wp:featuredmedia":[{"embeddable":true,"href":"https:\/\/fabricadescripts.com.br\/igrejas\/IGRE3535\/wp-json\/wp\/v2\/media\/11344"}],"wp:attachment":[{"href":"https:\/\/fabricadescripts.com.br\/igrejas\/IGRE3535\/wp-json\/wp\/v2\/media?parent=11343"}],"wp:term":[{"taxonomy":"category","embeddable":true,"href":"https:\/\/fabricadescripts.com.br\/igrejas\/IGRE3535\/wp-json\/wp\/v2\/categories?post=11343"},{"taxonomy":"post_tag","embeddable":true,"href":"https:\/\/fabricadescripts.com.br\/igrejas\/IGRE3535\/wp-json\/wp\/v2\/tags?post=11343"}],"curies":[{"name":"wp","href":"https:\/\/api.w.org\/{rel}","templated":true}]}}