{"id":11339,"date":"2026-03-11T04:01:27","date_gmt":"2026-03-11T07:01:27","guid":{"rendered":"https:\/\/fabricadescripts.com.br\/igrejas\/IGRE3535\/adolescentes-oram-de-joelhos-por-amigo-que-caiu-de-telhado-sabem-o-valor-da-oracao\/"},"modified":"2026-03-11T04:01:27","modified_gmt":"2026-03-11T07:01:27","slug":"adolescentes-oram-de-joelhos-por-amigo-que-caiu-de-telhado-sabem-o-valor-da-oracao","status":"publish","type":"post","link":"https:\/\/fabricadescripts.com.br\/igrejas\/IGRE3535\/adolescentes-oram-de-joelhos-por-amigo-que-caiu-de-telhado-sabem-o-valor-da-oracao\/","title":{"rendered":"Adolescentes oram de joelhos por amigo que caiu de telhado: \u201cSabem o valor da ora\u00e7\u00e3o\u201d"},"content":{"rendered":"<div>\n<p><span>Um adolescente de 14 anos ficou ferido ap\u00f3s cair do telhado de uma casa em Maring\u00e1, no Paran\u00e1, no s\u00e1bado (7).<\/span><\/p>\n<p><span>O menino estava soltando pipa no telhado quando se desequilibrou e caiu, de acordo com o Corpo de Bombeiros.<\/span><\/p>\n<p><span>Segundo o portal Plant\u00e3o Maring\u00e1, ele bateu o rosto e apresentou uma poss\u00edvel fratura no nariz.<\/span><\/p>\n<p><span>O SAMU (Servi\u00e7o de Atendimento M\u00f3vel de Urg\u00eancia) foi chamado e prestou socorro no local.\u00a0<\/span><\/p>\n<p><span>Durante o atendimento, dois amigos do adolescente se <\/span><span><strong>ajoelharam<\/strong><\/span><span> na cal\u00e7ada da resid\u00eancia e <\/span><span><strong>oraram<\/strong><\/span><span> por ele, pedindo por prote\u00e7\u00e3o a Deus.<\/span><\/p>\n<blockquote data-instgrm-captioned data-instgrm-permalink=\"https:\/\/www.instagram.com\/p\/DVmGMKsDgRz\/?utm_source=ig_embed&#038;utm_campaign=loading\" data-instgrm-version=\"14\"><\/blockquote>\n<p><span>A cena chamou aten\u00e7\u00e3o e repercutiu nas redes sociais. Em uma postagem sobre a atitude dos amigos, muitos usu\u00e1rios elogiaram a f\u00e9 deles.<\/span><\/p>\n<p><span>\u201cCrian\u00e7as que sabem o valor da ora\u00e7\u00e3o e da amizade\u201d, comentou uma mulher. E outra internauta escreveu: \u201cMeninos hoje, grandes homens amanh\u00e3. Tementes a Deus e humildes, de joelhos pedindo pelo pr\u00f3ximo\u2026 que lindo\u201d.<\/span><\/p>\n<p><span>O adolescente foi imobilizado pela equipe m\u00e9dica e encaminhado para a Santa Casa de Maring\u00e1. Ele n\u00e3o corre risco de vida.<\/span><\/p>\n<\/div>\n","protected":false},"excerpt":{"rendered":"<p>Um adolescente de 14 anos ficou ferido ap\u00f3s cair do telhado de uma casa em Maring\u00e1, no Paran\u00e1, no s\u00e1bado (7). O menino estava soltando pipa no telhado quando se desequilibrou e caiu, de acordo com o Corpo de Bombeiros. Segundo o portal Plant\u00e3o Maring\u00e1, ele bateu o rosto e apresentou uma poss\u00edvel fratura no nariz. O SAMU (Servi\u00e7o de Atendimento M\u00f3vel de Urg\u00eancia) foi chamado e prestou socorro no local.\u00a0 Durante o atendimento, dois amigos do adolescente se ajoelharam na cal\u00e7ada da resid\u00eancia e oraram por ele, pedindo por prote\u00e7\u00e3o a Deus. A cena chamou aten\u00e7\u00e3o e repercutiu nas redes sociais. Em uma postagem sobre a atitude dos amigos, muitos usu\u00e1rios elogiaram a f\u00e9 deles. \u201cCrian\u00e7as que sabem o valor da ora\u00e7\u00e3o e da amizade\u201d, comentou uma mulher. E outra internauta escreveu: \u201cMeninos hoje, grandes homens amanh\u00e3. Tementes a Deus e humildes, de joelhos pedindo pelo pr\u00f3ximo\u2026 que lindo\u201d. O adolescente foi imobilizado pela equipe m\u00e9dica e encaminhado para a Santa Casa de Maring\u00e1. Ele n\u00e3o corre risco de vida.<\/p>\n","protected":false},"author":1,"featured_media":11340,"comment_status":"closed","ping_status":"closed","sticky":false,"template":"","format":"standard","meta":{"footnotes":""},"categories":[12],"tags":[],"class_list":["post-11339","post","type-post","status-publish","format-standard","has-post-thumbnail","hentry","category-mundo-cristao"],"acf":[],"_links":{"self":[{"href":"https:\/\/fabricadescripts.com.br\/igrejas\/IGRE3535\/wp-json\/wp\/v2\/posts\/11339","targetHints":{"allow":["GET"]}}],"collection":[{"href":"https:\/\/fabricadescripts.com.br\/igrejas\/IGRE3535\/wp-json\/wp\/v2\/posts"}],"about":[{"href":"https:\/\/fabricadescripts.com.br\/igrejas\/IGRE3535\/wp-json\/wp\/v2\/types\/post"}],"author":[{"embeddable":true,"href":"https:\/\/fabricadescripts.com.br\/igrejas\/IGRE3535\/wp-json\/wp\/v2\/users\/1"}],"replies":[{"embeddable":true,"href":"https:\/\/fabricadescripts.com.br\/igrejas\/IGRE3535\/wp-json\/wp\/v2\/comments?post=11339"}],"version-history":[{"count":0,"href":"https:\/\/fabricadescripts.com.br\/igrejas\/IGRE3535\/wp-json\/wp\/v2\/posts\/11339\/revisions"}],"wp:featuredmedia":[{"embeddable":true,"href":"https:\/\/fabricadescripts.com.br\/igrejas\/IGRE3535\/wp-json\/wp\/v2\/media\/11340"}],"wp:attachment":[{"href":"https:\/\/fabricadescripts.com.br\/igrejas\/IGRE3535\/wp-json\/wp\/v2\/media?parent=11339"}],"wp:term":[{"taxonomy":"category","embeddable":true,"href":"https:\/\/fabricadescripts.com.br\/igrejas\/IGRE3535\/wp-json\/wp\/v2\/categories?post=11339"},{"taxonomy":"post_tag","embeddable":true,"href":"https:\/\/fabricadescripts.com.br\/igrejas\/IGRE3535\/wp-json\/wp\/v2\/tags?post=11339"}],"curies":[{"name":"wp","href":"https:\/\/api.w.org\/{rel}","templated":true}]}}