{"id":11331,"date":"2026-03-11T04:01:25","date_gmt":"2026-03-11T07:01:25","guid":{"rendered":"https:\/\/fabricadescripts.com.br\/igrejas\/IGRE3535\/na-onu-especialistas-denunciam-aumento-da-perseguicao-contra-cristaos-na-europa\/"},"modified":"2026-03-11T04:01:25","modified_gmt":"2026-03-11T07:01:25","slug":"na-onu-especialistas-denunciam-aumento-da-perseguicao-contra-cristaos-na-europa","status":"publish","type":"post","link":"https:\/\/fabricadescripts.com.br\/igrejas\/IGRE3535\/na-onu-especialistas-denunciam-aumento-da-perseguicao-contra-cristaos-na-europa\/","title":{"rendered":"Na ONU, especialistas denunciam aumento da persegui\u00e7\u00e3o contra crist\u00e3os na Europa"},"content":{"rendered":"<div>\n<p><span>Especialistas e diplomatas denunciaram na ONU o aumento da persegui\u00e7\u00e3o contra crist\u00e3os na <\/span><span><strong>Europa<\/strong><\/span><span>.<\/span><\/p>\n<p><span>Na 61\u00b0 sess\u00e3o do Conselho de Direitos Humanos das Na\u00e7\u00f5es Unidas, em Genebra, eles alertaram para o crescimento da viol\u00eancia e da press\u00e3o judicial contra a comunidade crist\u00e3 nos pa\u00edses europeus, no dia 3 de fevereiro.<\/span><\/p>\n<p><span>Anja Tang, diretora executiva do Observat\u00f3rio sobre Intoler\u00e2ncia e Discrimina\u00e7\u00e3o contra Crist\u00e3os na Europa (OIDAC Europa), afirmou que a organiza\u00e7\u00e3o registrou v\u00e1rios governos europeus mirando crentes \u201cpor meio de processos criminais por expressarem pacificamente suas cren\u00e7as religiosas&#8221;.<\/span><\/p>\n<p><span>Tang citou o exemplo dos processos judiciais contra a deputado finlandesa <\/span><span><strong>P\u00e4ivi R\u00e4s\u00e4nen <\/strong><\/span><span>por citar os princ\u00edpios b\u00edblicos sobre casamento e sexualidade publicamente.<\/span><\/p>\n<p><strong>Mais de 2.200 crimes de \u00f3dio anticrist\u00e3o<\/strong><\/p>\n<p><span>O arcebispo Ettore Balestrero, observador permanente da Igreja Cat\u00f3lica nas Na\u00e7\u00f5es Unidas, afirmou que <\/span><span><strong>2.211 crimes de \u00f3dio anticrist\u00e3o<\/strong><\/span><span> foram registrados na Europa em 2024, conforme um relat\u00f3rio do OIDAC.<\/span><\/p>\n<p><span>Balestrero defendeu que os pa\u00edses t\u00eam a responsabilidade de proteger a liberdade religiosa e garantir que os cidad\u00e3os possam praticar sua f\u00e9 sem interfer\u00eancia, acrescentando que quase 400 milh\u00f5es de crist\u00e3os sofrem persegui\u00e7\u00e3o no mundo. Para ele, a impunidade tem sido o maior desafio no combate \u00e0 persegui\u00e7\u00e3o religiosa.<\/span><\/p>\n<p><span>Os especialistas relataram que os casos de \u00f3dio contra crist\u00e3os no continente europeu inclui viol\u00eancia f\u00edsica; processos judiciais; e leis que afetam a express\u00e3o religiosa nas escolas, afetam os direitos dos pais na educa\u00e7\u00e3o dos filhos, e a autonomia das igrejas.<\/span><\/p>\n<p><span>&#8220;Os crist\u00e3os n\u00e3o est\u00e3o e n\u00e3o devem estar sozinhos&#8221;, declarou Nazila Ghanea, Relatora Especial das Na\u00e7\u00f5es Unidas sobre Liberdade de Religi\u00e3o ou Cren\u00e7a, observando que os crist\u00e3os enfrentam diversas viola\u00e7\u00f5es de direitos fundamentais.<\/span><\/p>\n<p><span>M\u00e1rk Aur\u00e9l \u00c9rszegi, conselheiro especial para religi\u00e3o e diplomacia no Minist\u00e9rio das Rela\u00e7\u00f5es Exteriores e Com\u00e9rcio da Hungria, sugeriu a cria\u00e7\u00e3o de programas de assist\u00eancia para ajudar comunidades que enfrentam persegui\u00e7\u00e3o e deslocamento for\u00e7ado por sua f\u00e9.<\/span><\/p>\n<p><strong>Ataques \u00e0 igrejas<\/strong><\/p>\n<p><span>Segundo o Observat\u00f3rio sobre Intoler\u00e2ncia e Discrimina\u00e7\u00e3o contra Crist\u00e3os na Europa, a maioria dos ataques contra crist\u00e3os de 2024 aconteceram na Fran\u00e7a, seguido pelo Reino Unido, Alemanha e Espanha.<\/span><\/p>\n<p><span>Um dos ataques mais brutais documentado foi o assassinato de um monge de 76 anos em um mosteiro na Espanha.<\/span><\/p>\n<p><span>Inc\u00eandios criminosos contra igrejas e propriedades crist\u00e3s na Europa tamb\u00e9m cresceram. Houve 94 casos em 2024.<\/span><\/p>\n<p><span>O maior n\u00famero de ataques incendi\u00e1rios aconteceu na Alemanha, com 33 casos. No ano passado, l\u00edderes crist\u00e3os denunciaram o aumento do vandalismo e profana\u00e7\u00e3o de igrejas no pa\u00eds.<\/span><\/p>\n<p><span>Al\u00e9m disso, houve 15 casos de vandalismo em templos envolvendo picha\u00e7\u00e3o de s\u00edmbolos sat\u00e2nicos no continente europeu.<\/span><\/p>\n<p><span>Conforme o relat\u00f3rio, \u00e9 dif\u00edcil identificar as raz\u00f5es dos crimes de \u00f3dio anticrist\u00e3o porque muitos dos criminosos n\u00e3o s\u00e3o detidos.<\/span><\/p>\n<p><span>Dos casos em que foi poss\u00edvel verificar, os ataques foram motivados por ideologia isl\u00e2mica radical, ideologia radical de esquerda, ideologia radical de direita e outros motivos pol\u00edticos.<\/span><\/p>\n<\/div>\n","protected":false},"excerpt":{"rendered":"<p>Especialistas e diplomatas denunciaram na ONU o aumento da persegui\u00e7\u00e3o contra crist\u00e3os na Europa. Na 61\u00b0 sess\u00e3o do Conselho de Direitos Humanos das Na\u00e7\u00f5es Unidas, em Genebra, eles alertaram para o crescimento da viol\u00eancia e da press\u00e3o judicial contra a comunidade crist\u00e3 nos pa\u00edses europeus, no dia 3 de fevereiro. Anja Tang, diretora executiva do Observat\u00f3rio sobre Intoler\u00e2ncia e Discrimina\u00e7\u00e3o contra Crist\u00e3os na Europa (OIDAC Europa), afirmou que a organiza\u00e7\u00e3o registrou v\u00e1rios governos europeus mirando crentes \u201cpor meio de processos criminais por expressarem pacificamente suas cren\u00e7as religiosas&#8221;. Tang citou o exemplo dos processos judiciais contra a deputado finlandesa P\u00e4ivi R\u00e4s\u00e4nen por citar os princ\u00edpios b\u00edblicos sobre casamento e sexualidade publicamente. Mais de 2.200 crimes de \u00f3dio anticrist\u00e3o O arcebispo Ettore Balestrero, observador permanente da Igreja Cat\u00f3lica nas Na\u00e7\u00f5es Unidas, afirmou que 2.211 crimes de \u00f3dio anticrist\u00e3o foram registrados na Europa em 2024, conforme um relat\u00f3rio do OIDAC. Balestrero defendeu que os pa\u00edses t\u00eam a responsabilidade de proteger a liberdade religiosa e garantir que os cidad\u00e3os possam praticar sua f\u00e9 sem interfer\u00eancia, acrescentando que quase 400 milh\u00f5es de crist\u00e3os sofrem persegui\u00e7\u00e3o no mundo. Para ele, a impunidade tem sido o maior desafio no combate \u00e0 persegui\u00e7\u00e3o religiosa. Os especialistas relataram que os casos de \u00f3dio contra crist\u00e3os no continente europeu inclui viol\u00eancia f\u00edsica; processos judiciais; e leis que afetam a express\u00e3o religiosa nas escolas, afetam os direitos dos pais na educa\u00e7\u00e3o dos filhos, e a autonomia das igrejas. &#8220;Os crist\u00e3os n\u00e3o est\u00e3o e n\u00e3o devem estar sozinhos&#8221;, declarou Nazila Ghanea, Relatora Especial das Na\u00e7\u00f5es Unidas sobre Liberdade de Religi\u00e3o ou Cren\u00e7a, observando que os crist\u00e3os enfrentam diversas viola\u00e7\u00f5es de direitos fundamentais. M\u00e1rk Aur\u00e9l \u00c9rszegi, conselheiro especial para religi\u00e3o e diplomacia no Minist\u00e9rio das Rela\u00e7\u00f5es Exteriores e Com\u00e9rcio da Hungria, sugeriu a cria\u00e7\u00e3o de programas de assist\u00eancia para ajudar comunidades que enfrentam persegui\u00e7\u00e3o e deslocamento for\u00e7ado por sua f\u00e9. Ataques \u00e0 igrejas Segundo o Observat\u00f3rio sobre Intoler\u00e2ncia e Discrimina\u00e7\u00e3o contra Crist\u00e3os na Europa, a maioria dos ataques contra crist\u00e3os de 2024 aconteceram na Fran\u00e7a, seguido pelo Reino Unido, Alemanha e Espanha. Um dos ataques mais brutais documentado foi o assassinato de um monge de 76 anos em um mosteiro na Espanha. Inc\u00eandios criminosos contra igrejas e propriedades crist\u00e3s na Europa tamb\u00e9m cresceram. Houve 94 casos em 2024. O maior n\u00famero de ataques incendi\u00e1rios aconteceu na Alemanha, com 33 casos. No ano passado, l\u00edderes crist\u00e3os denunciaram o aumento do vandalismo e profana\u00e7\u00e3o de igrejas no pa\u00eds. Al\u00e9m disso, houve 15 casos de vandalismo em templos envolvendo picha\u00e7\u00e3o de s\u00edmbolos sat\u00e2nicos no continente europeu. Conforme o relat\u00f3rio, \u00e9 dif\u00edcil identificar as raz\u00f5es dos crimes de \u00f3dio anticrist\u00e3o porque muitos dos criminosos n\u00e3o s\u00e3o detidos. Dos casos em que foi poss\u00edvel verificar, os ataques foram motivados por ideologia isl\u00e2mica radical, ideologia radical de esquerda, ideologia radical de direita e outros motivos pol\u00edticos.<\/p>\n","protected":false},"author":1,"featured_media":11332,"comment_status":"closed","ping_status":"closed","sticky":false,"template":"","format":"standard","meta":{"footnotes":""},"categories":[11],"tags":[],"class_list":["post-11331","post","type-post","status-publish","format-standard","has-post-thumbnail","hentry","category-brasil"],"acf":[],"_links":{"self":[{"href":"https:\/\/fabricadescripts.com.br\/igrejas\/IGRE3535\/wp-json\/wp\/v2\/posts\/11331","targetHints":{"allow":["GET"]}}],"collection":[{"href":"https:\/\/fabricadescripts.com.br\/igrejas\/IGRE3535\/wp-json\/wp\/v2\/posts"}],"about":[{"href":"https:\/\/fabricadescripts.com.br\/igrejas\/IGRE3535\/wp-json\/wp\/v2\/types\/post"}],"author":[{"embeddable":true,"href":"https:\/\/fabricadescripts.com.br\/igrejas\/IGRE3535\/wp-json\/wp\/v2\/users\/1"}],"replies":[{"embeddable":true,"href":"https:\/\/fabricadescripts.com.br\/igrejas\/IGRE3535\/wp-json\/wp\/v2\/comments?post=11331"}],"version-history":[{"count":0,"href":"https:\/\/fabricadescripts.com.br\/igrejas\/IGRE3535\/wp-json\/wp\/v2\/posts\/11331\/revisions"}],"wp:featuredmedia":[{"embeddable":true,"href":"https:\/\/fabricadescripts.com.br\/igrejas\/IGRE3535\/wp-json\/wp\/v2\/media\/11332"}],"wp:attachment":[{"href":"https:\/\/fabricadescripts.com.br\/igrejas\/IGRE3535\/wp-json\/wp\/v2\/media?parent=11331"}],"wp:term":[{"taxonomy":"category","embeddable":true,"href":"https:\/\/fabricadescripts.com.br\/igrejas\/IGRE3535\/wp-json\/wp\/v2\/categories?post=11331"},{"taxonomy":"post_tag","embeddable":true,"href":"https:\/\/fabricadescripts.com.br\/igrejas\/IGRE3535\/wp-json\/wp\/v2\/tags?post=11331"}],"curies":[{"name":"wp","href":"https:\/\/api.w.org\/{rel}","templated":true}]}}