{"id":11311,"date":"2026-03-08T11:45:48","date_gmt":"2026-03-08T14:45:48","guid":{"rendered":"https:\/\/fabricadescripts.com.br\/igrejas\/IGRE3535\/liberdade-religiosa-turquia-enfrenta-pressao-internacional-por-expulsao-de-missionarios\/"},"modified":"2026-03-08T11:45:48","modified_gmt":"2026-03-08T14:45:48","slug":"liberdade-religiosa-turquia-enfrenta-pressao-internacional-por-expulsao-de-missionarios","status":"publish","type":"post","link":"https:\/\/fabricadescripts.com.br\/igrejas\/IGRE3535\/liberdade-religiosa-turquia-enfrenta-pressao-internacional-por-expulsao-de-missionarios\/","title":{"rendered":"Liberdade religiosa: Turquia enfrenta press\u00e3o internacional por expuls\u00e3o de mission\u00e1rios"},"content":{"rendered":"<div>\n<p>A Comiss\u00e3o dos Estados Unidos para a Liberdade Religiosa Internacional (USCIRF) se juntou ao Parlamento Europeu para discutir a situa\u00e7\u00e3o de <span><strong>crist\u00e3os estrangeiros expulsos da Turquia<\/strong><\/span>, em grande parte sob justificativas de \u201cseguran\u00e7a nacional\u201d.<\/p>\n<p>Desde 2020, o pa\u00eds expulsou mais de 200 ministros crist\u00e3os estrangeiros, o que impactou aproximadamente 350 pessoas.<\/p>\n<p>Muitas congrega\u00e7\u00f5es protestantes ficaram sem lideran\u00e7a espiritual, pois diversos dos atingidos s\u00e3o ministros ordenados, alguns com d\u00e9cadas de perman\u00eancia no pa\u00eds.<\/p>\n<p>No m\u00eas anterior, o Tribunal Europeu dos Direitos Humanos (TEDH) notificou a Turquia sobre 20 casos de crist\u00e3os impedidos de entrar no pa\u00eds.<\/p>\n<p>Pouco depois, o Parlamento Europeu aprovou uma resolu\u00e7\u00e3o que condena a expuls\u00e3o de crist\u00e3os estrangeiros, realizada sob alega\u00e7\u00f5es infundadas de seguran\u00e7a nacional e sem respeito ao devido processo legal.<\/p>\n<p><strong>Liberdade religiosa<\/strong><\/p>\n<p>A USCIRF tamb\u00e9m passou a se envolver no tema, recomendando que a Turquia seja inclu\u00edda em uma Lista de Vigil\u00e2ncia Especial devido a viola\u00e7\u00f5es da<span> <strong>liberdade religiosa<\/strong><\/span>.<\/p>\n<p>\u00a0\u201cA classifica\u00e7\u00e3o arbitr\u00e1ria de crist\u00e3os protestantes nascidos no exterior como amea\u00e7as \u00e0 seguran\u00e7a nacional por parte da Turquia visa intimidar a comunidade crist\u00e3 e impedi-la de se reunir para o culto. Todos, independentemente do status de resid\u00eancia, t\u00eam o direito \u00e0 liberdade de religi\u00e3o ou cren\u00e7a, conforme o direito internacional\u201d, declarou a presidente da USCIRF, Vicky Hartzle.<\/p>\n<p>\u201cO governo dos EUA deve manter o \u00edmpeto alcan\u00e7ado pelo presidente Trump em seu encontro de setembro com o presidente Erdo\u011fan e pressionar por melhorias tang\u00edveis no hist\u00f3rico de liberdade religiosa da Turquia, incluindo o fim de suas t\u00e1ticas repressivas contra os crist\u00e3os.\u201d<\/p>\n<p>Muitos dos crist\u00e3os impedidos de retornar \u00e0 Turquia s\u00e3o representados pela ADF Internacional, que afirma que alguns deles viveram no pa\u00eds por d\u00e9cadas antes de terem a reentrada negada.<\/p>\n<p>\u201cEsperamos que o governo dos EUA e a comunidade internacional continuem a defender esse direito fundamental e a exigir que a Turquia ponha fim \u00e0s expuls\u00f5es seletivas de mission\u00e1rios crist\u00e3os\u201d, disse Kelsey Zorzi, diretora de Advocacia da ADF International.<\/p>\n<p>\u201cPraticar pacificamente a f\u00e9 crist\u00e3 n\u00e3o \u00e9 motivo para ser rotulado como uma amea\u00e7a \u00e0 seguran\u00e7a e expulso do pa\u00eds onde essas pessoas constru\u00edram suas vidas legalmente.\u201d<\/p>\n<\/div>\n","protected":false},"excerpt":{"rendered":"<p>A Comiss\u00e3o dos Estados Unidos para a Liberdade Religiosa Internacional (USCIRF) se juntou ao Parlamento Europeu para discutir a situa\u00e7\u00e3o de crist\u00e3os estrangeiros expulsos da Turquia, em grande parte sob justificativas de \u201cseguran\u00e7a nacional\u201d. Desde 2020, o pa\u00eds expulsou mais de 200 ministros crist\u00e3os estrangeiros, o que impactou aproximadamente 350 pessoas. Muitas congrega\u00e7\u00f5es protestantes ficaram sem lideran\u00e7a espiritual, pois diversos dos atingidos s\u00e3o ministros ordenados, alguns com d\u00e9cadas de perman\u00eancia no pa\u00eds. No m\u00eas anterior, o Tribunal Europeu dos Direitos Humanos (TEDH) notificou a Turquia sobre 20 casos de crist\u00e3os impedidos de entrar no pa\u00eds. Pouco depois, o Parlamento Europeu aprovou uma resolu\u00e7\u00e3o que condena a expuls\u00e3o de crist\u00e3os estrangeiros, realizada sob alega\u00e7\u00f5es infundadas de seguran\u00e7a nacional e sem respeito ao devido processo legal. Liberdade religiosa A USCIRF tamb\u00e9m passou a se envolver no tema, recomendando que a Turquia seja inclu\u00edda em uma Lista de Vigil\u00e2ncia Especial devido a viola\u00e7\u00f5es da liberdade religiosa. \u00a0\u201cA classifica\u00e7\u00e3o arbitr\u00e1ria de crist\u00e3os protestantes nascidos no exterior como amea\u00e7as \u00e0 seguran\u00e7a nacional por parte da Turquia visa intimidar a comunidade crist\u00e3 e impedi-la de se reunir para o culto. Todos, independentemente do status de resid\u00eancia, t\u00eam o direito \u00e0 liberdade de religi\u00e3o ou cren\u00e7a, conforme o direito internacional\u201d, declarou a presidente da USCIRF, Vicky Hartzle. \u201cO governo dos EUA deve manter o \u00edmpeto alcan\u00e7ado pelo presidente Trump em seu encontro de setembro com o presidente Erdo\u011fan e pressionar por melhorias tang\u00edveis no hist\u00f3rico de liberdade religiosa da Turquia, incluindo o fim de suas t\u00e1ticas repressivas contra os crist\u00e3os.\u201d Muitos dos crist\u00e3os impedidos de retornar \u00e0 Turquia s\u00e3o representados pela ADF Internacional, que afirma que alguns deles viveram no pa\u00eds por d\u00e9cadas antes de terem a reentrada negada. \u201cEsperamos que o governo dos EUA e a comunidade internacional continuem a defender esse direito fundamental e a exigir que a Turquia ponha fim \u00e0s expuls\u00f5es seletivas de mission\u00e1rios crist\u00e3os\u201d, disse Kelsey Zorzi, diretora de Advocacia da ADF International. \u201cPraticar pacificamente a f\u00e9 crist\u00e3 n\u00e3o \u00e9 motivo para ser rotulado como uma amea\u00e7a \u00e0 seguran\u00e7a e expulso do pa\u00eds onde essas pessoas constru\u00edram suas vidas legalmente.\u201d<\/p>\n","protected":false},"author":1,"featured_media":11312,"comment_status":"closed","ping_status":"closed","sticky":false,"template":"","format":"standard","meta":{"footnotes":""},"categories":[14],"tags":[],"class_list":["post-11311","post","type-post","status-publish","format-standard","has-post-thumbnail","hentry","category-missoes"],"acf":[],"_links":{"self":[{"href":"https:\/\/fabricadescripts.com.br\/igrejas\/IGRE3535\/wp-json\/wp\/v2\/posts\/11311","targetHints":{"allow":["GET"]}}],"collection":[{"href":"https:\/\/fabricadescripts.com.br\/igrejas\/IGRE3535\/wp-json\/wp\/v2\/posts"}],"about":[{"href":"https:\/\/fabricadescripts.com.br\/igrejas\/IGRE3535\/wp-json\/wp\/v2\/types\/post"}],"author":[{"embeddable":true,"href":"https:\/\/fabricadescripts.com.br\/igrejas\/IGRE3535\/wp-json\/wp\/v2\/users\/1"}],"replies":[{"embeddable":true,"href":"https:\/\/fabricadescripts.com.br\/igrejas\/IGRE3535\/wp-json\/wp\/v2\/comments?post=11311"}],"version-history":[{"count":0,"href":"https:\/\/fabricadescripts.com.br\/igrejas\/IGRE3535\/wp-json\/wp\/v2\/posts\/11311\/revisions"}],"wp:featuredmedia":[{"embeddable":true,"href":"https:\/\/fabricadescripts.com.br\/igrejas\/IGRE3535\/wp-json\/wp\/v2\/media\/11312"}],"wp:attachment":[{"href":"https:\/\/fabricadescripts.com.br\/igrejas\/IGRE3535\/wp-json\/wp\/v2\/media?parent=11311"}],"wp:term":[{"taxonomy":"category","embeddable":true,"href":"https:\/\/fabricadescripts.com.br\/igrejas\/IGRE3535\/wp-json\/wp\/v2\/categories?post=11311"},{"taxonomy":"post_tag","embeddable":true,"href":"https:\/\/fabricadescripts.com.br\/igrejas\/IGRE3535\/wp-json\/wp\/v2\/tags?post=11311"}],"curies":[{"name":"wp","href":"https:\/\/api.w.org\/{rel}","templated":true}]}}