{"id":11287,"date":"2026-03-06T06:44:23","date_gmt":"2026-03-06T09:44:23","guid":{"rendered":"https:\/\/fabricadescripts.com.br\/igrejas\/IGRE3535\/europa-registra-alta-de-crimes-de-odio-anticristaos-em-janeiro-com-39-casos\/"},"modified":"2026-03-06T06:44:23","modified_gmt":"2026-03-06T09:44:23","slug":"europa-registra-alta-de-crimes-de-odio-anticristaos-em-janeiro-com-39-casos","status":"publish","type":"post","link":"https:\/\/fabricadescripts.com.br\/igrejas\/IGRE3535\/europa-registra-alta-de-crimes-de-odio-anticristaos-em-janeiro-com-39-casos\/","title":{"rendered":"Europa registra alta de crimes de \u00f3dio anticrist\u00e3os em janeiro, com 39 casos"},"content":{"rendered":"<div>\n<p>O m\u00eas de janeiro registrou um crescimento dos <span><strong>crimes de \u00f3dio anticrist\u00e3os<\/strong><\/span> na Europa, de acordo com o Observat\u00f3rio sobre Intoler\u00e2ncia e Discrimina\u00e7\u00e3o contra Crist\u00e3os na Europa (OIDAC).<\/p>\n<p>O grupo aponta o registro de 39 crimes de \u00f3dio anticrist\u00e3os, que na maioria dos casos tiveram como alvo locais de culto e s\u00edmbolos religiosos, e n\u00e3o pessoas.<\/p>\n<p>Foram registrados 18 casos de vandalismo, 10 inc\u00eandios criminosos, cinco epis\u00f3dios de profana\u00e7\u00e3o e quatro roubos de s\u00edmbolos religiosos.<\/p>\n<p>Tr\u00eas casos envolveram viol\u00eancia contra crist\u00e3os, incluindo uma agress\u00e3o a um<span> <strong>pregador de rua na Holanda<\/strong><\/span>.<\/p>\n<p>Dez dos incidentes foram registrados na It\u00e1lia, oito na Alemanha e sete na Fran\u00e7a. Outros sete pa\u00edses apontam pelo menos um incidente.<\/p>\n<p>A OIDAC destacou que janeiro apresentou um n\u00famero excepcionalmente elevado de ataques por inc\u00eandio criminoso, a maioria concentrada na Alemanha e na It\u00e1lia.<\/p>\n<p>Fora da Uni\u00e3o Europeia, foram registrados dois incidentes no Reino Unido e um na Ucr\u00e2nia.<\/p>\n<p><strong>Persegui\u00e7\u00e3o anticrist\u00e3<\/strong><\/p>\n<p>Um dos casos no Reino Unido envolveu a proibi\u00e7\u00e3o, por parte da pol\u00edcia, de uma \u201cCaminhada com Jesus\u201d planejada para acontecer em Whitechapel, devido ao risco de dist\u00farbios graves decorrentes de uma rea\u00e7\u00e3o hostil da popula\u00e7\u00e3o majoritariamente mu\u00e7ulmana da regi\u00e3o.<\/p>\n<p>Recentemente, o Parlamento Europeu aprovou uma resolu\u00e7\u00e3o que reafirma sua oposi\u00e7\u00e3o a todas as formas de preconceito e discrimina\u00e7\u00e3o, incluindo a persegui\u00e7\u00e3o anticrist\u00e3.<\/p>\n<p>Os parlamentares reconhecem a falha em nomear um coordenador para tratar da cristianofobia, apesar de j\u00e1 contar com um coordenador plenamente estruturado para o combate \u00e0 islamofobia. A resolu\u00e7\u00e3o foi bem recebida pela OIDAC.<\/p>\n<p>O grupo afirmou que \u201co Parlamento Europeu n\u00e3o apenas reconhece a escala global da persegui\u00e7\u00e3o anticrist\u00e3, como tamb\u00e9m destaca uma assimetria institucional na atual estrutura antidiscriminat\u00f3ria da Uni\u00e3o Europeia\u201d.<\/p>\n<p><strong>N\u00fameros maiores<\/strong><\/p>\n<p>Embora os 39 incidentes registrados sejam descritos como um \u201caumento\u201d, \u00e9 poss\u00edvel que o n\u00famero real de crimes de \u00f3dio anticrist\u00e3os seja significativamente maior, j\u00e1 que um relat\u00f3rio publicado no ano passado indica que esses crimes s\u00e3o frequentemente \u201cminimizados, subnotificados ou politicamente ignorados.\u201d<\/p>\n<p>Dados publicados anteriormente pela OIDAC indicam que, em 2024, ocorreram mais de 2.200 crimes de \u00f3dio anticrist\u00e3os na Europa, o que representa uma m\u00e9dia mensal superior a 180 casos.<\/p>\n<p>A diretora da OIDAC, Anja Tang-Hoffmann, afirmou que os dados mais recentes \u201capontam para a necessidade de monitoramento cont\u00ednuo, da ado\u00e7\u00e3o de medidas preventivas eficazes e de respostas proporcionais por parte das autoridades policiais.\u201d<\/p>\n<p>\u201cGarantir a prote\u00e7\u00e3o dos locais de culto e o exerc\u00edcio livre e seguro da religi\u00e3o continua sendo uma obriga\u00e7\u00e3o fundamental dos Estados, de acordo com os padr\u00f5es europeus de direitos humanos, e um componente essencial da coes\u00e3o social e do pluralismo\u201d, afirmou ela.<\/p>\n<\/div>\n","protected":false},"excerpt":{"rendered":"<p>O m\u00eas de janeiro registrou um crescimento dos crimes de \u00f3dio anticrist\u00e3os na Europa, de acordo com o Observat\u00f3rio sobre Intoler\u00e2ncia e Discrimina\u00e7\u00e3o contra Crist\u00e3os na Europa (OIDAC). O grupo aponta o registro de 39 crimes de \u00f3dio anticrist\u00e3os, que na maioria dos casos tiveram como alvo locais de culto e s\u00edmbolos religiosos, e n\u00e3o pessoas. Foram registrados 18 casos de vandalismo, 10 inc\u00eandios criminosos, cinco epis\u00f3dios de profana\u00e7\u00e3o e quatro roubos de s\u00edmbolos religiosos. Tr\u00eas casos envolveram viol\u00eancia contra crist\u00e3os, incluindo uma agress\u00e3o a um pregador de rua na Holanda. Dez dos incidentes foram registrados na It\u00e1lia, oito na Alemanha e sete na Fran\u00e7a. Outros sete pa\u00edses apontam pelo menos um incidente. A OIDAC destacou que janeiro apresentou um n\u00famero excepcionalmente elevado de ataques por inc\u00eandio criminoso, a maioria concentrada na Alemanha e na It\u00e1lia. Fora da Uni\u00e3o Europeia, foram registrados dois incidentes no Reino Unido e um na Ucr\u00e2nia. Persegui\u00e7\u00e3o anticrist\u00e3 Um dos casos no Reino Unido envolveu a proibi\u00e7\u00e3o, por parte da pol\u00edcia, de uma \u201cCaminhada com Jesus\u201d planejada para acontecer em Whitechapel, devido ao risco de dist\u00farbios graves decorrentes de uma rea\u00e7\u00e3o hostil da popula\u00e7\u00e3o majoritariamente mu\u00e7ulmana da regi\u00e3o. Recentemente, o Parlamento Europeu aprovou uma resolu\u00e7\u00e3o que reafirma sua oposi\u00e7\u00e3o a todas as formas de preconceito e discrimina\u00e7\u00e3o, incluindo a persegui\u00e7\u00e3o anticrist\u00e3. Os parlamentares reconhecem a falha em nomear um coordenador para tratar da cristianofobia, apesar de j\u00e1 contar com um coordenador plenamente estruturado para o combate \u00e0 islamofobia. A resolu\u00e7\u00e3o foi bem recebida pela OIDAC. O grupo afirmou que \u201co Parlamento Europeu n\u00e3o apenas reconhece a escala global da persegui\u00e7\u00e3o anticrist\u00e3, como tamb\u00e9m destaca uma assimetria institucional na atual estrutura antidiscriminat\u00f3ria da Uni\u00e3o Europeia\u201d. N\u00fameros maiores Embora os 39 incidentes registrados sejam descritos como um \u201caumento\u201d, \u00e9 poss\u00edvel que o n\u00famero real de crimes de \u00f3dio anticrist\u00e3os seja significativamente maior, j\u00e1 que um relat\u00f3rio publicado no ano passado indica que esses crimes s\u00e3o frequentemente \u201cminimizados, subnotificados ou politicamente ignorados.\u201d Dados publicados anteriormente pela OIDAC indicam que, em 2024, ocorreram mais de 2.200 crimes de \u00f3dio anticrist\u00e3os na Europa, o que representa uma m\u00e9dia mensal superior a 180 casos. A diretora da OIDAC, Anja Tang-Hoffmann, afirmou que os dados mais recentes \u201capontam para a necessidade de monitoramento cont\u00ednuo, da ado\u00e7\u00e3o de medidas preventivas eficazes e de respostas proporcionais por parte das autoridades policiais.\u201d \u201cGarantir a prote\u00e7\u00e3o dos locais de culto e o exerc\u00edcio livre e seguro da religi\u00e3o continua sendo uma obriga\u00e7\u00e3o fundamental dos Estados, de acordo com os padr\u00f5es europeus de direitos humanos, e um componente essencial da coes\u00e3o social e do pluralismo\u201d, afirmou ela.<\/p>\n","protected":false},"author":1,"featured_media":11288,"comment_status":"closed","ping_status":"closed","sticky":false,"template":"","format":"standard","meta":{"footnotes":""},"categories":[14],"tags":[],"class_list":["post-11287","post","type-post","status-publish","format-standard","has-post-thumbnail","hentry","category-missoes"],"acf":[],"_links":{"self":[{"href":"https:\/\/fabricadescripts.com.br\/igrejas\/IGRE3535\/wp-json\/wp\/v2\/posts\/11287","targetHints":{"allow":["GET"]}}],"collection":[{"href":"https:\/\/fabricadescripts.com.br\/igrejas\/IGRE3535\/wp-json\/wp\/v2\/posts"}],"about":[{"href":"https:\/\/fabricadescripts.com.br\/igrejas\/IGRE3535\/wp-json\/wp\/v2\/types\/post"}],"author":[{"embeddable":true,"href":"https:\/\/fabricadescripts.com.br\/igrejas\/IGRE3535\/wp-json\/wp\/v2\/users\/1"}],"replies":[{"embeddable":true,"href":"https:\/\/fabricadescripts.com.br\/igrejas\/IGRE3535\/wp-json\/wp\/v2\/comments?post=11287"}],"version-history":[{"count":0,"href":"https:\/\/fabricadescripts.com.br\/igrejas\/IGRE3535\/wp-json\/wp\/v2\/posts\/11287\/revisions"}],"wp:featuredmedia":[{"embeddable":true,"href":"https:\/\/fabricadescripts.com.br\/igrejas\/IGRE3535\/wp-json\/wp\/v2\/media\/11288"}],"wp:attachment":[{"href":"https:\/\/fabricadescripts.com.br\/igrejas\/IGRE3535\/wp-json\/wp\/v2\/media?parent=11287"}],"wp:term":[{"taxonomy":"category","embeddable":true,"href":"https:\/\/fabricadescripts.com.br\/igrejas\/IGRE3535\/wp-json\/wp\/v2\/categories?post=11287"},{"taxonomy":"post_tag","embeddable":true,"href":"https:\/\/fabricadescripts.com.br\/igrejas\/IGRE3535\/wp-json\/wp\/v2\/tags?post=11287"}],"curies":[{"name":"wp","href":"https:\/\/api.w.org\/{rel}","templated":true}]}}