{"id":11283,"date":"2026-03-06T06:44:25","date_gmt":"2026-03-06T09:44:25","guid":{"rendered":"https:\/\/fabricadescripts.com.br\/igrejas\/IGRE3535\/igreja-batiza-mais-de-1-300-pessoas-em-sp-vidas-que-nasceram-de-novo\/"},"modified":"2026-03-06T06:44:25","modified_gmt":"2026-03-06T09:44:25","slug":"igreja-batiza-mais-de-1-300-pessoas-em-sp-vidas-que-nasceram-de-novo","status":"publish","type":"post","link":"https:\/\/fabricadescripts.com.br\/igrejas\/IGRE3535\/igreja-batiza-mais-de-1-300-pessoas-em-sp-vidas-que-nasceram-de-novo\/","title":{"rendered":"Igreja batiza mais de 1.300 pessoas em SP: \u201cVidas que nasceram de novo\u201d"},"content":{"rendered":"<div>\n<p><span>Mais de 1.300 pessoas foram batizadas em um grande <\/span><span><strong>batismo<\/strong><\/span><span> realizado pela Igreja Assembleia de Deus Minist\u00e9rio do Bel\u00e9m, em S\u00e3o Paulo.<\/span><\/p>\n<p><span>No dia 22 de fevereiro, uma multid\u00e3o se reuniu na sede da denomina\u00e7\u00e3o para celebrar os <\/span><span><strong>novos nascimentos<\/strong><\/span><span>.<\/span><\/p>\n<p><span>No total, pastores batizaram 1.344 novos convertidos, 690 homens e 654 mulheres entre adultos, adolescentes e idosos.<\/span><\/p>\n<blockquote data-instgrm-captioned data-instgrm-permalink=\"https:\/\/www.instagram.com\/reel\/DVGSSkdCDCC\/?utm_source=ig_embed&#038;utm_campaign=loading\" data-instgrm-version=\"14\"><\/blockquote>\n<p><span>\u201cUma morte para o mundo e um nascimento para o Reino! Cada rosto carrega um sorriso de al\u00edvio e um cora\u00e7\u00e3o cheio de novos prop\u00f3sitos. O que ficou para tr\u00e1s nas \u00e1guas n\u00e3o volta mais, pois agora h\u00e1 uma nova criatura em Cristo\u201d, declarou a igreja, em postagem no Instagram.<\/span><\/p>\n<p><span>\u201cDia de festa no C\u00e9u e na Terra! Vidas decididas, cora\u00e7\u00f5es renovados e a certeza de que o melhor de Deus ainda est\u00e1 por vir!\u201d.<\/span><\/p>\n<p><span>A cerim\u00f4nia do primeiro batismo de 2026 da igreja contou com momentos de louvor e prega\u00e7\u00e3o da Palavra.\u00a0<\/span><\/p>\n<p><span>\u201cPara que voc\u00ea tenha uma vida de verdadeira comunh\u00e3o com Deus, voc\u00ea precisa tirar o pecado da sua vida\u201d, ministrou o pastor Jos\u00e9 Wellington da Costa aos batizados.<\/span><\/p>\n<blockquote data-instgrm-captioned data-instgrm-permalink=\"https:\/\/www.instagram.com\/p\/DVEdFSED8Wc\/?utm_source=ig_embed&#038;utm_campaign=loading\" data-instgrm-version=\"14\"><\/blockquote>\n<\/div>\n","protected":false},"excerpt":{"rendered":"<p>Mais de 1.300 pessoas foram batizadas em um grande batismo realizado pela Igreja Assembleia de Deus Minist\u00e9rio do Bel\u00e9m, em S\u00e3o Paulo. No dia 22 de fevereiro, uma multid\u00e3o se reuniu na sede da denomina\u00e7\u00e3o para celebrar os novos nascimentos. No total, pastores batizaram 1.344 novos convertidos, 690 homens e 654 mulheres entre adultos, adolescentes e idosos. \u201cUma morte para o mundo e um nascimento para o Reino! Cada rosto carrega um sorriso de al\u00edvio e um cora\u00e7\u00e3o cheio de novos prop\u00f3sitos. O que ficou para tr\u00e1s nas \u00e1guas n\u00e3o volta mais, pois agora h\u00e1 uma nova criatura em Cristo\u201d, declarou a igreja, em postagem no Instagram. \u201cDia de festa no C\u00e9u e na Terra! Vidas decididas, cora\u00e7\u00f5es renovados e a certeza de que o melhor de Deus ainda est\u00e1 por vir!\u201d. A cerim\u00f4nia do primeiro batismo de 2026 da igreja contou com momentos de louvor e prega\u00e7\u00e3o da Palavra.\u00a0 \u201cPara que voc\u00ea tenha uma vida de verdadeira comunh\u00e3o com Deus, voc\u00ea precisa tirar o pecado da sua vida\u201d, ministrou o pastor Jos\u00e9 Wellington da Costa aos batizados.<\/p>\n","protected":false},"author":1,"featured_media":11284,"comment_status":"closed","ping_status":"closed","sticky":false,"template":"","format":"standard","meta":{"footnotes":""},"categories":[14],"tags":[],"class_list":["post-11283","post","type-post","status-publish","format-standard","has-post-thumbnail","hentry","category-missoes"],"acf":[],"_links":{"self":[{"href":"https:\/\/fabricadescripts.com.br\/igrejas\/IGRE3535\/wp-json\/wp\/v2\/posts\/11283","targetHints":{"allow":["GET"]}}],"collection":[{"href":"https:\/\/fabricadescripts.com.br\/igrejas\/IGRE3535\/wp-json\/wp\/v2\/posts"}],"about":[{"href":"https:\/\/fabricadescripts.com.br\/igrejas\/IGRE3535\/wp-json\/wp\/v2\/types\/post"}],"author":[{"embeddable":true,"href":"https:\/\/fabricadescripts.com.br\/igrejas\/IGRE3535\/wp-json\/wp\/v2\/users\/1"}],"replies":[{"embeddable":true,"href":"https:\/\/fabricadescripts.com.br\/igrejas\/IGRE3535\/wp-json\/wp\/v2\/comments?post=11283"}],"version-history":[{"count":0,"href":"https:\/\/fabricadescripts.com.br\/igrejas\/IGRE3535\/wp-json\/wp\/v2\/posts\/11283\/revisions"}],"wp:featuredmedia":[{"embeddable":true,"href":"https:\/\/fabricadescripts.com.br\/igrejas\/IGRE3535\/wp-json\/wp\/v2\/media\/11284"}],"wp:attachment":[{"href":"https:\/\/fabricadescripts.com.br\/igrejas\/IGRE3535\/wp-json\/wp\/v2\/media?parent=11283"}],"wp:term":[{"taxonomy":"category","embeddable":true,"href":"https:\/\/fabricadescripts.com.br\/igrejas\/IGRE3535\/wp-json\/wp\/v2\/categories?post=11283"},{"taxonomy":"post_tag","embeddable":true,"href":"https:\/\/fabricadescripts.com.br\/igrejas\/IGRE3535\/wp-json\/wp\/v2\/tags?post=11283"}],"curies":[{"name":"wp","href":"https:\/\/api.w.org\/{rel}","templated":true}]}}