{"id":11279,"date":"2026-03-06T06:44:19","date_gmt":"2026-03-06T09:44:19","guid":{"rendered":"https:\/\/fabricadescripts.com.br\/igrejas\/IGRE3535\/alunos-oram-por-pais-na-saida-de-escola-sentimos-a-presenca-de-deus\/"},"modified":"2026-03-06T06:44:19","modified_gmt":"2026-03-06T09:44:19","slug":"alunos-oram-por-pais-na-saida-de-escola-sentimos-a-presenca-de-deus","status":"publish","type":"post","link":"https:\/\/fabricadescripts.com.br\/igrejas\/IGRE3535\/alunos-oram-por-pais-na-saida-de-escola-sentimos-a-presenca-de-deus\/","title":{"rendered":"Alunos oram por pais na sa\u00edda de escola: \u201cSentimos a presen\u00e7a de Deus\u201d"},"content":{"rendered":"<div>\n<p><span>Alunos ofereceram <\/span><span><strong>ora\u00e7\u00f5es<\/strong><\/span><span> aos pais na sa\u00edda de uma <\/span><span><strong>escola<\/strong><\/span><span> crist\u00e3 em Maring\u00e1, no Paran\u00e1, na semana passada.<\/span><\/p>\n<p><span>Um grupo de <\/span><span><strong>estudantes<\/strong><\/span><span> abordou os pais enquanto eles buscavam os filhos na escola para orar pelas fam\u00edlias.<\/span><\/p>\n<p><span>Na cal\u00e7ada e na beira dos carros, os alunos oraram pelos pais e filhos, intercedendo pelas b\u00ean\u00e7\u00e3os do Senhor sobre cada fam\u00edlia.<\/span><\/p>\n<p><span>O momento de f\u00e9 aconteceu no Col\u00e9gio Adventista de Maring\u00e1 e fez parte do projeto \u201c10 Dias de Ora\u00e7\u00e3o\u201d, promovido pela institui\u00e7\u00e3o durante o m\u00eas de fevereiro.<\/span><\/p>\n<blockquote data-instgrm-captioned data-instgrm-permalink=\"https:\/\/www.instagram.com\/p\/DVHEm18mnFd\/?utm_source=ig_embed&#038;utm_campaign=loading\" data-instgrm-version=\"14\"><\/blockquote>\n<p><span>\u201cBom dia, tudo bem? Prazer, meu nome \u00e9 Felipe, eu sou estudante aqui do col\u00e9gio. A gente est\u00e1 dando um presente pras pessoas, o senhor aceita? Posso fazer uma ora\u00e7\u00e3o com o senhor\u201d, disse um dos alunos ao abordar um pai.<\/span><\/p>\n<p><span>Em frente \u00e0 janela do carro, o adolescente orou: \u201cQuerido Deus, Pai de amor, muito obrigado por esse dia, estou aqui com o Jonathan, que o Senhor aben\u00e7oe ele, sua fam\u00edlia, derramando b\u00ean\u00e7\u00e3o sobre ele. \u00c9 isso que te pe\u00e7o no doce nome de Jesus, am\u00e9m\u201d.\u00a0<\/span><\/p>\n<p><span>Durante a a\u00e7\u00e3o, os estudantes tamb\u00e9m distribu\u00edram aromatizadores de carro para os pais com quem oraram.<\/span><\/p>\n<p><span>\u201cPequenos gestos que fortalecem a f\u00e9, aproximam fam\u00edlias e levam esperan\u00e7a para o dia a dia\u201d, afirmou o col\u00e9gio no Instagram.<\/span><\/p>\n<blockquote data-instgrm-captioned data-instgrm-permalink=\"https:\/\/www.instagram.com\/reel\/DVHVXGAAcy4\/?utm_source=ig_embed&#038;utm_campaign=loading\" data-instgrm-version=\"14\"><\/blockquote>\n<p><strong>10 Dias de Ora\u00e7\u00e3o<\/strong><\/p>\n<p><span>O projeto \u201c10 Dias de Ora\u00e7\u00e3o\u201d contou com diversas a\u00e7\u00f5es e teve o prop\u00f3sito de interceder pelas fam\u00edlias da escola.<\/span><\/p>\n<p><span>\u201cDurante esses dez dias n\u00f3s estamos vivendo algo muito especial aqui no nosso col\u00e9gio. N\u00f3s tivemos pelo menos duas paradas ao longo do dia, onde os alunos de manh\u00e3 e \u00e0 tarde tinham um momento de comunh\u00e3o com Deus. Tivemos momentos especiais de ora\u00e7\u00e3o com cada turma do nosso col\u00e9gio, desde os pequenos at\u00e9 os maiores\u201d, contou o pastor Jordann Britto, em v\u00eddeo compartilhado no Instagram do col\u00e9gio.<\/span><\/p>\n<p><span>Os estudantes tamb\u00e9m fizeram ora\u00e7\u00f5es com pastores de Maring\u00e1 e com os funcion\u00e1rios da institui\u00e7\u00e3o.<\/span><\/p>\n<p><span>\u201cTudo isso que vivemos ao longo desses dez dias foi muito especial, pois sentimos a presen\u00e7a de Deus aqui no nosso col\u00e9gio. E certamente, visualizamos um pouquinho aquilo que Deus pode fazer por meio da ora\u00e7\u00e3o\u201d, declarou o pastor.<\/span><\/p>\n<blockquote data-instgrm-captioned data-instgrm-permalink=\"https:\/\/www.instagram.com\/reel\/DVYnf5bjvlq\/?utm_source=ig_embed&#038;utm_campaign=loading\" data-instgrm-version=\"14\"><\/blockquote>\n<\/div>\n","protected":false},"excerpt":{"rendered":"<p>Alunos ofereceram ora\u00e7\u00f5es aos pais na sa\u00edda de uma escola crist\u00e3 em Maring\u00e1, no Paran\u00e1, na semana passada. Um grupo de estudantes abordou os pais enquanto eles buscavam os filhos na escola para orar pelas fam\u00edlias. Na cal\u00e7ada e na beira dos carros, os alunos oraram pelos pais e filhos, intercedendo pelas b\u00ean\u00e7\u00e3os do Senhor sobre cada fam\u00edlia. O momento de f\u00e9 aconteceu no Col\u00e9gio Adventista de Maring\u00e1 e fez parte do projeto \u201c10 Dias de Ora\u00e7\u00e3o\u201d, promovido pela institui\u00e7\u00e3o durante o m\u00eas de fevereiro. \u201cBom dia, tudo bem? Prazer, meu nome \u00e9 Felipe, eu sou estudante aqui do col\u00e9gio. A gente est\u00e1 dando um presente pras pessoas, o senhor aceita? Posso fazer uma ora\u00e7\u00e3o com o senhor\u201d, disse um dos alunos ao abordar um pai. Em frente \u00e0 janela do carro, o adolescente orou: \u201cQuerido Deus, Pai de amor, muito obrigado por esse dia, estou aqui com o Jonathan, que o Senhor aben\u00e7oe ele, sua fam\u00edlia, derramando b\u00ean\u00e7\u00e3o sobre ele. \u00c9 isso que te pe\u00e7o no doce nome de Jesus, am\u00e9m\u201d.\u00a0 Durante a a\u00e7\u00e3o, os estudantes tamb\u00e9m distribu\u00edram aromatizadores de carro para os pais com quem oraram. \u201cPequenos gestos que fortalecem a f\u00e9, aproximam fam\u00edlias e levam esperan\u00e7a para o dia a dia\u201d, afirmou o col\u00e9gio no Instagram. 10 Dias de Ora\u00e7\u00e3o O projeto \u201c10 Dias de Ora\u00e7\u00e3o\u201d contou com diversas a\u00e7\u00f5es e teve o prop\u00f3sito de interceder pelas fam\u00edlias da escola. \u201cDurante esses dez dias n\u00f3s estamos vivendo algo muito especial aqui no nosso col\u00e9gio. N\u00f3s tivemos pelo menos duas paradas ao longo do dia, onde os alunos de manh\u00e3 e \u00e0 tarde tinham um momento de comunh\u00e3o com Deus. Tivemos momentos especiais de ora\u00e7\u00e3o com cada turma do nosso col\u00e9gio, desde os pequenos at\u00e9 os maiores\u201d, contou o pastor Jordann Britto, em v\u00eddeo compartilhado no Instagram do col\u00e9gio. Os estudantes tamb\u00e9m fizeram ora\u00e7\u00f5es com pastores de Maring\u00e1 e com os funcion\u00e1rios da institui\u00e7\u00e3o. \u201cTudo isso que vivemos ao longo desses dez dias foi muito especial, pois sentimos a presen\u00e7a de Deus aqui no nosso col\u00e9gio. E certamente, visualizamos um pouquinho aquilo que Deus pode fazer por meio da ora\u00e7\u00e3o\u201d, declarou o pastor.<\/p>\n","protected":false},"author":1,"featured_media":11280,"comment_status":"closed","ping_status":"closed","sticky":false,"template":"","format":"standard","meta":{"footnotes":""},"categories":[12],"tags":[],"class_list":["post-11279","post","type-post","status-publish","format-standard","has-post-thumbnail","hentry","category-mundo-cristao"],"acf":[],"_links":{"self":[{"href":"https:\/\/fabricadescripts.com.br\/igrejas\/IGRE3535\/wp-json\/wp\/v2\/posts\/11279","targetHints":{"allow":["GET"]}}],"collection":[{"href":"https:\/\/fabricadescripts.com.br\/igrejas\/IGRE3535\/wp-json\/wp\/v2\/posts"}],"about":[{"href":"https:\/\/fabricadescripts.com.br\/igrejas\/IGRE3535\/wp-json\/wp\/v2\/types\/post"}],"author":[{"embeddable":true,"href":"https:\/\/fabricadescripts.com.br\/igrejas\/IGRE3535\/wp-json\/wp\/v2\/users\/1"}],"replies":[{"embeddable":true,"href":"https:\/\/fabricadescripts.com.br\/igrejas\/IGRE3535\/wp-json\/wp\/v2\/comments?post=11279"}],"version-history":[{"count":0,"href":"https:\/\/fabricadescripts.com.br\/igrejas\/IGRE3535\/wp-json\/wp\/v2\/posts\/11279\/revisions"}],"wp:featuredmedia":[{"embeddable":true,"href":"https:\/\/fabricadescripts.com.br\/igrejas\/IGRE3535\/wp-json\/wp\/v2\/media\/11280"}],"wp:attachment":[{"href":"https:\/\/fabricadescripts.com.br\/igrejas\/IGRE3535\/wp-json\/wp\/v2\/media?parent=11279"}],"wp:term":[{"taxonomy":"category","embeddable":true,"href":"https:\/\/fabricadescripts.com.br\/igrejas\/IGRE3535\/wp-json\/wp\/v2\/categories?post=11279"},{"taxonomy":"post_tag","embeddable":true,"href":"https:\/\/fabricadescripts.com.br\/igrejas\/IGRE3535\/wp-json\/wp\/v2\/tags?post=11279"}],"curies":[{"name":"wp","href":"https:\/\/api.w.org\/{rel}","templated":true}]}}