{"id":11271,"date":"2026-03-05T05:22:23","date_gmt":"2026-03-05T08:22:23","guid":{"rendered":"https:\/\/fabricadescripts.com.br\/igrejas\/IGRE3535\/igreja-que-foi-inundada-duas-vezes-se-torna-centro-de-ajuda-em-mg\/"},"modified":"2026-03-05T05:22:23","modified_gmt":"2026-03-05T08:22:23","slug":"igreja-que-foi-inundada-duas-vezes-se-torna-centro-de-ajuda-em-mg","status":"publish","type":"post","link":"https:\/\/fabricadescripts.com.br\/igrejas\/IGRE3535\/igreja-que-foi-inundada-duas-vezes-se-torna-centro-de-ajuda-em-mg\/","title":{"rendered":"Igreja que foi inundada duas vezes se torna centro de ajuda em MG"},"content":{"rendered":"<div>\n<p><span>Matias Barbosa foi uma das cidades atingidas pelas <\/span><span><strong>fortes chuvas<\/strong><\/span><span> na semana passada em <\/span><span><strong>Minas Gerais<\/strong><\/span><span>.\u00a0<\/span><\/p>\n<p><span>O Rio Paraibuna transbordou e a cidade ficou alagada, for\u00e7ando as autoridades a decretarem estado de calamidade p\u00fablica.\u00a0<\/span><\/p>\n<p><span>O munic\u00edpio tem cerca de 14 mil habitantes e \u00e9 vizinha a Juiz de Fora. Segundo a prefeitura, 160 pessoas ficaram desalojadas e 35 desabrigadas.<\/span><\/p>\n<p><span>A Igreja Adventista Central de Matias Barbosa tamb\u00e9m foi atingida pela \u00e1gua. Ela ficou inundada por duas vezes durante as fortes chuvas.<\/span><\/p>\n<p><span>Poucos dias depois que a \u00e1gua baixou no templo, a igreja se transformou em um ponto de <\/span><span><strong>ajuda humanit\u00e1ria<\/strong><\/span><span> em meio a trag\u00e9dia.<\/span><\/p>\n<p><span>Membros da congrega\u00e7\u00e3o e volunt\u00e1rios est\u00e3o dando apoio \u00e0s fam\u00edlias atingidas, doando kits de limpeza e marmitas. A igreja est\u00e1 distribuindo cerca de 300 refei\u00e7\u00f5es por dia.<\/span><\/p>\n<p><span>O templo tamb\u00e9m serve de ponto de arrecada\u00e7\u00e3o de doa\u00e7\u00f5es.\u00a0\u00a0<\/span><\/p>\n<blockquote data-instgrm-captioned data-instgrm-permalink=\"https:\/\/www.instagram.com\/reel\/DVRHKD1jqjv\/?utm_source=ig_embed&#038;utm_campaign=loading\" data-instgrm-version=\"14\"><\/blockquote>\n<p><strong>Opera\u00e7\u00e3o humanit\u00e1ria<\/strong><\/p>\n<p><span>A Ag\u00eancia Adventista de Desenvolvimento e Recursos Assistenciais (ADRA) iniciou uma for\u00e7a-tarefa para levar ajuda aos atingidos em Juiz de Fora, Ub\u00e1 e Matias Barbosa.<\/span><\/p>\n<p><span>A ADRA enviou sua equipe especializada em resposta a emerg\u00eancias, que foi nas \u00e1reas afetadas para conversar com moradores, coletar informa\u00e7\u00f5es e realizar uma avalia\u00e7\u00e3o das necessidades.<\/span><\/p>\n<p><span><br \/><\/span><span><sup><span>A opera\u00e7\u00e3o est\u00e1 distribuindo marmitas e itens essenciais aos moradores. (Foto: Not\u00edcias Adventistas).<\/span><\/sup><\/span><\/p>\n<p><span>Mais de 500 volunt\u00e1rios, incluindo idosos e adolescentes, est\u00e3o participando da mobiliza\u00e7\u00e3o. A a\u00e7\u00e3o est\u00e1 distribuindo cestas b\u00e1sicas, \u00e1gua, roupas, cal\u00e7ados, cobertores, colch\u00f5es e roupas de cama.<\/span><\/p>\n<p><span>A opera\u00e7\u00e3o tamb\u00e9m cadastrou fam\u00edlias necessitadas para receberem vouchers que servir\u00e3o para comprar itens essenciais. Apoio psicol\u00f3gico com profissionais especializados tamb\u00e9m ser\u00e1 oferecido aos moradores.<\/span><\/p>\n<p><span>No \u00faltimo domingo (1), a <\/span>Carreta Solid\u00e1ria<span> da ADRA chegou em Juiz de Fora para oferecer gratuitamente lavagem de roupas e refei\u00e7\u00f5es aos atingidos pela enchente.<\/span><\/p>\n<blockquote data-instgrm-captioned data-instgrm-permalink=\"https:\/\/www.instagram.com\/reel\/DVXbdFSDh5T\/?utm_source=ig_embed&#038;utm_campaign=loading\" data-instgrm-version=\"14\"><\/blockquote>\n<p><strong>Como ajudar<\/strong><\/p>\n<p><span>Contribui\u00e7\u00f5es em dinheiro para a opera\u00e7\u00e3o humanit\u00e1ria da ADRA podem ser feitas atrav\u00e9s do PIX: [email\u00a0protected].<\/span><\/p>\n<p><span>J\u00e1 doa\u00e7\u00f5es de itens emergenciais podem ser realizadas nos pontos de colega da igreja em Minas Gerais:<\/span><\/p>\n<p><strong>Col\u00e9gio Adventista de Juiz de Fora<\/strong><\/p>\n<div>\n<p><span>Rua Prof. In\u00e1cio Werneck, 119 \u2013 Dom Bosco \u2013 Juiz de Fora (MG)<\/span><\/p>\n<\/div>\n<p><strong>Igreja Adventista do S\u00e9timo Dia \u2013 Central de Juiz de Fora<\/strong><\/p>\n<p><span>Rua Bar\u00e3o de Cataguases, 107 \u2013 Santa Helena \u2013 Juiz de Fora (MG)<\/span><\/p>\n<p><strong>ADRA Juiz de Fora<\/strong><\/p>\n<div>\n<p><span>Rua Raulina Magalh\u00e3es, 212 \u2013 Graja\u00fa \u2013 Juiz de Fora (MG)<\/span><\/p>\n<\/div>\n<p><strong>Igreja Adventista do S\u00e9timo Dia \u2013 Monte Alegre<\/strong><\/p>\n<p><span>Rua Maria Augusta Barbosa da Silva, 55 \u2013 Matias Barbosa (MG)<\/span><\/p>\n<\/div>\n","protected":false},"excerpt":{"rendered":"<p>Matias Barbosa foi uma das cidades atingidas pelas fortes chuvas na semana passada em Minas Gerais.\u00a0 O Rio Paraibuna transbordou e a cidade ficou alagada, for\u00e7ando as autoridades a decretarem estado de calamidade p\u00fablica.\u00a0 O munic\u00edpio tem cerca de 14 mil habitantes e \u00e9 vizinha a Juiz de Fora. Segundo a prefeitura, 160 pessoas ficaram desalojadas e 35 desabrigadas. A Igreja Adventista Central de Matias Barbosa tamb\u00e9m foi atingida pela \u00e1gua. Ela ficou inundada por duas vezes durante as fortes chuvas. Poucos dias depois que a \u00e1gua baixou no templo, a igreja se transformou em um ponto de ajuda humanit\u00e1ria em meio a trag\u00e9dia. Membros da congrega\u00e7\u00e3o e volunt\u00e1rios est\u00e3o dando apoio \u00e0s fam\u00edlias atingidas, doando kits de limpeza e marmitas. A igreja est\u00e1 distribuindo cerca de 300 refei\u00e7\u00f5es por dia. O templo tamb\u00e9m serve de ponto de arrecada\u00e7\u00e3o de doa\u00e7\u00f5es.\u00a0\u00a0 Opera\u00e7\u00e3o humanit\u00e1ria A Ag\u00eancia Adventista de Desenvolvimento e Recursos Assistenciais (ADRA) iniciou uma for\u00e7a-tarefa para levar ajuda aos atingidos em Juiz de Fora, Ub\u00e1 e Matias Barbosa. A ADRA enviou sua equipe especializada em resposta a emerg\u00eancias, que foi nas \u00e1reas afetadas para conversar com moradores, coletar informa\u00e7\u00f5es e realizar uma avalia\u00e7\u00e3o das necessidades. A opera\u00e7\u00e3o est\u00e1 distribuindo marmitas e itens essenciais aos moradores. (Foto: Not\u00edcias Adventistas). Mais de 500 volunt\u00e1rios, incluindo idosos e adolescentes, est\u00e3o participando da mobiliza\u00e7\u00e3o. A a\u00e7\u00e3o est\u00e1 distribuindo cestas b\u00e1sicas, \u00e1gua, roupas, cal\u00e7ados, cobertores, colch\u00f5es e roupas de cama. A opera\u00e7\u00e3o tamb\u00e9m cadastrou fam\u00edlias necessitadas para receberem vouchers que servir\u00e3o para comprar itens essenciais. Apoio psicol\u00f3gico com profissionais especializados tamb\u00e9m ser\u00e1 oferecido aos moradores. No \u00faltimo domingo (1), a Carreta Solid\u00e1ria da ADRA chegou em Juiz de Fora para oferecer gratuitamente lavagem de roupas e refei\u00e7\u00f5es aos atingidos pela enchente. Como ajudar Contribui\u00e7\u00f5es em dinheiro para a opera\u00e7\u00e3o humanit\u00e1ria da ADRA podem ser feitas atrav\u00e9s do PIX: [email\u00a0protected]. J\u00e1 doa\u00e7\u00f5es de itens emergenciais podem ser realizadas nos pontos de colega da igreja em Minas Gerais: Col\u00e9gio Adventista de Juiz de Fora Rua Prof. In\u00e1cio Werneck, 119 \u2013 Dom Bosco \u2013 Juiz de Fora (MG) Igreja Adventista do S\u00e9timo Dia \u2013 Central de Juiz de Fora Rua Bar\u00e3o de Cataguases, 107 \u2013 Santa Helena \u2013 Juiz de Fora (MG) ADRA Juiz de Fora Rua Raulina Magalh\u00e3es, 212 \u2013 Graja\u00fa \u2013 Juiz de Fora (MG) Igreja Adventista do S\u00e9timo Dia \u2013 Monte Alegre Rua Maria Augusta Barbosa da Silva, 55 \u2013 Matias Barbosa (MG)<\/p>\n","protected":false},"author":1,"featured_media":11272,"comment_status":"closed","ping_status":"closed","sticky":false,"template":"","format":"standard","meta":{"footnotes":""},"categories":[14],"tags":[],"class_list":["post-11271","post","type-post","status-publish","format-standard","has-post-thumbnail","hentry","category-missoes"],"acf":[],"_links":{"self":[{"href":"https:\/\/fabricadescripts.com.br\/igrejas\/IGRE3535\/wp-json\/wp\/v2\/posts\/11271","targetHints":{"allow":["GET"]}}],"collection":[{"href":"https:\/\/fabricadescripts.com.br\/igrejas\/IGRE3535\/wp-json\/wp\/v2\/posts"}],"about":[{"href":"https:\/\/fabricadescripts.com.br\/igrejas\/IGRE3535\/wp-json\/wp\/v2\/types\/post"}],"author":[{"embeddable":true,"href":"https:\/\/fabricadescripts.com.br\/igrejas\/IGRE3535\/wp-json\/wp\/v2\/users\/1"}],"replies":[{"embeddable":true,"href":"https:\/\/fabricadescripts.com.br\/igrejas\/IGRE3535\/wp-json\/wp\/v2\/comments?post=11271"}],"version-history":[{"count":0,"href":"https:\/\/fabricadescripts.com.br\/igrejas\/IGRE3535\/wp-json\/wp\/v2\/posts\/11271\/revisions"}],"wp:featuredmedia":[{"embeddable":true,"href":"https:\/\/fabricadescripts.com.br\/igrejas\/IGRE3535\/wp-json\/wp\/v2\/media\/11272"}],"wp:attachment":[{"href":"https:\/\/fabricadescripts.com.br\/igrejas\/IGRE3535\/wp-json\/wp\/v2\/media?parent=11271"}],"wp:term":[{"taxonomy":"category","embeddable":true,"href":"https:\/\/fabricadescripts.com.br\/igrejas\/IGRE3535\/wp-json\/wp\/v2\/categories?post=11271"},{"taxonomy":"post_tag","embeddable":true,"href":"https:\/\/fabricadescripts.com.br\/igrejas\/IGRE3535\/wp-json\/wp\/v2\/tags?post=11271"}],"curies":[{"name":"wp","href":"https:\/\/api.w.org\/{rel}","templated":true}]}}