{"id":11265,"date":"2026-03-05T05:22:20","date_gmt":"2026-03-05T08:22:20","guid":{"rendered":"https:\/\/fabricadescripts.com.br\/igrejas\/IGRE3535\/a-ia-pode-criar-pregacoes-mas-nao-transmite-vida-alertam-pastores-em-conferencia\/"},"modified":"2026-03-05T05:22:20","modified_gmt":"2026-03-05T08:22:20","slug":"a-ia-pode-criar-pregacoes-mas-nao-transmite-vida-alertam-pastores-em-conferencia","status":"publish","type":"post","link":"https:\/\/fabricadescripts.com.br\/igrejas\/IGRE3535\/a-ia-pode-criar-pregacoes-mas-nao-transmite-vida-alertam-pastores-em-conferencia\/","title":{"rendered":"\u2018A IA pode criar prega\u00e7\u00f5es, mas n\u00e3o transmite vida&#8217;, alertam pastores em confer\u00eancia"},"content":{"rendered":"<div>\n<p><span>Durante uma confer\u00eancia crist\u00e3 na Coreia do Sul sobre o futuro da prega\u00e7\u00e3o na era da <\/span><span><strong>intelig\u00eancia artificial<\/strong><\/span><span> (IA), pastores afirmaram que, embora a tecnologia seja capaz de produzir prega\u00e7\u00f5es, ela n\u00e3o pode reproduzir a experi\u00eancia espiritual de um l\u00edder.<\/span><\/p>\n<p><span>A \u201cConfer\u00eancia de Prega\u00e7\u00e3o Pathway\u201d, realizada em 26 de fevereiro na Igreja Bom Pastor, em Seongnam, ao sul de Seul, reuniu pastores, l\u00edderes e seminaristas sob o tema: \u201cNa era da IA, como a prega\u00e7\u00e3o pode sobreviver? (A IA \u00e9 amiga ou inimiga?)\u201d.<\/span><\/p>\n<p><span>Segundo o Christian Daily Korea, o encontro contou com quatro sess\u00f5es que combinaram an\u00e1lise acad\u00eamica e reflex\u00e3o pastoral, onde os participantes refletiram sobre qual \u00e9 a ess\u00eancia da prega\u00e7\u00e3o.<\/span><\/p>\n<p><span>Os palestrantes reconheceram que ferramentas de IA j\u00e1 conseguem redigir prega\u00e7\u00f5es, sugerir ilustra\u00e7\u00f5es, realizar an\u00e1lise b\u00edblica e at\u00e9 imitar o estilo de determinados pregadores. No entanto, alertaram para o risco de permitir que a tecnologia substitua a <\/span><span><strong>viv\u00eancia pessoal do Evangelho<\/strong><\/span><span> e a intera\u00e7\u00e3o real entre o pregador e a igreja.<\/span><\/p>\n<p><strong>Quando a IA se torna uma amea\u00e7a<\/strong><\/p>\n<p><span>O reverendo Kim Da-wi, pastor s\u00eanior da Igreja Bom Pastor, afirmou que o cerne da f\u00e9 crist\u00e3 n\u00e3o est\u00e1 apenas na transmiss\u00e3o de informa\u00e7\u00f5es, mas na experi\u00eancia vivida.<\/span><\/p>\n<p><span>\u201cSe a IA for usada como uma ferramenta complementar \u2014 como para gera\u00e7\u00e3o de imagens ou produ\u00e7\u00e3o de infogr\u00e1ficos \u2014 ela pode se tornar uma aliada \u00fatil\u201d, disse Kim.\u00a0<\/span><\/p>\n<p><span>E continuou: \u201cMas, quando tenta substituir o encontro espiritual, a viv\u00eancia e a resson\u00e2ncia que est\u00e3o no cerne da prega\u00e7\u00e3o, ela se torna uma amea\u00e7a\u201d.<\/span><\/p>\n<p><span>Conforme Kim, uma prega\u00e7\u00e3o feita por IA pode ser gramaticalmente precisa e teologicamente coerente, mas precisa de uma experi\u00eancia real.\u00a0<\/span><\/p>\n<p><span>Como resposta a esse fen\u00f4meno, o pastor apresentou o que chamou de \u201cmodelo hol\u00edstico 3E de prega\u00e7\u00e3o\u201d: Encontro com Deus, Encarna\u00e7\u00e3o da Palavra na vida do pregador e Eco \u2014 a resson\u00e2ncia na congrega\u00e7\u00e3o por meio do Esp\u00edrito Santo.\u00a0<\/span><\/p>\n<p><span>\u201cNa era digital, a prega\u00e7\u00e3o pode exigir uma recupera\u00e7\u00e3o de uma espiritualidade lenta e anal\u00f3gica\u201d, relatou ele.<\/span><\/p>\n<p><span>Ao mesmo tempo, Kim sugeriu que a IA pode servir como ferramenta auxiliar, funcionando como um \u201csegundo c\u00e9rebro\u201d ao organizar di\u00e1rios devocionais, testemunhos e prega\u00e7\u00f5es antigas em bancos de dados digitais: \u201cO pregador \u00e9 aquele que acolhe as almas al\u00e9m dos dados\u201d.<\/span><\/p>\n<p><strong>\u2018O algoritmo n\u00e3o consegue substituir\u2019<\/strong><\/p>\n<p><span>O reverendo Lee Jung-gyu, da Igreja Sigwang, enfatizou o papel comunit\u00e1rio do pregador. Para ele, mesmo que a IA produza mensagens teologicamente detalhadas, a prega\u00e7\u00e3o \u00e9 mais do que a mera produ\u00e7\u00e3o de mensagens.<\/span><\/p>\n<p><span>\u201cSe definirmos o pregador como aquele que lidera a narrativa no centro da comunidade, fica claro que existe uma \u00e1rea que a IA n\u00e3o pode substituir. A IA pode gerar uma mensagem, mas n\u00e3o pode afirmar que realmente a vivenciou\u201d, explicou Lee.<\/span><\/p>\n<p><span>Ele destacou que os fi\u00e9is recebem n\u00e3o apenas o conte\u00fado da mensagem, mas tamb\u00e9m o car\u00e1ter e a hist\u00f3ria e o car\u00e1ter do pregador: \u201cA IA pode fornecer informa\u00e7\u00f5es, mas n\u00e3o pode compartilhar com a comunidade uma experi\u00eancia que ela pr\u00f3pria viveu\u201d.<\/span><\/p>\n<p><span>Outros participantes tamb\u00e9m abordaram os limites teol\u00f3gicos e pr\u00e1ticos do uso da tecnologia no minist\u00e9rio. O professor Shin Sung-wook, da Asia United Theological University, analisou o tema destacando tanto as possibilidades quanto as responsabilidades no uso dessas ferramentas.<\/span><\/p>\n<p><span>J\u00e1 o reverendo Choi Byung-rak, da Igreja Batista Central de Gangnam, ressaltou o valor do testemunho das experi\u00eancias humanas que n\u00e3o podem ser reproduzidas por m\u00e1quinas.<\/span><\/p>\n<p><span>Ao final da confer\u00eancia, os participantes concordaram que a IA n\u00e3o \u00e9 nem inimiga ou amiga, mas uma ferramenta que <\/span><span><strong>exige discernimento<\/strong><\/span><span>.\u00a0<\/span><\/p>\n<p><span>Para os l\u00edderes, a principal preocupa\u00e7\u00e3o \u00e9 preservar a prega\u00e7\u00e3o como um ato fundamentado na f\u00e9 vivida, na forma\u00e7\u00e3o comunit\u00e1ria e no encontro espiritual \u2014 experi\u00eancias que nenhum algoritmo consegue substituir plenamente.<\/span><\/p>\n<\/div>\n","protected":false},"excerpt":{"rendered":"<p>Durante uma confer\u00eancia crist\u00e3 na Coreia do Sul sobre o futuro da prega\u00e7\u00e3o na era da intelig\u00eancia artificial (IA), pastores afirmaram que, embora a tecnologia seja capaz de produzir prega\u00e7\u00f5es, ela n\u00e3o pode reproduzir a experi\u00eancia espiritual de um l\u00edder. A \u201cConfer\u00eancia de Prega\u00e7\u00e3o Pathway\u201d, realizada em 26 de fevereiro na Igreja Bom Pastor, em Seongnam, ao sul de Seul, reuniu pastores, l\u00edderes e seminaristas sob o tema: \u201cNa era da IA, como a prega\u00e7\u00e3o pode sobreviver? (A IA \u00e9 amiga ou inimiga?)\u201d. Segundo o Christian Daily Korea, o encontro contou com quatro sess\u00f5es que combinaram an\u00e1lise acad\u00eamica e reflex\u00e3o pastoral, onde os participantes refletiram sobre qual \u00e9 a ess\u00eancia da prega\u00e7\u00e3o. Os palestrantes reconheceram que ferramentas de IA j\u00e1 conseguem redigir prega\u00e7\u00f5es, sugerir ilustra\u00e7\u00f5es, realizar an\u00e1lise b\u00edblica e at\u00e9 imitar o estilo de determinados pregadores. No entanto, alertaram para o risco de permitir que a tecnologia substitua a viv\u00eancia pessoal do Evangelho e a intera\u00e7\u00e3o real entre o pregador e a igreja. Quando a IA se torna uma amea\u00e7a O reverendo Kim Da-wi, pastor s\u00eanior da Igreja Bom Pastor, afirmou que o cerne da f\u00e9 crist\u00e3 n\u00e3o est\u00e1 apenas na transmiss\u00e3o de informa\u00e7\u00f5es, mas na experi\u00eancia vivida. \u201cSe a IA for usada como uma ferramenta complementar \u2014 como para gera\u00e7\u00e3o de imagens ou produ\u00e7\u00e3o de infogr\u00e1ficos \u2014 ela pode se tornar uma aliada \u00fatil\u201d, disse Kim.\u00a0 E continuou: \u201cMas, quando tenta substituir o encontro espiritual, a viv\u00eancia e a resson\u00e2ncia que est\u00e3o no cerne da prega\u00e7\u00e3o, ela se torna uma amea\u00e7a\u201d. Conforme Kim, uma prega\u00e7\u00e3o feita por IA pode ser gramaticalmente precisa e teologicamente coerente, mas precisa de uma experi\u00eancia real.\u00a0 Como resposta a esse fen\u00f4meno, o pastor apresentou o que chamou de \u201cmodelo hol\u00edstico 3E de prega\u00e7\u00e3o\u201d: Encontro com Deus, Encarna\u00e7\u00e3o da Palavra na vida do pregador e Eco \u2014 a resson\u00e2ncia na congrega\u00e7\u00e3o por meio do Esp\u00edrito Santo.\u00a0 \u201cNa era digital, a prega\u00e7\u00e3o pode exigir uma recupera\u00e7\u00e3o de uma espiritualidade lenta e anal\u00f3gica\u201d, relatou ele. Ao mesmo tempo, Kim sugeriu que a IA pode servir como ferramenta auxiliar, funcionando como um \u201csegundo c\u00e9rebro\u201d ao organizar di\u00e1rios devocionais, testemunhos e prega\u00e7\u00f5es antigas em bancos de dados digitais: \u201cO pregador \u00e9 aquele que acolhe as almas al\u00e9m dos dados\u201d. \u2018O algoritmo n\u00e3o consegue substituir\u2019 O reverendo Lee Jung-gyu, da Igreja Sigwang, enfatizou o papel comunit\u00e1rio do pregador. Para ele, mesmo que a IA produza mensagens teologicamente detalhadas, a prega\u00e7\u00e3o \u00e9 mais do que a mera produ\u00e7\u00e3o de mensagens. \u201cSe definirmos o pregador como aquele que lidera a narrativa no centro da comunidade, fica claro que existe uma \u00e1rea que a IA n\u00e3o pode substituir. A IA pode gerar uma mensagem, mas n\u00e3o pode afirmar que realmente a vivenciou\u201d, explicou Lee. Ele destacou que os fi\u00e9is recebem n\u00e3o apenas o conte\u00fado da mensagem, mas tamb\u00e9m o car\u00e1ter e a hist\u00f3ria e o car\u00e1ter do pregador: \u201cA IA pode fornecer informa\u00e7\u00f5es, mas n\u00e3o pode compartilhar com a comunidade uma experi\u00eancia que ela pr\u00f3pria viveu\u201d. Outros participantes tamb\u00e9m abordaram os limites teol\u00f3gicos e pr\u00e1ticos do uso da tecnologia no minist\u00e9rio. O professor Shin Sung-wook, da Asia United Theological University, analisou o tema destacando tanto as possibilidades quanto as responsabilidades no uso dessas ferramentas. J\u00e1 o reverendo Choi Byung-rak, da Igreja Batista Central de Gangnam, ressaltou o valor do testemunho das experi\u00eancias humanas que n\u00e3o podem ser reproduzidas por m\u00e1quinas. Ao final da confer\u00eancia, os participantes concordaram que a IA n\u00e3o \u00e9 nem inimiga ou amiga, mas uma ferramenta que exige discernimento.\u00a0 Para os l\u00edderes, a principal preocupa\u00e7\u00e3o \u00e9 preservar a prega\u00e7\u00e3o como um ato fundamentado na f\u00e9 vivida, na forma\u00e7\u00e3o comunit\u00e1ria e no encontro espiritual \u2014 experi\u00eancias que nenhum algoritmo consegue substituir plenamente.<\/p>\n","protected":false},"author":1,"featured_media":11266,"comment_status":"closed","ping_status":"closed","sticky":false,"template":"","format":"standard","meta":{"footnotes":""},"categories":[12],"tags":[],"class_list":["post-11265","post","type-post","status-publish","format-standard","has-post-thumbnail","hentry","category-mundo-cristao"],"acf":[],"_links":{"self":[{"href":"https:\/\/fabricadescripts.com.br\/igrejas\/IGRE3535\/wp-json\/wp\/v2\/posts\/11265","targetHints":{"allow":["GET"]}}],"collection":[{"href":"https:\/\/fabricadescripts.com.br\/igrejas\/IGRE3535\/wp-json\/wp\/v2\/posts"}],"about":[{"href":"https:\/\/fabricadescripts.com.br\/igrejas\/IGRE3535\/wp-json\/wp\/v2\/types\/post"}],"author":[{"embeddable":true,"href":"https:\/\/fabricadescripts.com.br\/igrejas\/IGRE3535\/wp-json\/wp\/v2\/users\/1"}],"replies":[{"embeddable":true,"href":"https:\/\/fabricadescripts.com.br\/igrejas\/IGRE3535\/wp-json\/wp\/v2\/comments?post=11265"}],"version-history":[{"count":0,"href":"https:\/\/fabricadescripts.com.br\/igrejas\/IGRE3535\/wp-json\/wp\/v2\/posts\/11265\/revisions"}],"wp:featuredmedia":[{"embeddable":true,"href":"https:\/\/fabricadescripts.com.br\/igrejas\/IGRE3535\/wp-json\/wp\/v2\/media\/11266"}],"wp:attachment":[{"href":"https:\/\/fabricadescripts.com.br\/igrejas\/IGRE3535\/wp-json\/wp\/v2\/media?parent=11265"}],"wp:term":[{"taxonomy":"category","embeddable":true,"href":"https:\/\/fabricadescripts.com.br\/igrejas\/IGRE3535\/wp-json\/wp\/v2\/categories?post=11265"},{"taxonomy":"post_tag","embeddable":true,"href":"https:\/\/fabricadescripts.com.br\/igrejas\/IGRE3535\/wp-json\/wp\/v2\/tags?post=11265"}],"curies":[{"name":"wp","href":"https:\/\/api.w.org\/{rel}","templated":true}]}}