{"id":11263,"date":"2026-03-05T05:22:21","date_gmt":"2026-03-05T08:22:21","guid":{"rendered":"https:\/\/fabricadescripts.com.br\/igrejas\/IGRE3535\/pastor-fala-sobre-o-purim-em-meio-a-guerra-no-ira-estamos-em-um-tempo-profetico\/"},"modified":"2026-03-05T05:22:21","modified_gmt":"2026-03-05T08:22:21","slug":"pastor-fala-sobre-o-purim-em-meio-a-guerra-no-ira-estamos-em-um-tempo-profetico","status":"publish","type":"post","link":"https:\/\/fabricadescripts.com.br\/igrejas\/IGRE3535\/pastor-fala-sobre-o-purim-em-meio-a-guerra-no-ira-estamos-em-um-tempo-profetico\/","title":{"rendered":"Pastor fala sobre o Purim em meio \u00e0 guerra no Ir\u00e3: \u201cEstamos em um tempo prof\u00e9tico\u201d"},"content":{"rendered":"<div>\n<p><span>A guerra no Oriente M\u00e9dio acontece em um momento simb\u00f3lico para judeus e crist\u00e3os: o <\/span><span><strong>Purim<\/strong><\/span><span>, festa que celebra o livramento do povo judeu na antiga P\u00e9rsia \u2014 que hoje corresponde ao Ir\u00e3.<\/span><\/p>\n<p><span>Neste ano, o Purim come\u00e7ou ao p\u00f4r do sol de segunda-feira (2) e segue at\u00e9 o entardecer desta ter\u00e7a-feira, 3 de mar\u00e7o.<\/span><\/p>\n<p><span>Enquanto a guerra se intensifica \u2014 com ataques conjuntos dos EUA e Israel contra alvos no Ir\u00e3 e retalia\u00e7\u00f5es iranianas contra Israel e pa\u00edses do Golfo \u2014 o pastor <\/span><span><strong>Joel Engel<\/strong><\/span><span> afirmou que o Purim refor\u00e7a a conex\u00e3o entre \u201cos tempos b\u00edblicos\u201d e os acontecimentos do presente.\u00a0<\/span><\/p>\n<p><span>\u201cSer\u00e1 que a B\u00edblia \u00e9 um livro hist\u00f3rico ou ser\u00e1 que ela \u00e9 um livro que n\u00f3s podemos viver? Ser\u00e1 que o que aconteceu no ano passado foi s\u00f3 naquela \u00e9poca ou pode acontecer de novo?\u201d, questionou. \u201c\u00c9 coincid\u00eancia ou a B\u00edblia est\u00e1 viva?\u201d.<\/span><\/p>\n<p><strong>A guerra atual e o Purim em Israel<\/strong><\/p>\n<p><span>O pastor explica que Israel observa \u201cjanelas\u201d espirituais e datas do calend\u00e1rio b\u00edblico.\u00a0<\/span><\/p>\n<p><span>\u201cO povo de Israel \u00e9 um povo religioso, um povo que conhece a Escritura. Eles se prepararam para a guerra numa \u00e9poca que Deus \u00e9 favor\u00e1vel. A data que o ex\u00e9rcito de Israel resolve atacar n\u00e3o \u00e9 coincid\u00eancia. Isso porque os judeus conhecem a B\u00edblia.\u201d<\/span><\/p>\n<p><span>Em meio ao atual cen\u00e1rio de guerra, judeus t\u00eam celebrado o Purim com alegria \u2014 mesmo dentro dos abrigos antibombas.<\/span><\/p>\n<p><span>\u201cSe voc\u00ea assistir aos v\u00eddeos, est\u00e1 cheio de judeus que ontem estavam nos seus \u2018quartos de guerra\u2019. Quando Israel come\u00e7ou a ser bombardeada, todos fugiram para os seus esconderijos e eles foram vestidos de roupa para festa de Purim\u201d, disse. \u201cVoc\u00ea pode imaginar um neg\u00f3cio desse? Dan\u00e7ando enquanto caem bombas.\u201d<\/span><\/p>\n<p><span>O pastor explicou que a celebra\u00e7\u00e3o tem uma base b\u00edblica: \u201cA ora\u00e7\u00e3o deles nessa \u00e9poca \u00e9 para cair Ham\u00e3\u201d, afirmou, mencionando o vil\u00e3o do livro de Ester.<\/span><\/p>\n<p><strong>O decreto de morte que foi revertido<\/strong><\/p>\n<p><span>Engel lembrou que o nome da festa vem de \u201cpur\u201d, que significa sorte, porque a data teria sido definida por lan\u00e7amento de sortes. No entanto, o que parecia senten\u00e7a acabou sendo revertido ap\u00f3s tr\u00eas dias de jejum convocados por Ester.<\/span><\/p>\n<p><span>\u201cEster entra na presen\u00e7a do rei e revela: \u2018Meu povo foi condenado \u00e0 morte. Eu sou judia\u2019\u201d, resumiu. \u201cQuando o rei descobre quem est\u00e1 por tr\u00e1s disso, tudo muda.\u201d<\/span><\/p>\n<p><span>O desfecho, segundo o pastor, \u00e9 o centro da mensagem do Purim: \u201cHam\u00e3 morre na forca que ele mesmo preparou para Mardoqueu. O feiti\u00e7o virou contra o feiticeiro.\u201d<\/span><\/p>\n<p><strong>Uma guerra espiritual\u00a0<\/strong><\/p>\n<p><span>O pastor explica que os \u201cfilhos de Ham\u00e3\u201d continuam atuando at\u00e9 hoje \u2014 s\u00e3o figuras que se levantam contra Israel e contra o povo de Deus.<\/span><\/p>\n<p><span>\u201cEssa guerra que come\u00e7ou no Ir\u00e3 \u00e9 uma guerra espiritual\u201d, destacou.<\/span><\/p>\n<p><span>Quando o cen\u00e1rio \u00e9 de morte, Enge lembra que o jejum e a ora\u00e7\u00e3o s\u00e3o as principais armas entregues por Deus para mudar decretos.\u00a0<\/span><\/p>\n<p><span>\u201cOlha o poder que teve o jejum de Ester. Foi ali que houve interven\u00e7\u00e3o\u201d, afirmou. \u201cH\u00e1 janelas, h\u00e1 tempos determinados em que os decretos de Deus entram em a\u00e7\u00e3o.\u201d<\/span><\/p>\n<p><span>O pastor explica tamb\u00e9m que \u201co of\u00edcio do profeta \u00e9 fazer a leitura dos tempos\u201d \u2014 e \u00e9 preciso ver o calend\u00e1rio judaico n\u00e3o apenas como algo comemorativo, mas prof\u00e9tico.\u00a0<\/span><\/p>\n<p><span>\u201cPara o judeu, o tempo n\u00e3o \u00e9 s\u00f3 linear. Ele \u00e9 c\u00edclico. As coisas voltam a acontecer em determinadas \u00e9pocas\u201d, explicou.<\/span><\/p>\n<p><span>\u201c\u00c9 nesse m\u00eas que Deus ajuda Israel e derruba o governo inimigo. Nada \u00e9 por acaso. Estamos em um per\u00edodo prof\u00e9tico\u201d, disse.<\/span><\/p>\n<p><em><span>Veja a prega\u00e7\u00e3o completa:<\/span><\/em>\u00a0<\/p>\n<blockquote data-instgrm-captioned data-instgrm-permalink=\"https:\/\/www.instagram.com\/reel\/DVW4NLgjv70\/?utm_source=ig_embed&#038;utm_campaign=loading\" data-instgrm-version=\"14\"><\/blockquote>\n<\/div>\n","protected":false},"excerpt":{"rendered":"<p>A guerra no Oriente M\u00e9dio acontece em um momento simb\u00f3lico para judeus e crist\u00e3os: o Purim, festa que celebra o livramento do povo judeu na antiga P\u00e9rsia \u2014 que hoje corresponde ao Ir\u00e3. Neste ano, o Purim come\u00e7ou ao p\u00f4r do sol de segunda-feira (2) e segue at\u00e9 o entardecer desta ter\u00e7a-feira, 3 de mar\u00e7o. Enquanto a guerra se intensifica \u2014 com ataques conjuntos dos EUA e Israel contra alvos no Ir\u00e3 e retalia\u00e7\u00f5es iranianas contra Israel e pa\u00edses do Golfo \u2014 o pastor Joel Engel afirmou que o Purim refor\u00e7a a conex\u00e3o entre \u201cos tempos b\u00edblicos\u201d e os acontecimentos do presente.\u00a0 \u201cSer\u00e1 que a B\u00edblia \u00e9 um livro hist\u00f3rico ou ser\u00e1 que ela \u00e9 um livro que n\u00f3s podemos viver? Ser\u00e1 que o que aconteceu no ano passado foi s\u00f3 naquela \u00e9poca ou pode acontecer de novo?\u201d, questionou. \u201c\u00c9 coincid\u00eancia ou a B\u00edblia est\u00e1 viva?\u201d. A guerra atual e o Purim em Israel O pastor explica que Israel observa \u201cjanelas\u201d espirituais e datas do calend\u00e1rio b\u00edblico.\u00a0 \u201cO povo de Israel \u00e9 um povo religioso, um povo que conhece a Escritura. Eles se prepararam para a guerra numa \u00e9poca que Deus \u00e9 favor\u00e1vel. A data que o ex\u00e9rcito de Israel resolve atacar n\u00e3o \u00e9 coincid\u00eancia. Isso porque os judeus conhecem a B\u00edblia.\u201d Em meio ao atual cen\u00e1rio de guerra, judeus t\u00eam celebrado o Purim com alegria \u2014 mesmo dentro dos abrigos antibombas. \u201cSe voc\u00ea assistir aos v\u00eddeos, est\u00e1 cheio de judeus que ontem estavam nos seus \u2018quartos de guerra\u2019. Quando Israel come\u00e7ou a ser bombardeada, todos fugiram para os seus esconderijos e eles foram vestidos de roupa para festa de Purim\u201d, disse. \u201cVoc\u00ea pode imaginar um neg\u00f3cio desse? Dan\u00e7ando enquanto caem bombas.\u201d O pastor explicou que a celebra\u00e7\u00e3o tem uma base b\u00edblica: \u201cA ora\u00e7\u00e3o deles nessa \u00e9poca \u00e9 para cair Ham\u00e3\u201d, afirmou, mencionando o vil\u00e3o do livro de Ester. O decreto de morte que foi revertido Engel lembrou que o nome da festa vem de \u201cpur\u201d, que significa sorte, porque a data teria sido definida por lan\u00e7amento de sortes. No entanto, o que parecia senten\u00e7a acabou sendo revertido ap\u00f3s tr\u00eas dias de jejum convocados por Ester. \u201cEster entra na presen\u00e7a do rei e revela: \u2018Meu povo foi condenado \u00e0 morte. Eu sou judia\u2019\u201d, resumiu. \u201cQuando o rei descobre quem est\u00e1 por tr\u00e1s disso, tudo muda.\u201d O desfecho, segundo o pastor, \u00e9 o centro da mensagem do Purim: \u201cHam\u00e3 morre na forca que ele mesmo preparou para Mardoqueu. O feiti\u00e7o virou contra o feiticeiro.\u201d Uma guerra espiritual\u00a0 O pastor explica que os \u201cfilhos de Ham\u00e3\u201d continuam atuando at\u00e9 hoje \u2014 s\u00e3o figuras que se levantam contra Israel e contra o povo de Deus. \u201cEssa guerra que come\u00e7ou no Ir\u00e3 \u00e9 uma guerra espiritual\u201d, destacou. Quando o cen\u00e1rio \u00e9 de morte, Enge lembra que o jejum e a ora\u00e7\u00e3o s\u00e3o as principais armas entregues por Deus para mudar decretos.\u00a0 \u201cOlha o poder que teve o jejum de Ester. Foi ali que houve interven\u00e7\u00e3o\u201d, afirmou. \u201cH\u00e1 janelas, h\u00e1 tempos determinados em que os decretos de Deus entram em a\u00e7\u00e3o.\u201d O pastor explica tamb\u00e9m que \u201co of\u00edcio do profeta \u00e9 fazer a leitura dos tempos\u201d \u2014 e \u00e9 preciso ver o calend\u00e1rio judaico n\u00e3o apenas como algo comemorativo, mas prof\u00e9tico.\u00a0 \u201cPara o judeu, o tempo n\u00e3o \u00e9 s\u00f3 linear. Ele \u00e9 c\u00edclico. As coisas voltam a acontecer em determinadas \u00e9pocas\u201d, explicou. \u201c\u00c9 nesse m\u00eas que Deus ajuda Israel e derruba o governo inimigo. Nada \u00e9 por acaso. Estamos em um per\u00edodo prof\u00e9tico\u201d, disse. Veja a prega\u00e7\u00e3o completa:\u00a0<\/p>\n","protected":false},"author":1,"featured_media":11264,"comment_status":"closed","ping_status":"closed","sticky":false,"template":"","format":"standard","meta":{"footnotes":""},"categories":[12],"tags":[],"class_list":["post-11263","post","type-post","status-publish","format-standard","has-post-thumbnail","hentry","category-mundo-cristao"],"acf":[],"_links":{"self":[{"href":"https:\/\/fabricadescripts.com.br\/igrejas\/IGRE3535\/wp-json\/wp\/v2\/posts\/11263","targetHints":{"allow":["GET"]}}],"collection":[{"href":"https:\/\/fabricadescripts.com.br\/igrejas\/IGRE3535\/wp-json\/wp\/v2\/posts"}],"about":[{"href":"https:\/\/fabricadescripts.com.br\/igrejas\/IGRE3535\/wp-json\/wp\/v2\/types\/post"}],"author":[{"embeddable":true,"href":"https:\/\/fabricadescripts.com.br\/igrejas\/IGRE3535\/wp-json\/wp\/v2\/users\/1"}],"replies":[{"embeddable":true,"href":"https:\/\/fabricadescripts.com.br\/igrejas\/IGRE3535\/wp-json\/wp\/v2\/comments?post=11263"}],"version-history":[{"count":0,"href":"https:\/\/fabricadescripts.com.br\/igrejas\/IGRE3535\/wp-json\/wp\/v2\/posts\/11263\/revisions"}],"wp:featuredmedia":[{"embeddable":true,"href":"https:\/\/fabricadescripts.com.br\/igrejas\/IGRE3535\/wp-json\/wp\/v2\/media\/11264"}],"wp:attachment":[{"href":"https:\/\/fabricadescripts.com.br\/igrejas\/IGRE3535\/wp-json\/wp\/v2\/media?parent=11263"}],"wp:term":[{"taxonomy":"category","embeddable":true,"href":"https:\/\/fabricadescripts.com.br\/igrejas\/IGRE3535\/wp-json\/wp\/v2\/categories?post=11263"},{"taxonomy":"post_tag","embeddable":true,"href":"https:\/\/fabricadescripts.com.br\/igrejas\/IGRE3535\/wp-json\/wp\/v2\/tags?post=11263"}],"curies":[{"name":"wp","href":"https:\/\/api.w.org\/{rel}","templated":true}]}}