{"id":11255,"date":"2026-03-04T04:54:11","date_gmt":"2026-03-04T07:54:11","guid":{"rendered":"https:\/\/fabricadescripts.com.br\/igrejas\/IGRE3535\/cristaos-montam-lavanderia-movel-para-evangelizar-vitimas-de-enchentes-em-juiz-de-fora\/"},"modified":"2026-03-04T04:54:11","modified_gmt":"2026-03-04T07:54:11","slug":"cristaos-montam-lavanderia-movel-para-evangelizar-vitimas-de-enchentes-em-juiz-de-fora","status":"publish","type":"post","link":"https:\/\/fabricadescripts.com.br\/igrejas\/IGRE3535\/cristaos-montam-lavanderia-movel-para-evangelizar-vitimas-de-enchentes-em-juiz-de-fora\/","title":{"rendered":"Crist\u00e3os montam lavanderia m\u00f3vel para evangelizar v\u00edtimas de enchentes em Juiz de Fora"},"content":{"rendered":"<div>\n<p><span>Nesta segunda-feira (2), a lavanderia Mission\u00e1ria da Junta de Miss\u00f5es Mundiais foi instalada no bairro Linhares em Juiz de Fora, servindo \u00e0 popula\u00e7\u00e3o atingida pelas <\/span><span><strong>enchentes em Minas Gerais<\/strong><\/span><span>.<\/span><\/p>\n<p><span>No local, a Miss\u00f5es Nacionais, em parceria com a Conven\u00e7\u00e3o Batista Mineira, est\u00e1 ajudando a trazer esperan\u00e7a de Cristo \u00e0s v\u00edtimas por meio de diferentes a\u00e7\u00f5es sociais.<\/span><\/p>\n<p><span>Com a chegada da Lavanderia mission\u00e1ria, moradores da regi\u00e3o est\u00e3o ouvindo sobre Jesus enquanto lavam suas roupas:<\/span><\/p>\n<p><span>\u201cO amor de Deus sendo transmitido atrav\u00e9s de a\u00e7\u00f5es de compaix\u00e3o e gra\u00e7a. A Lavanderia Mission\u00e1ria tem sido uma ferramenta para levar o amor de Jesus \u00e0s pessoas que est\u00e3o vivendo um momento t\u00e3o delicado\u201d, informou a miss\u00e3o.<\/span><\/p>\n<blockquote data-instgrm-permalink=\"https:\/\/www.instagram.com\/reel\/DVYrVESDSdo\/?utm_source=ig_embed&#038;utm_campaign=loading\" data-instgrm-version=\"14\"><\/blockquote>\n<p><span>Germana, uma mission\u00e1ria que est\u00e1 estudando no local, tamb\u00e9m destacou: \u201cN\u00e3o \u00e9 sobre lavar roupas. \u00c9 sobre levar o amor de Cristo. <\/span><span><strong>Deus tem cuidado de todas as coisas<\/strong><\/span><span> e de todas as pessoas que est\u00e3o aqui\u201d.\u00a0<\/span><\/p>\n<p><span>Segundo ela, enquanto as pessoas esperam suas roupas ficarem limpas, os crist\u00e3os aproveitam a oportunidade para pregar a Palavra de Deus.<\/span><\/p>\n<p><span>\u201cHoje, n\u00f3s vamos levar a gra\u00e7a e o amor de Jesus atrav\u00e9s de roupas lavadas, enquanto isso, a gente pode falar que existe um Deus que muda hist\u00f3rias, que Jesus pode transformar toda uma vida\u201d.<\/span><\/p>\n<p><span>\u201cDeus tem feito algo maravilhoso nesse lugar, mesmo em meio a trag\u00e9dia, mesmo em meio a tanta tristeza, n\u00f3s podemos ver a boa m\u00e3o do Senhor cuidando de cada um de maneira muito espec\u00edfica\u201d, acrescentou.<\/span><\/p>\n<blockquote data-instgrm-permalink=\"https:\/\/www.instagram.com\/reel\/DVYsz88jVT9\/?utm_source=ig_embed&#038;utm_campaign=loading\" data-instgrm-version=\"14\"><\/blockquote>\n<p><strong>A\u00e7\u00f5es sociais na regi\u00e3o<\/strong><\/p>\n<p><span>Conforme a CNN Brasil, a Pol\u00edcia Civil confirmou que subiu para 70 o n\u00famero de mortos ap\u00f3s as chuvas que atingiram Minas Gerais na \u00faltima semana.<\/span><\/p>\n<p><span>Desde o in\u00edcio das enchentes, crist\u00e3os e igrejas de todo o Brasil t\u00eam se unido para orar e ajudar as v\u00edtimas da trag\u00e9dia por meio da opera\u00e7\u00e3o \u201cSOS Minas\u201d.<\/span><\/p>\n<p><span>\u201cEstamos em a\u00e7\u00e3o para aben\u00e7oar moradores, volunt\u00e1rios e profissionais que est\u00e3o em meio aos desafios causados pelas fortes chuvas na regi\u00e3o. Separe um tempo para orar por esse momento t\u00e3o dif\u00edcil\u201d, compartilhou a miss\u00e3o.\u00a0<\/span><\/p>\n<p><span>\u201cLembre-se dos moradores, das fam\u00edlias, dos volunt\u00e1rios, dos profissionais, dos mission\u00e1rios, da Carreta Mission\u00e1ria. L\u00e1grimas e desespero t\u00eam marcado esses dias, mas cremos que o amor, a gra\u00e7a e o poder de Deus podem nos fazer enfrentar as dificuldades com coragem e esperan\u00e7a\u201d, acrescentou.<\/span><\/p>\n<p><span>As Carretas Mission\u00e1rias tamb\u00e9m est\u00e3o aben\u00e7oando o povo mineiro com atendimentos na \u00e1rea da sa\u00fade, al\u00e9m de auxiliar e distribuir itens essenciais, como \u00e1gua, alimentos e materiais de limpeza.<\/span><\/p>\n<blockquote data-instgrm-permalink=\"https:\/\/www.instagram.com\/reel\/DVR2r3Pj4LQ\/?utm_source=ig_embed&#038;utm_campaign=loading\" data-instgrm-version=\"14\"><\/blockquote>\n<p><span>Mission\u00e1rios da Cristol\u00e2ndia S\u00e3o Paulo trabalharam em parceria com o Ex\u00e9rcito no \u00faltimo s\u00e1bado (27) para <\/span><span><strong>remover a lama<\/strong><\/span><span> ap\u00f3s mais um per\u00edodo de chuva na cidade de Ub\u00e1.<\/span><\/p>\n<p><span>\u201cPedimos aos irm\u00e3os, continuem orando por esse povo. Que estejamos juntos, orando ao Senhor pedindo miseric\u00f3rdia e juntos vamos levar a esperan\u00e7a que \u00e9 o Senhor Jesus Cristo\u201d, disse um l\u00edder.<\/span><\/p>\n<p><span>No local, os crist\u00e3os prepararam kits para os desabrigados e iniciaram a limpeza de ruas e resid\u00eancias. Um grupo tamb\u00e9m participou da limpeza de uma igreja para que o culto de domingo fosse realizado.<\/span><\/p>\n<p><span>\u201cDeus tem feito grandes coisas em meio ao grande desafio enfrentado\u201d, conclu\u00edram.<\/span><\/p>\n<\/div>\n","protected":false},"excerpt":{"rendered":"<p>Nesta segunda-feira (2), a lavanderia Mission\u00e1ria da Junta de Miss\u00f5es Mundiais foi instalada no bairro Linhares em Juiz de Fora, servindo \u00e0 popula\u00e7\u00e3o atingida pelas enchentes em Minas Gerais. No local, a Miss\u00f5es Nacionais, em parceria com a Conven\u00e7\u00e3o Batista Mineira, est\u00e1 ajudando a trazer esperan\u00e7a de Cristo \u00e0s v\u00edtimas por meio de diferentes a\u00e7\u00f5es sociais. Com a chegada da Lavanderia mission\u00e1ria, moradores da regi\u00e3o est\u00e3o ouvindo sobre Jesus enquanto lavam suas roupas: \u201cO amor de Deus sendo transmitido atrav\u00e9s de a\u00e7\u00f5es de compaix\u00e3o e gra\u00e7a. A Lavanderia Mission\u00e1ria tem sido uma ferramenta para levar o amor de Jesus \u00e0s pessoas que est\u00e3o vivendo um momento t\u00e3o delicado\u201d, informou a miss\u00e3o. Germana, uma mission\u00e1ria que est\u00e1 estudando no local, tamb\u00e9m destacou: \u201cN\u00e3o \u00e9 sobre lavar roupas. \u00c9 sobre levar o amor de Cristo. Deus tem cuidado de todas as coisas e de todas as pessoas que est\u00e3o aqui\u201d.\u00a0 Segundo ela, enquanto as pessoas esperam suas roupas ficarem limpas, os crist\u00e3os aproveitam a oportunidade para pregar a Palavra de Deus. \u201cHoje, n\u00f3s vamos levar a gra\u00e7a e o amor de Jesus atrav\u00e9s de roupas lavadas, enquanto isso, a gente pode falar que existe um Deus que muda hist\u00f3rias, que Jesus pode transformar toda uma vida\u201d. \u201cDeus tem feito algo maravilhoso nesse lugar, mesmo em meio a trag\u00e9dia, mesmo em meio a tanta tristeza, n\u00f3s podemos ver a boa m\u00e3o do Senhor cuidando de cada um de maneira muito espec\u00edfica\u201d, acrescentou. A\u00e7\u00f5es sociais na regi\u00e3o Conforme a CNN Brasil, a Pol\u00edcia Civil confirmou que subiu para 70 o n\u00famero de mortos ap\u00f3s as chuvas que atingiram Minas Gerais na \u00faltima semana. Desde o in\u00edcio das enchentes, crist\u00e3os e igrejas de todo o Brasil t\u00eam se unido para orar e ajudar as v\u00edtimas da trag\u00e9dia por meio da opera\u00e7\u00e3o \u201cSOS Minas\u201d. \u201cEstamos em a\u00e7\u00e3o para aben\u00e7oar moradores, volunt\u00e1rios e profissionais que est\u00e3o em meio aos desafios causados pelas fortes chuvas na regi\u00e3o. Separe um tempo para orar por esse momento t\u00e3o dif\u00edcil\u201d, compartilhou a miss\u00e3o.\u00a0 \u201cLembre-se dos moradores, das fam\u00edlias, dos volunt\u00e1rios, dos profissionais, dos mission\u00e1rios, da Carreta Mission\u00e1ria. L\u00e1grimas e desespero t\u00eam marcado esses dias, mas cremos que o amor, a gra\u00e7a e o poder de Deus podem nos fazer enfrentar as dificuldades com coragem e esperan\u00e7a\u201d, acrescentou. As Carretas Mission\u00e1rias tamb\u00e9m est\u00e3o aben\u00e7oando o povo mineiro com atendimentos na \u00e1rea da sa\u00fade, al\u00e9m de auxiliar e distribuir itens essenciais, como \u00e1gua, alimentos e materiais de limpeza. Mission\u00e1rios da Cristol\u00e2ndia S\u00e3o Paulo trabalharam em parceria com o Ex\u00e9rcito no \u00faltimo s\u00e1bado (27) para remover a lama ap\u00f3s mais um per\u00edodo de chuva na cidade de Ub\u00e1. \u201cPedimos aos irm\u00e3os, continuem orando por esse povo. Que estejamos juntos, orando ao Senhor pedindo miseric\u00f3rdia e juntos vamos levar a esperan\u00e7a que \u00e9 o Senhor Jesus Cristo\u201d, disse um l\u00edder. No local, os crist\u00e3os prepararam kits para os desabrigados e iniciaram a limpeza de ruas e resid\u00eancias. Um grupo tamb\u00e9m participou da limpeza de uma igreja para que o culto de domingo fosse realizado. \u201cDeus tem feito grandes coisas em meio ao grande desafio enfrentado\u201d, conclu\u00edram.<\/p>\n","protected":false},"author":1,"featured_media":11256,"comment_status":"closed","ping_status":"closed","sticky":false,"template":"","format":"standard","meta":{"footnotes":""},"categories":[14],"tags":[],"class_list":["post-11255","post","type-post","status-publish","format-standard","has-post-thumbnail","hentry","category-missoes"],"acf":[],"_links":{"self":[{"href":"https:\/\/fabricadescripts.com.br\/igrejas\/IGRE3535\/wp-json\/wp\/v2\/posts\/11255","targetHints":{"allow":["GET"]}}],"collection":[{"href":"https:\/\/fabricadescripts.com.br\/igrejas\/IGRE3535\/wp-json\/wp\/v2\/posts"}],"about":[{"href":"https:\/\/fabricadescripts.com.br\/igrejas\/IGRE3535\/wp-json\/wp\/v2\/types\/post"}],"author":[{"embeddable":true,"href":"https:\/\/fabricadescripts.com.br\/igrejas\/IGRE3535\/wp-json\/wp\/v2\/users\/1"}],"replies":[{"embeddable":true,"href":"https:\/\/fabricadescripts.com.br\/igrejas\/IGRE3535\/wp-json\/wp\/v2\/comments?post=11255"}],"version-history":[{"count":0,"href":"https:\/\/fabricadescripts.com.br\/igrejas\/IGRE3535\/wp-json\/wp\/v2\/posts\/11255\/revisions"}],"wp:featuredmedia":[{"embeddable":true,"href":"https:\/\/fabricadescripts.com.br\/igrejas\/IGRE3535\/wp-json\/wp\/v2\/media\/11256"}],"wp:attachment":[{"href":"https:\/\/fabricadescripts.com.br\/igrejas\/IGRE3535\/wp-json\/wp\/v2\/media?parent=11255"}],"wp:term":[{"taxonomy":"category","embeddable":true,"href":"https:\/\/fabricadescripts.com.br\/igrejas\/IGRE3535\/wp-json\/wp\/v2\/categories?post=11255"},{"taxonomy":"post_tag","embeddable":true,"href":"https:\/\/fabricadescripts.com.br\/igrejas\/IGRE3535\/wp-json\/wp\/v2\/tags?post=11255"}],"curies":[{"name":"wp","href":"https:\/\/api.w.org\/{rel}","templated":true}]}}