{"id":11253,"date":"2026-03-04T04:54:12","date_gmt":"2026-03-04T07:54:12","guid":{"rendered":"https:\/\/fabricadescripts.com.br\/igrejas\/IGRE3535\/adolescente-cristao-e-convertido-a-forca-ao-isla-e-mantido-em-carcere-privado-no-paquistao\/"},"modified":"2026-03-04T04:54:12","modified_gmt":"2026-03-04T07:54:12","slug":"adolescente-cristao-e-convertido-a-forca-ao-isla-e-mantido-em-carcere-privado-no-paquistao","status":"publish","type":"post","link":"https:\/\/fabricadescripts.com.br\/igrejas\/IGRE3535\/adolescente-cristao-e-convertido-a-forca-ao-isla-e-mantido-em-carcere-privado-no-paquistao\/","title":{"rendered":"Adolescente crist\u00e3o \u00e9 convertido \u00e0 for\u00e7a ao Isl\u00e3 e mantido em c\u00e1rcere privado no Paquist\u00e3o"},"content":{"rendered":"<div>\n<p><span>Um propriet\u00e1rio de terras mu\u00e7ulmano converteu \u00e0 for\u00e7a um adolescente crist\u00e3o ao islamismo e o mant\u00e9m em c\u00e1rcere privado, no <\/span><span><strong>Paquist\u00e3o<\/strong><\/span><span>.\u00a0<\/span><\/p>\n<p><span>Jameel Masih, de 14 anos, trabalhava para o latifundi\u00e1rio Muhammad Boota Bajwa no distrito de Sheikhupura, na prov\u00edncia de Punjab.\u00a0<\/span><\/p>\n<p><span>Segundo Morning Star News, o adolescente foi enviado pelo pai, Sharif Masih, para trabalhar no curral do propriet\u00e1rio h\u00e1 cerca de cinco anos, devido \u00e0 situa\u00e7\u00e3o de extrema pobreza da fam\u00edlia.<\/span><\/p>\n<p><span>Em vez de sal\u00e1rio mensal, o propriet\u00e1rio concordou em fornecer cinco maunds de trigo por ano \u2014 cerca de 200 quilos, avaliados em aproximadamente 16 mil r\u00fapias paquistanesas (US$ 58). O acordo tamb\u00e9m permitia que os pais visitassem o filho uma vez por m\u00eas e, ocasionalmente, o levassem para passar a noite em casa.<\/span><\/p>\n<p><span>No entanto, em 22 de fevereiro, quando Masih e a esposa, Nazia, foram \u00e0 resid\u00eancia do mu\u00e7ulmano para ver o filho, tiveram a entrada negada.<\/span><\/p>\n<p><span>\u201cBajwa nos disse que Jameel n\u00e3o queria se encontrar conosco. Quando levantamos a voz, alguns anci\u00e3os mu\u00e7ulmanos locais intervieram e o for\u00e7aram a nos entregar Jameel\u201d, disse Masih ao Morning Star News.<\/span><\/p>\n<p><span>Pouco depois de retornarem para casa com o filho, o propriet\u00e1rio chegou na resid\u00eancia da fam\u00edlia acompanhado de dois homens armados.<\/span><\/p>\n<p><span>\u201cEles atacaram a mim e \u00e0 minha esposa e arrancaram Jameel de n\u00f3s \u00e0 for\u00e7a. Nossos pedidos de miseric\u00f3rdia foram ignorados\u201d, relembrou Masih.\u00a0<\/span><\/p>\n<p><span>Desde ent\u00e3o, a fam\u00edlia n\u00e3o conseguiu mais contato com o menino e sofreu amea\u00e7as ao tentar conseguir informa\u00e7\u00f5es sobre seu paradeiro.<\/span><\/p>\n<p><strong>Convers\u00e3o for\u00e7ada<\/strong><\/p>\n<p><span>Recentemente, os pais afirmam ter visto um v\u00eddeo no TikTok no qual Jameel aparece usando um bon\u00e9 isl\u00e2mico ao som de um hino mu\u00e7ulmano. Moradores informaram que ele havia se convertido ao Isl\u00e3.<\/span><\/p>\n<p><span>Com o apoio do grupo crist\u00e3o de defesa dos direitos humanos HARDS Pakistan, Masih registrou uma queixa na delegacia de Farooqabad Saddar, pedindo a localiza\u00e7\u00e3o do filho e a pris\u00e3o dos envolvidos.<\/span><\/p>\n<p><span>O diretor executivo da organiza\u00e7\u00e3o, Sohail Habil, afirmou que, caso a pol\u00edcia n\u00e3o registre oficialmente o caso, ser\u00e1 protocolado um pedido de habeas corpus no Tribunal Superior de Lahore para garantir a apresenta\u00e7\u00e3o do adolescente \u00e0 Justi\u00e7a.<\/span><\/p>\n<p><span>\u201cA fam\u00edlia Masih foi v\u00edtima de extrema injusti\u00e7a. Estamos empenhados em garantir que Jameel seja resgatado do cativeiro ilegal e que os respons\u00e1veis \u200b\u200bsejam processados \u200b\u200bde acordo com a lei\u201d, declarou Habil.<\/span><\/p>\n<p><span>O ativista de direitos humanos Napoleon Qayyum destacou que a convers\u00e3o for\u00e7ada pode estar ligada a pr\u00e1ticas de <\/span><span><strong>trabalho escravo<\/strong><\/span><span>.<\/span><\/p>\n<p><span>\u201cEm muitos casos, crian\u00e7as vulner\u00e1veis \u200b\u200bpertencentes a minorias s\u00e3o convertidas e separadas de suas fam\u00edlias para garantir o controle permanente sobre elas\u201d, explicou ele.<\/span><\/p>\n<p><span>E continuou: \u201cO Paquist\u00e3o ainda n\u00e3o possui uma lei federal que criminalize especificamente as convers\u00f5es religiosas for\u00e7adas, particularmente de menores\u201d.<\/span><\/p>\n<p><span>Napoleon pediu que as autoridades registrem acusa\u00e7\u00f5es com base nas leis que tratam de sequestro, c\u00e1rcere privado, agress\u00e3o, intimida\u00e7\u00e3o criminosa, trabalho infantil e trabalho for\u00e7ado.<\/span><\/p>\n<p><strong>Falhas na aplica\u00e7\u00e3o das leis<\/strong><\/p>\n<p><span>Casos de supostas convers\u00f5es for\u00e7adas de menores crist\u00e3os e hindus t\u00eam sido denunciados com frequ\u00eancia no pa\u00eds, sobretudo nas prov\u00edncias de Punjab e Sindh.\u00a0<\/span><\/p>\n<p><span>Organiza\u00e7\u00f5es de direitos humanos registraram epis\u00f3dios em que meninas menores de idade de comunidades minorit\u00e1rias foram sequestradas, convertidas e casadas ap\u00f3s questionamentos sobre suas idades.<\/span><\/p>\n<p><span>Em 2021, o Parlamento paquistan\u00eas rejeitou um projeto de lei que buscava criminalizar convers\u00f5es for\u00e7adas, ap\u00f3s oposi\u00e7\u00e3o de partidos religiosos e do Conselho de Ideologia Isl\u00e2mica.<\/span><\/p>\n<p><span>Embora a Constitui\u00e7\u00e3o do Paquist\u00e3o garanta liberdade religiosa e a legisla\u00e7\u00e3o penal pro\u00edba sequestro, casamento for\u00e7ado e trabalho escravo, muitos apontam falhas na aplica\u00e7\u00e3o das leis, especialmente em \u00e1reas rurais, onde fam\u00edlias empobrecidas dependem economicamente de propriet\u00e1rios de terras.<\/span><\/p>\n<p><span>De acordo com o censo nacional de 2023, os crist\u00e3os representam cerca de 1,37% da popula\u00e7\u00e3o do pa\u00eds e est\u00e3o desproporcionalmente entre os trabalhadores de baixa renda, o que aumenta o risco de explora\u00e7\u00e3o, incluindo trabalho infantil e coer\u00e7\u00e3o.<\/span><\/p>\n<p><span>O Paquist\u00e3o ficou novamente em 8\u00ba lugar na <\/span><span><strong>Lista Mundial de Vigil\u00e2ncia 2026 da Portas Abertas<\/strong><\/span><span>, que avalia a persegui\u00e7\u00e3o enfrentada por crist\u00e3os em todo o mundo.\u00a0<\/span><\/p>\n<\/div>\n","protected":false},"excerpt":{"rendered":"<p>Um propriet\u00e1rio de terras mu\u00e7ulmano converteu \u00e0 for\u00e7a um adolescente crist\u00e3o ao islamismo e o mant\u00e9m em c\u00e1rcere privado, no Paquist\u00e3o.\u00a0 Jameel Masih, de 14 anos, trabalhava para o latifundi\u00e1rio Muhammad Boota Bajwa no distrito de Sheikhupura, na prov\u00edncia de Punjab.\u00a0 Segundo Morning Star News, o adolescente foi enviado pelo pai, Sharif Masih, para trabalhar no curral do propriet\u00e1rio h\u00e1 cerca de cinco anos, devido \u00e0 situa\u00e7\u00e3o de extrema pobreza da fam\u00edlia. Em vez de sal\u00e1rio mensal, o propriet\u00e1rio concordou em fornecer cinco maunds de trigo por ano \u2014 cerca de 200 quilos, avaliados em aproximadamente 16 mil r\u00fapias paquistanesas (US$ 58). O acordo tamb\u00e9m permitia que os pais visitassem o filho uma vez por m\u00eas e, ocasionalmente, o levassem para passar a noite em casa. No entanto, em 22 de fevereiro, quando Masih e a esposa, Nazia, foram \u00e0 resid\u00eancia do mu\u00e7ulmano para ver o filho, tiveram a entrada negada. \u201cBajwa nos disse que Jameel n\u00e3o queria se encontrar conosco. Quando levantamos a voz, alguns anci\u00e3os mu\u00e7ulmanos locais intervieram e o for\u00e7aram a nos entregar Jameel\u201d, disse Masih ao Morning Star News. Pouco depois de retornarem para casa com o filho, o propriet\u00e1rio chegou na resid\u00eancia da fam\u00edlia acompanhado de dois homens armados. \u201cEles atacaram a mim e \u00e0 minha esposa e arrancaram Jameel de n\u00f3s \u00e0 for\u00e7a. Nossos pedidos de miseric\u00f3rdia foram ignorados\u201d, relembrou Masih.\u00a0 Desde ent\u00e3o, a fam\u00edlia n\u00e3o conseguiu mais contato com o menino e sofreu amea\u00e7as ao tentar conseguir informa\u00e7\u00f5es sobre seu paradeiro. Convers\u00e3o for\u00e7ada Recentemente, os pais afirmam ter visto um v\u00eddeo no TikTok no qual Jameel aparece usando um bon\u00e9 isl\u00e2mico ao som de um hino mu\u00e7ulmano. Moradores informaram que ele havia se convertido ao Isl\u00e3. Com o apoio do grupo crist\u00e3o de defesa dos direitos humanos HARDS Pakistan, Masih registrou uma queixa na delegacia de Farooqabad Saddar, pedindo a localiza\u00e7\u00e3o do filho e a pris\u00e3o dos envolvidos. O diretor executivo da organiza\u00e7\u00e3o, Sohail Habil, afirmou que, caso a pol\u00edcia n\u00e3o registre oficialmente o caso, ser\u00e1 protocolado um pedido de habeas corpus no Tribunal Superior de Lahore para garantir a apresenta\u00e7\u00e3o do adolescente \u00e0 Justi\u00e7a. \u201cA fam\u00edlia Masih foi v\u00edtima de extrema injusti\u00e7a. Estamos empenhados em garantir que Jameel seja resgatado do cativeiro ilegal e que os respons\u00e1veis \u200b\u200bsejam processados \u200b\u200bde acordo com a lei\u201d, declarou Habil. O ativista de direitos humanos Napoleon Qayyum destacou que a convers\u00e3o for\u00e7ada pode estar ligada a pr\u00e1ticas de trabalho escravo. \u201cEm muitos casos, crian\u00e7as vulner\u00e1veis \u200b\u200bpertencentes a minorias s\u00e3o convertidas e separadas de suas fam\u00edlias para garantir o controle permanente sobre elas\u201d, explicou ele. E continuou: \u201cO Paquist\u00e3o ainda n\u00e3o possui uma lei federal que criminalize especificamente as convers\u00f5es religiosas for\u00e7adas, particularmente de menores\u201d. Napoleon pediu que as autoridades registrem acusa\u00e7\u00f5es com base nas leis que tratam de sequestro, c\u00e1rcere privado, agress\u00e3o, intimida\u00e7\u00e3o criminosa, trabalho infantil e trabalho for\u00e7ado. Falhas na aplica\u00e7\u00e3o das leis Casos de supostas convers\u00f5es for\u00e7adas de menores crist\u00e3os e hindus t\u00eam sido denunciados com frequ\u00eancia no pa\u00eds, sobretudo nas prov\u00edncias de Punjab e Sindh.\u00a0 Organiza\u00e7\u00f5es de direitos humanos registraram epis\u00f3dios em que meninas menores de idade de comunidades minorit\u00e1rias foram sequestradas, convertidas e casadas ap\u00f3s questionamentos sobre suas idades. Em 2021, o Parlamento paquistan\u00eas rejeitou um projeto de lei que buscava criminalizar convers\u00f5es for\u00e7adas, ap\u00f3s oposi\u00e7\u00e3o de partidos religiosos e do Conselho de Ideologia Isl\u00e2mica. Embora a Constitui\u00e7\u00e3o do Paquist\u00e3o garanta liberdade religiosa e a legisla\u00e7\u00e3o penal pro\u00edba sequestro, casamento for\u00e7ado e trabalho escravo, muitos apontam falhas na aplica\u00e7\u00e3o das leis, especialmente em \u00e1reas rurais, onde fam\u00edlias empobrecidas dependem economicamente de propriet\u00e1rios de terras. De acordo com o censo nacional de 2023, os crist\u00e3os representam cerca de 1,37% da popula\u00e7\u00e3o do pa\u00eds e est\u00e3o desproporcionalmente entre os trabalhadores de baixa renda, o que aumenta o risco de explora\u00e7\u00e3o, incluindo trabalho infantil e coer\u00e7\u00e3o. O Paquist\u00e3o ficou novamente em 8\u00ba lugar na Lista Mundial de Vigil\u00e2ncia 2026 da Portas Abertas, que avalia a persegui\u00e7\u00e3o enfrentada por crist\u00e3os em todo o mundo.\u00a0<\/p>\n","protected":false},"author":1,"featured_media":11254,"comment_status":"closed","ping_status":"closed","sticky":false,"template":"","format":"standard","meta":{"footnotes":""},"categories":[14],"tags":[],"class_list":["post-11253","post","type-post","status-publish","format-standard","has-post-thumbnail","hentry","category-missoes"],"acf":[],"_links":{"self":[{"href":"https:\/\/fabricadescripts.com.br\/igrejas\/IGRE3535\/wp-json\/wp\/v2\/posts\/11253","targetHints":{"allow":["GET"]}}],"collection":[{"href":"https:\/\/fabricadescripts.com.br\/igrejas\/IGRE3535\/wp-json\/wp\/v2\/posts"}],"about":[{"href":"https:\/\/fabricadescripts.com.br\/igrejas\/IGRE3535\/wp-json\/wp\/v2\/types\/post"}],"author":[{"embeddable":true,"href":"https:\/\/fabricadescripts.com.br\/igrejas\/IGRE3535\/wp-json\/wp\/v2\/users\/1"}],"replies":[{"embeddable":true,"href":"https:\/\/fabricadescripts.com.br\/igrejas\/IGRE3535\/wp-json\/wp\/v2\/comments?post=11253"}],"version-history":[{"count":0,"href":"https:\/\/fabricadescripts.com.br\/igrejas\/IGRE3535\/wp-json\/wp\/v2\/posts\/11253\/revisions"}],"wp:featuredmedia":[{"embeddable":true,"href":"https:\/\/fabricadescripts.com.br\/igrejas\/IGRE3535\/wp-json\/wp\/v2\/media\/11254"}],"wp:attachment":[{"href":"https:\/\/fabricadescripts.com.br\/igrejas\/IGRE3535\/wp-json\/wp\/v2\/media?parent=11253"}],"wp:term":[{"taxonomy":"category","embeddable":true,"href":"https:\/\/fabricadescripts.com.br\/igrejas\/IGRE3535\/wp-json\/wp\/v2\/categories?post=11253"},{"taxonomy":"post_tag","embeddable":true,"href":"https:\/\/fabricadescripts.com.br\/igrejas\/IGRE3535\/wp-json\/wp\/v2\/tags?post=11253"}],"curies":[{"name":"wp","href":"https:\/\/api.w.org\/{rel}","templated":true}]}}