{"id":11249,"date":"2026-03-04T04:54:11","date_gmt":"2026-03-04T07:54:11","guid":{"rendered":"https:\/\/fabricadescripts.com.br\/igrejas\/IGRE3535\/sinais-profeticos-lua-de-sangue-e-purim-coincidem-com-guerra-envolvendo-israel-e-ira\/"},"modified":"2026-03-04T04:54:11","modified_gmt":"2026-03-04T07:54:11","slug":"sinais-profeticos-lua-de-sangue-e-purim-coincidem-com-guerra-envolvendo-israel-e-ira","status":"publish","type":"post","link":"https:\/\/fabricadescripts.com.br\/igrejas\/IGRE3535\/sinais-profeticos-lua-de-sangue-e-purim-coincidem-com-guerra-envolvendo-israel-e-ira\/","title":{"rendered":"Sinais prof\u00e9ticos? \u201cLua de Sangue\u201d e Purim coincidem com guerra envolvendo Israel e Ir\u00e3"},"content":{"rendered":"<div>\n<p>Em meio ao atual confronto entre Israel, EUA e Ir\u00e3, acontecimentos que estudiosos da B\u00edblia consideram s\u00edmbolos prof\u00e9ticos ganham destaque, como a \u201cLua de Sangue\u201d e a celebra\u00e7\u00e3o de Purim.<\/p>\n<p>A primeira \u201c<span><strong>lua de sangue<\/strong><\/span>\u201d de 2026 poder\u00e1 ser observada nesta ter\u00e7a-feira (03). O fen\u00f4meno, que deve durar quase uma hora, ser\u00e1 vis\u00edvel no Brasil e em grande parte das Am\u00e9ricas, al\u00e9m da Austr\u00e1lia e de regi\u00f5es da \u00c1sia.<\/p>\n<p>O eclipse lunar total ocorre exatamente durante o per\u00edodo do feriado judaico de <span><strong>Purim<\/strong><\/span> \u2013 celebra\u00e7\u00e3o que recorda a liberta\u00e7\u00e3o do povo judeu do antigo imp\u00e9rio persa, territ\u00f3rio que hoje corresponde ao Ir\u00e3.<\/p>\n<p>Esta \u00e9 a terceira \u201clua de sangue\u201d em um intervalo de dois anos, ap\u00f3s outras duas registradas em 2025.<\/p>\n<p>As duas \u201cluas de sangue\u201d do ano passado ocorreram enquanto Israel avan\u00e7ava na fase decisiva de sua ofensiva contra o <span><strong>Hamas em Gaza<\/strong><\/span>. Naquele mesmo per\u00edodo, Israel e EUA tamb\u00e9m realizavam opera\u00e7\u00f5es militares contra o programa nuclear do Ir\u00e3.<\/p>\n<p><strong>\u2018Sinais nos c\u00e9us\u2019<\/strong><\/p>\n<p>Ao comentar o tema, o pastor Rodrigo Aldeia, conhecido como Pr. Dig\u00e3o, destacou a rela\u00e7\u00e3o entre a antiga P\u00e9rsia e as profecias b\u00edblicas:<\/p>\n<p>\u201cEm Ezequiel 38:5, a B\u00edblia menciona a P\u00e9rsia em uma coaliz\u00e3o contra Israel nos tempos do fim. O Ir\u00e3 moderno ocupa exatamente a regi\u00e3o de onde ficava a P\u00e9rsia\u201d.<\/p>\n<blockquote data-instgrm-captioned data-instgrm-permalink=\"https:\/\/www.instagram.com\/p\/DVUlfwXDg8c\/?utm_source=ig_embed&#038;utm_campaign=loading\" data-instgrm-version=\"14\"><\/blockquote>\n<p>Ele tamb\u00e9m mencionou o que chama de \u201csinais nos c\u00e9us\u201d:<\/p>\n<p>\u201cNa B\u00edblia, a lua de sangue n\u00e3o aparece como uma curiosidade astron\u00f4mica. Alguns textos b\u00edblicos nos mostram isso, como Joel 2 e Apocalipse 6\u201d.<\/p>\n<p>Segundo o pastor, a lua de sangue surge\u00a0em contexto de ju\u00edzo divino, abalo das na\u00e7\u00f5es e interven\u00e7\u00e3o de Deus na hist\u00f3ria.<\/p>\n<p>\u201cPrecisamos discernir as esta\u00e7\u00f5es\u201d, diz.<\/p>\n<p><strong>\u2018Rel\u00f3gio prof\u00e9tico\u2019<\/strong><\/p>\n<p>H\u00e1 anos, os pastores <span><strong>John Hagee<\/strong><\/span> e Mark Biltz sustentam que as luas de sangue seriam pren\u00fancios de eventos importantes para Israel e o Oriente M\u00e9dio, sobretudo quando ocorrem em dias sagrados judaicos.<\/p>\n<p>Essas interpreta\u00e7\u00f5es se apoiam em Lucas 21:25\u201328, texto b\u00edblico que aponta para a manifesta\u00e7\u00e3o de sinais nos c\u00e9us antes do fim dos tempos, descrevendo fen\u00f4menos no sol, na lua e nas estrelas, bem como a ang\u00fastia das na\u00e7\u00f5es diante dos acontecimentos que antecederiam a reden\u00e7\u00e3o.<\/p>\n<p>\u00c0 medida que as tens\u00f5es no Oriente M\u00e9dio aumentam, o pastor Greg Laurie chama os crist\u00e3os a responderem com clareza b\u00edblica, e n\u00e3o com medo, destacando o papel central de Israel nas Escrituras e a crescente relev\u00e2ncia do Ir\u00e3 nos acontecimentos globais.<\/p>\n<p>Em um epis\u00f3dio recente de seu programa, The Greg Laurie Show, o l\u00edder e fundador da Harvest Christian Fellowship descreve Israel como \u201co rel\u00f3gio de tempo prof\u00e9tico de Deus\u201d.<\/p>\n<p>Ele argumenta que o renascimento moderno da na\u00e7\u00e3o marcou um grande ponto de virada na hist\u00f3ria b\u00edblica.<\/p>\n<p>\u201cTudo come\u00e7a em 14 de maio de 1948\u201d, disse Laurie. \u201cIsrael tornou-se uma na\u00e7\u00e3o. &#8230; Quando isso acontecesse, isso seria um sinal dos tempos e efetivamente o rel\u00f3gio de tempo prof\u00e9tico come\u00e7aria a funcionar.\u201d<\/p>\n<p><strong>Geopol\u00edtica<\/strong><\/p>\n<p>Nesse contexto de crescente instabilidade geopol\u00edtica, EUA e Israel lan\u00e7aram uma s\u00e9rie de ataques a\u00e9reos contra o regime iraniano, acusado h\u00e1 d\u00e9cadas de apoiar o terrorismo internacional e de reprimir violentamente sua pr\u00f3pria popula\u00e7\u00e3o.<\/p>\n<p>Ap\u00f3s a morte do l\u00edder supremo iraniano, aiatol\u00e1 <span><strong>Ali Khamenei<\/strong><\/span>, durante os bombardeios em seu complexo residencial, o presidente Donald Trump afirmou que o momento representa uma oportunidade para que os iranianos retomem o controle de seu pa\u00eds.<\/p>\n<p>Diante desse quadro, o pastor Dig\u00e3o questiona: \u201cEstamos vendo apenas geopol\u00edtica ou estamos diante de um cen\u00e1rio prof\u00e9tico se concretizando?\u201d<\/p>\n<\/div>\n","protected":false},"excerpt":{"rendered":"<p>Em meio ao atual confronto entre Israel, EUA e Ir\u00e3, acontecimentos que estudiosos da B\u00edblia consideram s\u00edmbolos prof\u00e9ticos ganham destaque, como a \u201cLua de Sangue\u201d e a celebra\u00e7\u00e3o de Purim. A primeira \u201clua de sangue\u201d de 2026 poder\u00e1 ser observada nesta ter\u00e7a-feira (03). O fen\u00f4meno, que deve durar quase uma hora, ser\u00e1 vis\u00edvel no Brasil e em grande parte das Am\u00e9ricas, al\u00e9m da Austr\u00e1lia e de regi\u00f5es da \u00c1sia. O eclipse lunar total ocorre exatamente durante o per\u00edodo do feriado judaico de Purim \u2013 celebra\u00e7\u00e3o que recorda a liberta\u00e7\u00e3o do povo judeu do antigo imp\u00e9rio persa, territ\u00f3rio que hoje corresponde ao Ir\u00e3. Esta \u00e9 a terceira \u201clua de sangue\u201d em um intervalo de dois anos, ap\u00f3s outras duas registradas em 2025. As duas \u201cluas de sangue\u201d do ano passado ocorreram enquanto Israel avan\u00e7ava na fase decisiva de sua ofensiva contra o Hamas em Gaza. Naquele mesmo per\u00edodo, Israel e EUA tamb\u00e9m realizavam opera\u00e7\u00f5es militares contra o programa nuclear do Ir\u00e3. \u2018Sinais nos c\u00e9us\u2019 Ao comentar o tema, o pastor Rodrigo Aldeia, conhecido como Pr. Dig\u00e3o, destacou a rela\u00e7\u00e3o entre a antiga P\u00e9rsia e as profecias b\u00edblicas: \u201cEm Ezequiel 38:5, a B\u00edblia menciona a P\u00e9rsia em uma coaliz\u00e3o contra Israel nos tempos do fim. O Ir\u00e3 moderno ocupa exatamente a regi\u00e3o de onde ficava a P\u00e9rsia\u201d. Ele tamb\u00e9m mencionou o que chama de \u201csinais nos c\u00e9us\u201d: \u201cNa B\u00edblia, a lua de sangue n\u00e3o aparece como uma curiosidade astron\u00f4mica. Alguns textos b\u00edblicos nos mostram isso, como Joel 2 e Apocalipse 6\u201d. Segundo o pastor, a lua de sangue surge\u00a0em contexto de ju\u00edzo divino, abalo das na\u00e7\u00f5es e interven\u00e7\u00e3o de Deus na hist\u00f3ria. \u201cPrecisamos discernir as esta\u00e7\u00f5es\u201d, diz. \u2018Rel\u00f3gio prof\u00e9tico\u2019 H\u00e1 anos, os pastores John Hagee e Mark Biltz sustentam que as luas de sangue seriam pren\u00fancios de eventos importantes para Israel e o Oriente M\u00e9dio, sobretudo quando ocorrem em dias sagrados judaicos. Essas interpreta\u00e7\u00f5es se apoiam em Lucas 21:25\u201328, texto b\u00edblico que aponta para a manifesta\u00e7\u00e3o de sinais nos c\u00e9us antes do fim dos tempos, descrevendo fen\u00f4menos no sol, na lua e nas estrelas, bem como a ang\u00fastia das na\u00e7\u00f5es diante dos acontecimentos que antecederiam a reden\u00e7\u00e3o. \u00c0 medida que as tens\u00f5es no Oriente M\u00e9dio aumentam, o pastor Greg Laurie chama os crist\u00e3os a responderem com clareza b\u00edblica, e n\u00e3o com medo, destacando o papel central de Israel nas Escrituras e a crescente relev\u00e2ncia do Ir\u00e3 nos acontecimentos globais. Em um epis\u00f3dio recente de seu programa, The Greg Laurie Show, o l\u00edder e fundador da Harvest Christian Fellowship descreve Israel como \u201co rel\u00f3gio de tempo prof\u00e9tico de Deus\u201d. Ele argumenta que o renascimento moderno da na\u00e7\u00e3o marcou um grande ponto de virada na hist\u00f3ria b\u00edblica. \u201cTudo come\u00e7a em 14 de maio de 1948\u201d, disse Laurie. \u201cIsrael tornou-se uma na\u00e7\u00e3o. &#8230; Quando isso acontecesse, isso seria um sinal dos tempos e efetivamente o rel\u00f3gio de tempo prof\u00e9tico come\u00e7aria a funcionar.\u201d Geopol\u00edtica Nesse contexto de crescente instabilidade geopol\u00edtica, EUA e Israel lan\u00e7aram uma s\u00e9rie de ataques a\u00e9reos contra o regime iraniano, acusado h\u00e1 d\u00e9cadas de apoiar o terrorismo internacional e de reprimir violentamente sua pr\u00f3pria popula\u00e7\u00e3o. Ap\u00f3s a morte do l\u00edder supremo iraniano, aiatol\u00e1 Ali Khamenei, durante os bombardeios em seu complexo residencial, o presidente Donald Trump afirmou que o momento representa uma oportunidade para que os iranianos retomem o controle de seu pa\u00eds. Diante desse quadro, o pastor Dig\u00e3o questiona: \u201cEstamos vendo apenas geopol\u00edtica ou estamos diante de um cen\u00e1rio prof\u00e9tico se concretizando?\u201d<\/p>\n","protected":false},"author":1,"featured_media":11250,"comment_status":"closed","ping_status":"closed","sticky":false,"template":"","format":"standard","meta":{"footnotes":""},"categories":[13],"tags":[],"class_list":["post-11249","post","type-post","status-publish","format-standard","has-post-thumbnail","hentry","category-israel"],"acf":[],"_links":{"self":[{"href":"https:\/\/fabricadescripts.com.br\/igrejas\/IGRE3535\/wp-json\/wp\/v2\/posts\/11249","targetHints":{"allow":["GET"]}}],"collection":[{"href":"https:\/\/fabricadescripts.com.br\/igrejas\/IGRE3535\/wp-json\/wp\/v2\/posts"}],"about":[{"href":"https:\/\/fabricadescripts.com.br\/igrejas\/IGRE3535\/wp-json\/wp\/v2\/types\/post"}],"author":[{"embeddable":true,"href":"https:\/\/fabricadescripts.com.br\/igrejas\/IGRE3535\/wp-json\/wp\/v2\/users\/1"}],"replies":[{"embeddable":true,"href":"https:\/\/fabricadescripts.com.br\/igrejas\/IGRE3535\/wp-json\/wp\/v2\/comments?post=11249"}],"version-history":[{"count":0,"href":"https:\/\/fabricadescripts.com.br\/igrejas\/IGRE3535\/wp-json\/wp\/v2\/posts\/11249\/revisions"}],"wp:featuredmedia":[{"embeddable":true,"href":"https:\/\/fabricadescripts.com.br\/igrejas\/IGRE3535\/wp-json\/wp\/v2\/media\/11250"}],"wp:attachment":[{"href":"https:\/\/fabricadescripts.com.br\/igrejas\/IGRE3535\/wp-json\/wp\/v2\/media?parent=11249"}],"wp:term":[{"taxonomy":"category","embeddable":true,"href":"https:\/\/fabricadescripts.com.br\/igrejas\/IGRE3535\/wp-json\/wp\/v2\/categories?post=11249"},{"taxonomy":"post_tag","embeddable":true,"href":"https:\/\/fabricadescripts.com.br\/igrejas\/IGRE3535\/wp-json\/wp\/v2\/tags?post=11249"}],"curies":[{"name":"wp","href":"https:\/\/api.w.org\/{rel}","templated":true}]}}