{"id":11247,"date":"2026-03-04T04:54:12","date_gmt":"2026-03-04T07:54:12","guid":{"rendered":"https:\/\/fabricadescripts.com.br\/igrejas\/IGRE3535\/iranianos-e-israelenses-celebram-juntos-ao-redor-do-mundo-apos-ataques-no-ira\/"},"modified":"2026-03-04T04:54:12","modified_gmt":"2026-03-04T07:54:12","slug":"iranianos-e-israelenses-celebram-juntos-ao-redor-do-mundo-apos-ataques-no-ira","status":"publish","type":"post","link":"https:\/\/fabricadescripts.com.br\/igrejas\/IGRE3535\/iranianos-e-israelenses-celebram-juntos-ao-redor-do-mundo-apos-ataques-no-ira\/","title":{"rendered":"Iranianos e israelenses celebram juntos ao redor do mundo ap\u00f3s ataques no Ir\u00e3"},"content":{"rendered":"<div>\n<p><span>Em diversas partes do mundo, iranianos e israelenses celebraram juntos nas ruas ap\u00f3s o an\u00fancio da <\/span><span><strong>morte do l\u00edder supremo do Ir\u00e3<\/strong><\/span><span>, o aiatol\u00e1 Ali Khamenei.<\/span><\/p>\n<p><span>Khamenei e outras autoridades do alto escal\u00e3o do regime isl\u00e2mico foram eliminados durante os <\/span><span><strong>ataques<\/strong><\/span><span> realizados por <\/span><span><strong>Israel<\/strong><\/span><span> e Estados Unidos, no s\u00e1bado (28).<\/span><\/p>\n<p><strong>Londres<\/strong><\/p>\n<p><span>Em Londres, na Inglaterra, iranianos e israelenses sa\u00edram \u00e0s ruas e celebraram juntos a morte do ditador. Pedestres e carros exibiram as bandeiras de Israel, do Ir\u00e3 e dos EUA, segundo o The Times of Israel.<\/span><\/p>\n<p><span>As celebra\u00e7\u00f5es espont\u00e2neas aconteceram nos bairros Finchley e Golders Green, onde comunidades judaicas e iranianas moram.\u00a0<\/span><\/p>\n<blockquote data-instgrm-captioned data-instgrm-permalink=\"https:\/\/www.instagram.com\/reel\/DVYh_JjDOwJ\/?utm_source=ig_embed&#038;utm_campaign=loading\" data-instgrm-version=\"14\"><\/blockquote>\n<p><span>A comemora\u00e7\u00e3o contou com fogos de artif\u00edcio e m\u00fasicas animadas, com judeus ortodoxos cantando em persa e hebraico junto com seus vizinhos iranianos.<\/span><\/p>\n<p><span>\u201cT\u00ednhamos acabado de jantar em Londres quando soubemos que Khamenei havia sido confirmado morto&#8221;, contou Meir Porat, um judeu de 55 anos, em entrevista ao The Times of Israel.\u00a0<\/span><\/p>\n<p><span>&#8220;Em poucos minutos, se espalhou a not\u00edcia de que celebra\u00e7\u00f5es espont\u00e2neas estavam acontecendo no norte de Londres. Eu sabia que esse n\u00e3o era um momento para observar de longe\u201d.<\/span><\/p>\n<blockquote data-instgrm-captioned data-instgrm-permalink=\"https:\/\/www.instagram.com\/reel\/DVVBRL7D2rj\/?utm_source=ig_embed&#038;utm_campaign=loading\" data-instgrm-version=\"14\"><\/blockquote>\n<p><strong>Apoio m\u00fatuo<\/strong><\/p>\n<p><span>Porat afirmou que a comunidade judaica retribuiu o apoio que ganhou dos iranianos. &#8220;Desde 7 de outubro, muitos iranianos no ex\u00edlio t\u00eam se posicionado publicamente conosco em manifesta\u00e7\u00f5es por toda Londres. A noite passada pareceu o momento de ficar lado a lado com eles naquele que pode ser um momento decisivo para o pa\u00eds\u201d, declarou.<\/span><\/p>\n<p><span>\u201cEstranhos vinham at\u00e9 n\u00f3s simplesmente para dizer: &#8216;Obrigado por estarem aqui&#8217; e &#8216;Agradecemos seu apoio&#8217;. Muitos choravam, uma mistura de tristeza, al\u00edvio e esperan\u00e7a. E durante tudo isso, a multid\u00e3o continuava gritando: &#8216;a na\u00e7\u00e3o de Israel vive\u2019, iranianos e israelenses juntos&#8221;.<\/span><\/p>\n<p><span>De acordo com Rafael Singer, um judeu que participou da festa, havia cerca de 1.000 pessoas nas ruas de Londres.<\/span><\/p>\n<p><span>\u201cHavia muitos carros buzinando com bandeiras. Um casal me pediu em persa para tirar uma foto deles. Eu disse que n\u00e3o entendia e que era judeu, e o homem ent\u00e3o me deu um grande abra\u00e7o&#8221;, comentou ele.<\/span><\/p>\n<p><span>Ghorbani, um iraniano que participou da comemora\u00e7\u00e3o, ressaltou: \u201cTemos uma longa hist\u00f3ria com o povo judeu. Especialmente neste momento, quando os governos israelense e americano est\u00e3o alinhados com o povo iraniano para se livrar desse regime. A maioria das pessoas no Ir\u00e3 est\u00e1 comemorando a morte de Khamenei&#8221;.<\/span><\/p>\n<p><strong>EUA e It\u00e1lia<\/strong><\/p>\n<p><span>Celebra\u00e7\u00f5es de israelenses com iranianos tamb\u00e9m foram registradas nos EUA. Em Los Angeles, uma multid\u00e3o saiu \u00e0s ruas com bandeiras de Israel e do Ir\u00e3. Os participantes dan\u00e7aram ao som de tambores.<\/span><\/p>\n<blockquote data-instgrm-captioned data-instgrm-permalink=\"https:\/\/www.instagram.com\/reel\/DVWE3QMDZ1r\/?utm_source=ig_embed&#038;utm_campaign=loading\" data-instgrm-version=\"14\"><\/blockquote>\n<p><span>Na Times Square, em Nova York, iranianos e israelenses tamb\u00e9m se uniram em uma grande celebra\u00e7\u00e3o com m\u00fasicas t\u00edpicas.<\/span><\/p>\n<p><span>Uma celebra\u00e7\u00e3o conjunta entre os dois povos tamb\u00e9m foi registrada em Mil\u00e3o, na It\u00e1lia. Enquanto as pessoas pulavam e gritavam de alegria, uma champanhe foi aberta.\u00a0<\/span><\/p>\n<\/div>\n","protected":false},"excerpt":{"rendered":"<p>Em diversas partes do mundo, iranianos e israelenses celebraram juntos nas ruas ap\u00f3s o an\u00fancio da morte do l\u00edder supremo do Ir\u00e3, o aiatol\u00e1 Ali Khamenei. Khamenei e outras autoridades do alto escal\u00e3o do regime isl\u00e2mico foram eliminados durante os ataques realizados por Israel e Estados Unidos, no s\u00e1bado (28). Londres Em Londres, na Inglaterra, iranianos e israelenses sa\u00edram \u00e0s ruas e celebraram juntos a morte do ditador. Pedestres e carros exibiram as bandeiras de Israel, do Ir\u00e3 e dos EUA, segundo o The Times of Israel. As celebra\u00e7\u00f5es espont\u00e2neas aconteceram nos bairros Finchley e Golders Green, onde comunidades judaicas e iranianas moram.\u00a0 A comemora\u00e7\u00e3o contou com fogos de artif\u00edcio e m\u00fasicas animadas, com judeus ortodoxos cantando em persa e hebraico junto com seus vizinhos iranianos. \u201cT\u00ednhamos acabado de jantar em Londres quando soubemos que Khamenei havia sido confirmado morto&#8221;, contou Meir Porat, um judeu de 55 anos, em entrevista ao The Times of Israel.\u00a0 &#8220;Em poucos minutos, se espalhou a not\u00edcia de que celebra\u00e7\u00f5es espont\u00e2neas estavam acontecendo no norte de Londres. Eu sabia que esse n\u00e3o era um momento para observar de longe\u201d. Apoio m\u00fatuo Porat afirmou que a comunidade judaica retribuiu o apoio que ganhou dos iranianos. &#8220;Desde 7 de outubro, muitos iranianos no ex\u00edlio t\u00eam se posicionado publicamente conosco em manifesta\u00e7\u00f5es por toda Londres. A noite passada pareceu o momento de ficar lado a lado com eles naquele que pode ser um momento decisivo para o pa\u00eds\u201d, declarou. \u201cEstranhos vinham at\u00e9 n\u00f3s simplesmente para dizer: &#8216;Obrigado por estarem aqui&#8217; e &#8216;Agradecemos seu apoio&#8217;. Muitos choravam, uma mistura de tristeza, al\u00edvio e esperan\u00e7a. E durante tudo isso, a multid\u00e3o continuava gritando: &#8216;a na\u00e7\u00e3o de Israel vive\u2019, iranianos e israelenses juntos&#8221;. De acordo com Rafael Singer, um judeu que participou da festa, havia cerca de 1.000 pessoas nas ruas de Londres. \u201cHavia muitos carros buzinando com bandeiras. Um casal me pediu em persa para tirar uma foto deles. Eu disse que n\u00e3o entendia e que era judeu, e o homem ent\u00e3o me deu um grande abra\u00e7o&#8221;, comentou ele. Ghorbani, um iraniano que participou da comemora\u00e7\u00e3o, ressaltou: \u201cTemos uma longa hist\u00f3ria com o povo judeu. Especialmente neste momento, quando os governos israelense e americano est\u00e3o alinhados com o povo iraniano para se livrar desse regime. A maioria das pessoas no Ir\u00e3 est\u00e1 comemorando a morte de Khamenei&#8221;. EUA e It\u00e1lia Celebra\u00e7\u00f5es de israelenses com iranianos tamb\u00e9m foram registradas nos EUA. Em Los Angeles, uma multid\u00e3o saiu \u00e0s ruas com bandeiras de Israel e do Ir\u00e3. Os participantes dan\u00e7aram ao som de tambores. Na Times Square, em Nova York, iranianos e israelenses tamb\u00e9m se uniram em uma grande celebra\u00e7\u00e3o com m\u00fasicas t\u00edpicas. Uma celebra\u00e7\u00e3o conjunta entre os dois povos tamb\u00e9m foi registrada em Mil\u00e3o, na It\u00e1lia. Enquanto as pessoas pulavam e gritavam de alegria, uma champanhe foi aberta.\u00a0<\/p>\n","protected":false},"author":1,"featured_media":11248,"comment_status":"closed","ping_status":"closed","sticky":false,"template":"","format":"standard","meta":{"footnotes":""},"categories":[13],"tags":[],"class_list":["post-11247","post","type-post","status-publish","format-standard","has-post-thumbnail","hentry","category-israel"],"acf":[],"_links":{"self":[{"href":"https:\/\/fabricadescripts.com.br\/igrejas\/IGRE3535\/wp-json\/wp\/v2\/posts\/11247","targetHints":{"allow":["GET"]}}],"collection":[{"href":"https:\/\/fabricadescripts.com.br\/igrejas\/IGRE3535\/wp-json\/wp\/v2\/posts"}],"about":[{"href":"https:\/\/fabricadescripts.com.br\/igrejas\/IGRE3535\/wp-json\/wp\/v2\/types\/post"}],"author":[{"embeddable":true,"href":"https:\/\/fabricadescripts.com.br\/igrejas\/IGRE3535\/wp-json\/wp\/v2\/users\/1"}],"replies":[{"embeddable":true,"href":"https:\/\/fabricadescripts.com.br\/igrejas\/IGRE3535\/wp-json\/wp\/v2\/comments?post=11247"}],"version-history":[{"count":0,"href":"https:\/\/fabricadescripts.com.br\/igrejas\/IGRE3535\/wp-json\/wp\/v2\/posts\/11247\/revisions"}],"wp:featuredmedia":[{"embeddable":true,"href":"https:\/\/fabricadescripts.com.br\/igrejas\/IGRE3535\/wp-json\/wp\/v2\/media\/11248"}],"wp:attachment":[{"href":"https:\/\/fabricadescripts.com.br\/igrejas\/IGRE3535\/wp-json\/wp\/v2\/media?parent=11247"}],"wp:term":[{"taxonomy":"category","embeddable":true,"href":"https:\/\/fabricadescripts.com.br\/igrejas\/IGRE3535\/wp-json\/wp\/v2\/categories?post=11247"},{"taxonomy":"post_tag","embeddable":true,"href":"https:\/\/fabricadescripts.com.br\/igrejas\/IGRE3535\/wp-json\/wp\/v2\/tags?post=11247"}],"curies":[{"name":"wp","href":"https:\/\/api.w.org\/{rel}","templated":true}]}}