{"id":11241,"date":"2026-03-04T04:54:01","date_gmt":"2026-03-04T07:54:01","guid":{"rendered":"https:\/\/fabricadescripts.com.br\/igrejas\/IGRE3535\/ex-gay-que-se-converteu-tem-carro-pichado-com-ofensas-intolerancia-religiosa\/"},"modified":"2026-03-04T04:54:01","modified_gmt":"2026-03-04T07:54:01","slug":"ex-gay-que-se-converteu-tem-carro-pichado-com-ofensas-intolerancia-religiosa","status":"publish","type":"post","link":"https:\/\/fabricadescripts.com.br\/igrejas\/IGRE3535\/ex-gay-que-se-converteu-tem-carro-pichado-com-ofensas-intolerancia-religiosa\/","title":{"rendered":"Ex-gay que se converteu tem carro pichado com ofensas: &#8220;Intoler\u00e2ncia religiosa&#8221;"},"content":{"rendered":"<div>\n<p><span>O crist\u00e3o <\/span><span><strong>Lukas Lima renunciou a homossexualidade<\/strong><\/span><span> ap\u00f3s ter um encontro com Jesus em 2022.<\/span><\/p>\n<p><span>Desde l\u00e1, ele tem testemunhado nas redes sociais como sua identidade foi restaurada em Deus e como recebeu cura emocional.<\/span><\/p>\n<p><span>Lukas tamb\u00e9m tem pregado o Evangelho em diversas igrejas e nas ruas atrav\u00e9s da miss\u00e3o que fundou, a \u201cAvivah Bragan\u00e7a\u201d.\u00a0<\/span><\/p>\n<p><span>Na \u00faltima quinta-feira (26), o evangelista sofreu um ataque, em um caso de <\/span><span><strong>intoler\u00e2ncia religiosa<\/strong><\/span><span>. Seu carro foi pichado com frases ofensivas, como \u201cDeus \u00e9 gay\u201d e \u201cN\u00e3o existe ex-gay\u201d.\u00a0<\/span><\/p>\n<p><span>\u201cEu cheguei no meu carro agora e simplesmente escreveram nele. Eu estou cansado, eu estou t\u00e3o cansado. Eu n\u00e3o tive um dia de paz desde que eu aceitei a Cristo\u201d, desabafou Lukas, em v\u00eddeo compartilhado no Instagram.<\/span><\/p>\n<p><span>Para ele, o epis\u00f3dio se tratou de um ataque \u00e0 sua liberdade religiosa. \u201cN\u00e3o foi s\u00f3 tinta e uma atitude intimidadora, foi a tentativa de constranger, foi intoler\u00e2ncia religiosa!\u201d, declarou.<\/span><\/p>\n<p><span>\u201cNesse perfil voc\u00ea nunca ver\u00e1 prega\u00e7\u00f5es de \u00f3dio, insultos ou ofensas contra pessoas, voc\u00ea apenas ver\u00e1 o que Cristo tem feito na minha vida, mas mesmo assim algu\u00e9m decidiu que a minha f\u00e9 precisava ser atacada\u201d.<\/span><\/p>\n<p><span>E ressaltou: \u201cO que aconteceu n\u00e3o \u00e9 sobre um carro, \u00e9 sobre liberdade, sobre o direito de crer e sobre convivermos numa sociedade onde discordar n\u00e3o pode significar destruir\u201d.<\/span><\/p>\n<p><strong>\u201cContinuarei pregando\u201d<\/strong><\/p>\n<p><span>Lukas disse que n\u00e3o ir\u00e1 permitir que o ataque abale sua f\u00e9 e que continuar\u00e1 pregando as Boas Novas de Jesus.<\/span><\/p>\n<p><span>\u201cMinha f\u00e9 n\u00e3o nasceu ontem, ela sobreviveu a conflitos internos, dores, processos e ren\u00fancias e n\u00e3o ser\u00e1 tinta em lataria que vai apag\u00e1-la\u201d, garantiu.\u00a0<\/span><\/p>\n<p><span>\u201cEu continuarei crendo, pregando e amando pessoas, inclusive quem pensa diferente de mim. Ningu\u00e9m apaga aquilo que Deus escreveu na minha hist\u00f3ria\u201d, finalizou.<\/span><\/p>\n<blockquote data-instgrm-captioned data-instgrm-permalink=\"https:\/\/www.instagram.com\/reel\/DVR2oCgjyK4\/?utm_source=ig_embed&#038;utm_campaign=loading\" data-instgrm-version=\"14\"><\/blockquote>\n<p><strong>Identidade restaurada por Deus<\/strong><\/p>\n<p><span>Ap\u00f3s sofrer abusos sexuais na inf\u00e2ncia, Lukas Lima teve sua inoc\u00eancia retirada e sua identidade masculina abalada.<\/span><\/p>\n<p><span>Somado ao trauma, a falta de ter uma paternidade presente em sua vida levou o menino a crescer com raiva em seu cora\u00e7\u00e3o.<\/span><\/p>\n<p><span>Com apenas 11 anos, Lukas come\u00e7ou a consumir drogas. Na adolesc\u00eancia, ele come\u00e7ou a se envolver em relacionamentos homossexuais.<\/span><\/p>\n<p><span>Mais tarde, o jovem mergulhou no vic\u00edo e na prostitui\u00e7\u00e3o. Lutando com sua sa\u00fade mental, Lukas passou a se automutilar.<\/span><\/p>\n<p><span>Enquanto isso, sua m\u00e3e, Vanessa Lima, n\u00e3o deixou de am\u00e1-lo e o cobriu de ora\u00e7\u00e3o durante muito tempo.<\/span><\/p>\n<p><span>At\u00e9 que, em 2022, as ora\u00e7\u00f5es de Vanessa foram atendidas e Deus come\u00e7ou a agir na vida de Lukas. O jovem teve um encontro poderoso com o Senhor, aceitou Jesus e foi batizado nas \u00e1guas.<\/span><\/p>\n<p><span>\u201cPassei por um longo processo. Jesus me libertou de mim mesmo e me conduziria a uma vida de ren\u00fancia. Deus mudou a minha realidade. Eu era improv\u00e1vel, mas Ele me chamou de filho\u201d, testemunhou, anteriormente.<\/span><\/p>\n<\/div>\n","protected":false},"excerpt":{"rendered":"<p>O crist\u00e3o Lukas Lima renunciou a homossexualidade ap\u00f3s ter um encontro com Jesus em 2022. Desde l\u00e1, ele tem testemunhado nas redes sociais como sua identidade foi restaurada em Deus e como recebeu cura emocional. Lukas tamb\u00e9m tem pregado o Evangelho em diversas igrejas e nas ruas atrav\u00e9s da miss\u00e3o que fundou, a \u201cAvivah Bragan\u00e7a\u201d.\u00a0 Na \u00faltima quinta-feira (26), o evangelista sofreu um ataque, em um caso de intoler\u00e2ncia religiosa. Seu carro foi pichado com frases ofensivas, como \u201cDeus \u00e9 gay\u201d e \u201cN\u00e3o existe ex-gay\u201d.\u00a0 \u201cEu cheguei no meu carro agora e simplesmente escreveram nele. Eu estou cansado, eu estou t\u00e3o cansado. Eu n\u00e3o tive um dia de paz desde que eu aceitei a Cristo\u201d, desabafou Lukas, em v\u00eddeo compartilhado no Instagram. Para ele, o epis\u00f3dio se tratou de um ataque \u00e0 sua liberdade religiosa. \u201cN\u00e3o foi s\u00f3 tinta e uma atitude intimidadora, foi a tentativa de constranger, foi intoler\u00e2ncia religiosa!\u201d, declarou. \u201cNesse perfil voc\u00ea nunca ver\u00e1 prega\u00e7\u00f5es de \u00f3dio, insultos ou ofensas contra pessoas, voc\u00ea apenas ver\u00e1 o que Cristo tem feito na minha vida, mas mesmo assim algu\u00e9m decidiu que a minha f\u00e9 precisava ser atacada\u201d. E ressaltou: \u201cO que aconteceu n\u00e3o \u00e9 sobre um carro, \u00e9 sobre liberdade, sobre o direito de crer e sobre convivermos numa sociedade onde discordar n\u00e3o pode significar destruir\u201d. \u201cContinuarei pregando\u201d Lukas disse que n\u00e3o ir\u00e1 permitir que o ataque abale sua f\u00e9 e que continuar\u00e1 pregando as Boas Novas de Jesus. \u201cMinha f\u00e9 n\u00e3o nasceu ontem, ela sobreviveu a conflitos internos, dores, processos e ren\u00fancias e n\u00e3o ser\u00e1 tinta em lataria que vai apag\u00e1-la\u201d, garantiu.\u00a0 \u201cEu continuarei crendo, pregando e amando pessoas, inclusive quem pensa diferente de mim. Ningu\u00e9m apaga aquilo que Deus escreveu na minha hist\u00f3ria\u201d, finalizou. Identidade restaurada por Deus Ap\u00f3s sofrer abusos sexuais na inf\u00e2ncia, Lukas Lima teve sua inoc\u00eancia retirada e sua identidade masculina abalada. Somado ao trauma, a falta de ter uma paternidade presente em sua vida levou o menino a crescer com raiva em seu cora\u00e7\u00e3o. Com apenas 11 anos, Lukas come\u00e7ou a consumir drogas. Na adolesc\u00eancia, ele come\u00e7ou a se envolver em relacionamentos homossexuais. Mais tarde, o jovem mergulhou no vic\u00edo e na prostitui\u00e7\u00e3o. Lutando com sua sa\u00fade mental, Lukas passou a se automutilar. Enquanto isso, sua m\u00e3e, Vanessa Lima, n\u00e3o deixou de am\u00e1-lo e o cobriu de ora\u00e7\u00e3o durante muito tempo. At\u00e9 que, em 2022, as ora\u00e7\u00f5es de Vanessa foram atendidas e Deus come\u00e7ou a agir na vida de Lukas. O jovem teve um encontro poderoso com o Senhor, aceitou Jesus e foi batizado nas \u00e1guas. \u201cPassei por um longo processo. Jesus me libertou de mim mesmo e me conduziria a uma vida de ren\u00fancia. Deus mudou a minha realidade. Eu era improv\u00e1vel, mas Ele me chamou de filho\u201d, testemunhou, anteriormente.<\/p>\n","protected":false},"author":1,"featured_media":11242,"comment_status":"closed","ping_status":"closed","sticky":false,"template":"","format":"standard","meta":{"footnotes":""},"categories":[11],"tags":[],"class_list":["post-11241","post","type-post","status-publish","format-standard","has-post-thumbnail","hentry","category-brasil"],"acf":[],"_links":{"self":[{"href":"https:\/\/fabricadescripts.com.br\/igrejas\/IGRE3535\/wp-json\/wp\/v2\/posts\/11241","targetHints":{"allow":["GET"]}}],"collection":[{"href":"https:\/\/fabricadescripts.com.br\/igrejas\/IGRE3535\/wp-json\/wp\/v2\/posts"}],"about":[{"href":"https:\/\/fabricadescripts.com.br\/igrejas\/IGRE3535\/wp-json\/wp\/v2\/types\/post"}],"author":[{"embeddable":true,"href":"https:\/\/fabricadescripts.com.br\/igrejas\/IGRE3535\/wp-json\/wp\/v2\/users\/1"}],"replies":[{"embeddable":true,"href":"https:\/\/fabricadescripts.com.br\/igrejas\/IGRE3535\/wp-json\/wp\/v2\/comments?post=11241"}],"version-history":[{"count":0,"href":"https:\/\/fabricadescripts.com.br\/igrejas\/IGRE3535\/wp-json\/wp\/v2\/posts\/11241\/revisions"}],"wp:featuredmedia":[{"embeddable":true,"href":"https:\/\/fabricadescripts.com.br\/igrejas\/IGRE3535\/wp-json\/wp\/v2\/media\/11242"}],"wp:attachment":[{"href":"https:\/\/fabricadescripts.com.br\/igrejas\/IGRE3535\/wp-json\/wp\/v2\/media?parent=11241"}],"wp:term":[{"taxonomy":"category","embeddable":true,"href":"https:\/\/fabricadescripts.com.br\/igrejas\/IGRE3535\/wp-json\/wp\/v2\/categories?post=11241"},{"taxonomy":"post_tag","embeddable":true,"href":"https:\/\/fabricadescripts.com.br\/igrejas\/IGRE3535\/wp-json\/wp\/v2\/tags?post=11241"}],"curies":[{"name":"wp","href":"https:\/\/api.w.org\/{rel}","templated":true}]}}