{"id":11239,"date":"2026-03-04T04:54:02","date_gmt":"2026-03-04T07:54:02","guid":{"rendered":"https:\/\/fabricadescripts.com.br\/igrejas\/IGRE3535\/presas-denunciam-assedio-de-homens-trans-em-penitenciaria-feminina-no-df\/"},"modified":"2026-03-04T04:54:02","modified_gmt":"2026-03-04T07:54:02","slug":"presas-denunciam-assedio-de-homens-trans-em-penitenciaria-feminina-no-df","status":"publish","type":"post","link":"https:\/\/fabricadescripts.com.br\/igrejas\/IGRE3535\/presas-denunciam-assedio-de-homens-trans-em-penitenciaria-feminina-no-df\/","title":{"rendered":"Presas denunciam ass\u00e9dio de homens trans em penitenci\u00e1ria feminina no DF"},"content":{"rendered":"<div>\n<p><span>Uma carta escrita por quatro detentas da <\/span><span><strong>Penitenci\u00e1ria Feminina<\/strong><\/span><span> do Distrito Federal (PFDF) denunciou a presen\u00e7a de v\u00e1rios <\/span><span><strong>homens trans em celas femininas<\/strong><\/span><span>. O documento \u00e9 de 2021 e s\u00f3 se tornou p\u00fablico agora, ap\u00f3s ser divulgado pelo Metr\u00f3poles na semana passada.<\/span><\/p>\n<p><span>Segundo as detentas, os homens se declararam falsamente como transg\u00eaneros para ficar na pris\u00e3o feminina e terem vantagens, como poder manter rela\u00e7\u00f5es com suas companheiras encarceradas e ter \u201cuma vida melhor na penitenci\u00e1ria\u201d.<\/span><\/p>\n<p><span>A carta afirma que desde a chegada dos <\/span><span><strong>homens<\/strong><\/span><span>, a vida das detentas se tornou \u201cum verdadeiro inferno\u201d. As presas afirmaram que sofrem ass\u00e9dio sexual dos trans e s\u00e3o prejudicadas pela presen\u00e7a deles nas celas femininas.<\/span><\/p>\n<p><span>\u201cN\u00f3s custodiadas do regime provis\u00f3rio, de certa forma perdemos nossa privacidade, um exemplo disso \u00e9 que fomos proibidas de usar o sanit\u00e1rio, tomar banho, porque eles ficam olhando para dentro das nossas celas e fazem at\u00e9 gestos obscenos\u201d, disseram.<\/span><\/p>\n<p><span>Entre os homens trans transferidos est\u00e3o criminosos ligados a fac\u00e7\u00f5es criminosas como o Primeiro Comando da Capital (PCC), o Comando Vermelho (CV) e o Comboio do C\u00e3o (CDC), segundo o Metr\u00f3poles. Os crimes cometidos pelos falsos trans incluem estupro de vulner\u00e1vel e homic\u00eddio qualificado.<\/span><\/p>\n<p><span>Conforme a carta, os falsos trans ainda \u201cburlam as regras do pres\u00eddio e no banho de sol fazem sexo oral expl\u00edcito para todo mudo ver, se beijam, fazem sexo anal dentro dos banheiros\u201d.<\/span><\/p>\n<p><strong>Amea\u00e7as e importuna\u00e7\u00e3o<\/strong><\/p>\n<p><span>Os homens tamb\u00e9m importunam sexualmente as presas com frases como \u201cvoc\u00ea \u00e9 linda!\u201d e \u201cvoc\u00ea parece a minha ex-namorada\u201d. As presas disseram<\/span> <span>que os trans as amea\u00e7am com l\u00e2minas que recebem para higiene \u00edntima.<\/span><\/p>\n<p><span>Al\u00e9m disso, elas relataram uma situa\u00e7\u00e3o que n\u00e3o ficou compreens\u00edvel, em que mulheres estavam dividindo cela com os homens trans, \u201ce aconteceu o epis\u00f3dio deles chegarem a mandar s\u00eamen para que elas pudessem engravidar\u201d.<\/span><\/p>\n<p><span>O documento registra tamb\u00e9m que os detentos trans causam transtornos na penitenci\u00e1ria. Quando s\u00e3o punidos com isolamento, eles \u201cpassam a madrugada inteira chutando a porta, fazendo esc\u00e2ndalo a troco de nada\u201d.<\/span><\/p>\n<p><span>\u201cPassamos v\u00e1rias noites acordadas por conta desses epis\u00f3dios. N\u00e3o aguentamos mais tanto barulho, desde que eles chegaram aqui, nossa vida se tornou um verdadeiro inferno\u201d, escreveram as presas.<\/span><\/p>\n<p><strong>Reivindica\u00e7\u00f5es n\u00e3o atendidas<\/strong><\/p>\n<p><span>Na carta, as detentas reclamaram que seus pedidos n\u00e3o receberam aten\u00e7\u00e3o quando o Minist\u00e9rio P\u00fablico fez uma visita \u00e0 penitenci\u00e1ria, no dia 2 de julho de 2021.<\/span><\/p>\n<p><span>\u201c[Eles foram] para a ala dos transexuais, dando aten\u00e7\u00e3o aos seus pedidos de reivindica\u00e7\u00f5es\u201d, afirmaram.<\/span><\/p>\n<p><span>\u201cN\u00f3s tamb\u00e9m queremos ser ouvidas, n\u00f3s tamb\u00e9m queremos nossos direitos e acima de tudo, a nossa tranquilidade. Viver nessa situa\u00e7\u00e3o de cust\u00f3dia j\u00e1 n\u00e3o \u00e9 f\u00e1cil e, diante dessas atribula\u00e7\u00f5es mencionadas, fica pior ainda. J\u00e1 n\u00e3o sabemos por onde recorrer, j\u00e1 falamos com nossas fam\u00edlias, advogados, com as agentes do sistema penitenci\u00e1rio e agora estamos pedindo ajuda \u00e0s autoridades, para que uma medida possa ser sancionada, pois infelizmente essa situa\u00e7\u00e3o est\u00e1 insuport\u00e1vel. tudo isso \u00e9 s\u00f3 1\/3 do que est\u00e1 acontecendo\u201d, declararam.<\/span><\/p>\n<p><span>\u00c0 Gazeta do Povo, a Secretaria de Estado de Administra\u00e7\u00e3o Penitenci\u00e1ria do Distrito Federal (Seape), informou que \u201cas transfer\u00eancias e aloca\u00e7\u00f5es de mulheres trans s\u00e3o realizadas em conformidade com as decis\u00f5es do Poder Judici\u00e1rio&#8221;.<\/span><\/p>\n<p><span>Hoje, 83 transg\u00eaneros est\u00e3o na Penitenci\u00e1ria Feminina do DF, de acordo com a Seape.<\/span><\/p>\n<p><span>Questionada pela Gazeta do Povo sobre a visita mencionada na carta, o Minist\u00e9rio P\u00fablico do Distrito Federal e Territ\u00f3rios (MPDFT) afirmou que a inspe\u00e7\u00e3o focou em &#8220;averiguar den\u00fancias e reclama\u00e7\u00f5es espec\u00edficas envolvendo a ala destinada a mulheres transexuais\u201d.<\/span><\/p>\n<p><span>Sobre a carta de den\u00fancia das presas, o Minist\u00e9rio P\u00fablico informou que \u201cden\u00fancias gen\u00e9ricas ou veiculadas pela imprensa s\u00e3o analisadas e, se houver ind\u00edcios m\u00ednimos, podem ensejar instaura\u00e7\u00e3o de procedimento pr\u00f3prio\u201d.<\/span><\/p>\n<\/div>\n","protected":false},"excerpt":{"rendered":"<p>Uma carta escrita por quatro detentas da Penitenci\u00e1ria Feminina do Distrito Federal (PFDF) denunciou a presen\u00e7a de v\u00e1rios homens trans em celas femininas. O documento \u00e9 de 2021 e s\u00f3 se tornou p\u00fablico agora, ap\u00f3s ser divulgado pelo Metr\u00f3poles na semana passada. Segundo as detentas, os homens se declararam falsamente como transg\u00eaneros para ficar na pris\u00e3o feminina e terem vantagens, como poder manter rela\u00e7\u00f5es com suas companheiras encarceradas e ter \u201cuma vida melhor na penitenci\u00e1ria\u201d. A carta afirma que desde a chegada dos homens, a vida das detentas se tornou \u201cum verdadeiro inferno\u201d. As presas afirmaram que sofrem ass\u00e9dio sexual dos trans e s\u00e3o prejudicadas pela presen\u00e7a deles nas celas femininas. \u201cN\u00f3s custodiadas do regime provis\u00f3rio, de certa forma perdemos nossa privacidade, um exemplo disso \u00e9 que fomos proibidas de usar o sanit\u00e1rio, tomar banho, porque eles ficam olhando para dentro das nossas celas e fazem at\u00e9 gestos obscenos\u201d, disseram. Entre os homens trans transferidos est\u00e3o criminosos ligados a fac\u00e7\u00f5es criminosas como o Primeiro Comando da Capital (PCC), o Comando Vermelho (CV) e o Comboio do C\u00e3o (CDC), segundo o Metr\u00f3poles. Os crimes cometidos pelos falsos trans incluem estupro de vulner\u00e1vel e homic\u00eddio qualificado. Conforme a carta, os falsos trans ainda \u201cburlam as regras do pres\u00eddio e no banho de sol fazem sexo oral expl\u00edcito para todo mudo ver, se beijam, fazem sexo anal dentro dos banheiros\u201d. Amea\u00e7as e importuna\u00e7\u00e3o Os homens tamb\u00e9m importunam sexualmente as presas com frases como \u201cvoc\u00ea \u00e9 linda!\u201d e \u201cvoc\u00ea parece a minha ex-namorada\u201d. As presas disseram que os trans as amea\u00e7am com l\u00e2minas que recebem para higiene \u00edntima. Al\u00e9m disso, elas relataram uma situa\u00e7\u00e3o que n\u00e3o ficou compreens\u00edvel, em que mulheres estavam dividindo cela com os homens trans, \u201ce aconteceu o epis\u00f3dio deles chegarem a mandar s\u00eamen para que elas pudessem engravidar\u201d. O documento registra tamb\u00e9m que os detentos trans causam transtornos na penitenci\u00e1ria. Quando s\u00e3o punidos com isolamento, eles \u201cpassam a madrugada inteira chutando a porta, fazendo esc\u00e2ndalo a troco de nada\u201d. \u201cPassamos v\u00e1rias noites acordadas por conta desses epis\u00f3dios. N\u00e3o aguentamos mais tanto barulho, desde que eles chegaram aqui, nossa vida se tornou um verdadeiro inferno\u201d, escreveram as presas. Reivindica\u00e7\u00f5es n\u00e3o atendidas Na carta, as detentas reclamaram que seus pedidos n\u00e3o receberam aten\u00e7\u00e3o quando o Minist\u00e9rio P\u00fablico fez uma visita \u00e0 penitenci\u00e1ria, no dia 2 de julho de 2021. \u201c[Eles foram] para a ala dos transexuais, dando aten\u00e7\u00e3o aos seus pedidos de reivindica\u00e7\u00f5es\u201d, afirmaram. \u201cN\u00f3s tamb\u00e9m queremos ser ouvidas, n\u00f3s tamb\u00e9m queremos nossos direitos e acima de tudo, a nossa tranquilidade. Viver nessa situa\u00e7\u00e3o de cust\u00f3dia j\u00e1 n\u00e3o \u00e9 f\u00e1cil e, diante dessas atribula\u00e7\u00f5es mencionadas, fica pior ainda. J\u00e1 n\u00e3o sabemos por onde recorrer, j\u00e1 falamos com nossas fam\u00edlias, advogados, com as agentes do sistema penitenci\u00e1rio e agora estamos pedindo ajuda \u00e0s autoridades, para que uma medida possa ser sancionada, pois infelizmente essa situa\u00e7\u00e3o est\u00e1 insuport\u00e1vel. tudo isso \u00e9 s\u00f3 1\/3 do que est\u00e1 acontecendo\u201d, declararam. \u00c0 Gazeta do Povo, a Secretaria de Estado de Administra\u00e7\u00e3o Penitenci\u00e1ria do Distrito Federal (Seape), informou que \u201cas transfer\u00eancias e aloca\u00e7\u00f5es de mulheres trans s\u00e3o realizadas em conformidade com as decis\u00f5es do Poder Judici\u00e1rio&#8221;. Hoje, 83 transg\u00eaneros est\u00e3o na Penitenci\u00e1ria Feminina do DF, de acordo com a Seape. Questionada pela Gazeta do Povo sobre a visita mencionada na carta, o Minist\u00e9rio P\u00fablico do Distrito Federal e Territ\u00f3rios (MPDFT) afirmou que a inspe\u00e7\u00e3o focou em &#8220;averiguar den\u00fancias e reclama\u00e7\u00f5es espec\u00edficas envolvendo a ala destinada a mulheres transexuais\u201d. Sobre a carta de den\u00fancia das presas, o Minist\u00e9rio P\u00fablico informou que \u201cden\u00fancias gen\u00e9ricas ou veiculadas pela imprensa s\u00e3o analisadas e, se houver ind\u00edcios m\u00ednimos, podem ensejar instaura\u00e7\u00e3o de procedimento pr\u00f3prio\u201d.<\/p>\n","protected":false},"author":1,"featured_media":11240,"comment_status":"closed","ping_status":"closed","sticky":false,"template":"","format":"standard","meta":{"footnotes":""},"categories":[11],"tags":[],"class_list":["post-11239","post","type-post","status-publish","format-standard","has-post-thumbnail","hentry","category-brasil"],"acf":[],"_links":{"self":[{"href":"https:\/\/fabricadescripts.com.br\/igrejas\/IGRE3535\/wp-json\/wp\/v2\/posts\/11239","targetHints":{"allow":["GET"]}}],"collection":[{"href":"https:\/\/fabricadescripts.com.br\/igrejas\/IGRE3535\/wp-json\/wp\/v2\/posts"}],"about":[{"href":"https:\/\/fabricadescripts.com.br\/igrejas\/IGRE3535\/wp-json\/wp\/v2\/types\/post"}],"author":[{"embeddable":true,"href":"https:\/\/fabricadescripts.com.br\/igrejas\/IGRE3535\/wp-json\/wp\/v2\/users\/1"}],"replies":[{"embeddable":true,"href":"https:\/\/fabricadescripts.com.br\/igrejas\/IGRE3535\/wp-json\/wp\/v2\/comments?post=11239"}],"version-history":[{"count":0,"href":"https:\/\/fabricadescripts.com.br\/igrejas\/IGRE3535\/wp-json\/wp\/v2\/posts\/11239\/revisions"}],"wp:featuredmedia":[{"embeddable":true,"href":"https:\/\/fabricadescripts.com.br\/igrejas\/IGRE3535\/wp-json\/wp\/v2\/media\/11240"}],"wp:attachment":[{"href":"https:\/\/fabricadescripts.com.br\/igrejas\/IGRE3535\/wp-json\/wp\/v2\/media?parent=11239"}],"wp:term":[{"taxonomy":"category","embeddable":true,"href":"https:\/\/fabricadescripts.com.br\/igrejas\/IGRE3535\/wp-json\/wp\/v2\/categories?post=11239"},{"taxonomy":"post_tag","embeddable":true,"href":"https:\/\/fabricadescripts.com.br\/igrejas\/IGRE3535\/wp-json\/wp\/v2\/tags?post=11239"}],"curies":[{"name":"wp","href":"https:\/\/api.w.org\/{rel}","templated":true}]}}