{"id":11224,"date":"2026-03-03T03:55:38","date_gmt":"2026-03-03T06:55:38","guid":{"rendered":"https:\/\/fabricadescripts.com.br\/igrejas\/IGRE3535\/pregacao-de-pastor-dentro-de-igreja-e-questionada-por-vereadores-na-camara-de-petrolina\/"},"modified":"2026-03-03T03:55:38","modified_gmt":"2026-03-03T06:55:38","slug":"pregacao-de-pastor-dentro-de-igreja-e-questionada-por-vereadores-na-camara-de-petrolina","status":"publish","type":"post","link":"https:\/\/fabricadescripts.com.br\/igrejas\/IGRE3535\/pregacao-de-pastor-dentro-de-igreja-e-questionada-por-vereadores-na-camara-de-petrolina\/","title":{"rendered":"Prega\u00e7\u00e3o de pastor dentro de igreja \u00e9 questionada por vereadores na C\u00e2mara de Petrolina"},"content":{"rendered":"<div>\n<p><span>Uma fala do pastor Edilson de Lira Vasconcelos Filho, da igreja Verbo da Vida, em <\/span><span><strong>Petrolina<\/strong><\/span><span>, Pernambuco, foi alvo de debate na C\u00e2mara Municipal ap\u00f3s um vereador afirmar que o l\u00edder \u201catacou a dignidade de um povo\u201d durante um culto em que fazia refer\u00eancia \u00e0 B\u00edblia.<\/span><\/p>\n<p><span>Na ocasi\u00e3o, o pastor, que tamb\u00e9m \u00e9 m\u00e9dico e presidente da ONG Movimento, que atua transformando a realidade de pessoas em situa\u00e7\u00e3o de vulnerabilidade no Vale do S\u00e3o Francisco, falou sobre um novo projeto evangel\u00edstico da igreja na Ilha do Massangano.<\/span><\/p>\n<p><span>Chamando os l\u00edderes respons\u00e1veis por assumirem o projeto na ilha, Edilson falou: \u201cSabe, o Senhor falou conosco em ora\u00e7\u00e3o e ontem n\u00f3s conversamos e a Igreja Verbo da Vida ela tamb\u00e9m est\u00e1 indo para a Ilha do Massangano\u201d.\u00a0<\/span><\/p>\n<p><span>E continuou: \u201cEu percebi isso muito forte no Esp\u00edrito. Foi interessante porque eu estava orando pela manh\u00e3 e, no outro dia, conversei com eles e disse: \u2018Marcelo, eu tenho um convite. Naturalmente, n\u00e3o parece atrativo, mas eu queria que voc\u00eas pastoreassem a igreja que est\u00e1 sendo plantada naquele lugar\u2019\u201d.<\/span><\/p>\n<p><span>Nesse momento, o pastor citou o texto b\u00edblico em \u202d\u202dRomanos\u202c \u202d5\u202c:\u202d20\u202c, que diz: \u201c<\/span><em><span>Sobreveio a lei para que avultasse a ofensa; mas onde abundou o pecado, superabundou a gra\u00e7a<\/span><\/em><span>\u201d.<\/span><\/p>\n<p><span>\u201cA Ilha do Massangano \u00e9 a nossa Ilha do Maraj\u00f3, se \u00e9 que voc\u00ea me entende. \u00c9 um lugar onde hoje abunda o pecado, mas vai superabundar a gra\u00e7a\u201d, afirmou Edilson<\/span><\/p>\n<blockquote data-instgrm-captioned data-instgrm-permalink=\"https:\/\/www.instagram.com\/reel\/DUbZUyhkcba\/?utm_source=ig_embed&#038;utm_campaign=loading\" data-instgrm-version=\"14\"><\/blockquote>\n<p><strong>Discuss\u00e3o na C\u00e2mara Municipal<\/strong><\/p>\n<p><span>As declara\u00e7\u00f5es do pastor foram alvo de cr\u00edticas do professor e vereador Gilmar Santos. Segundo ele, a fala de Edilson foi um \u201cataque \u00e0 dignidade de um povo\u201d e chegou a ser discutida na C\u00e2mara Municipal.<\/span><\/p>\n<p><span>A vereadora Maria Helena (UNI\u00c3O) tamb\u00e9m criticou a fala do pastor e questionou o trabalho social desenvolvido pela igreja na regi\u00e3o.<\/span><\/p>\n<p><span>\u201cSe os senhores quiserem aparecer, n\u00e3o \u00e9 fazendo social para se tornarem vis\u00edveis. Mas\u00a0<\/span><span>necessariamente se interessa a necessidade de aparecer no cen\u00e1rio de Petrolina da regi\u00e3o,\u00a0<\/span><span>como sendo os todo-poderosos, como aqueles e aquelas que v\u00e3o resolver problemas da comunidade\u201d, afirmou ela.<\/span><\/p>\n<p><span>Ao destacar que os problemas sociais da Ilha do Massangano n\u00e3o dependem exclusivamente da igreja do pastor, a parlamentar afirmou:\u00a0<\/span><\/p>\n<p><span>\u201cN\u00e3o vai ser o senhor com essas a\u00e7\u00f5es sociais que o senhor leva para l\u00e1 que vai resolver todos os problemas, n\u00e3o\u201d.\u00a0<\/span><\/p>\n<p><span>Em seguida, Maria Helena ressaltou que a C\u00e2mara \u00e9 composta majoritariamente por membros da Igreja Cat\u00f3lica e concluiu:<\/span><\/p>\n<p><span>\u201cSomos maioria da Igreja Cat\u00f3lica, vamos ter cuidado, porque, sen\u00e3o, evang\u00e9licos aqui v\u00e3o querer dar o tom de como esse poder tem que trabalhar\u201d.<\/span><\/p>\n<p><strong>\u2018Injusti\u00e7a\u2019<\/strong><\/p>\n<p><span>No dia 26 de fevereiro, Edilson compartilhou um v\u00eddeo em suas redes sociais ap\u00f3s a C\u00e2mara Municipal aprovar, por 14 votos a 1, com duas absten\u00e7\u00f5es, uma mo\u00e7\u00e3o de solidariedade em seu favor.<\/span><\/p>\n<p><span>\u201cHoje a C\u00e2mara Municipal de Petrolina corrigiu uma <\/span><strong><span>injusti\u00e7a<\/span><\/strong><span>. Aprovou por 14 votos a 1, com duas absten\u00e7\u00f5es, uma mo\u00e7\u00e3o de solidariedade a mim, pelas falsas acusa\u00e7\u00f5es de um requerimento anterior, que distorcia a minha fala em um culto\u201d, afirmou o pastor.\u00a0<\/span><\/p>\n<p><span>\u201cA Casa Legislativa fica novamente a favor da verdade e da coer\u00eancia com essa vota\u00e7\u00e3o. Minha gratid\u00e3o a cada um dos 14 votos favor\u00e1veis. Obrigado pela coragem e pelo compromisso com a verdade e a liberdade religiosa\u201d, acrescentou.<\/span><\/p>\n<p><span>O pastor tamb\u00e9m negou qualquer inten\u00e7\u00e3o de protagonismo e afirmou que teve sua prega\u00e7\u00e3o levada ao debate pol\u00edtico enquanto exercia seu minist\u00e9rio dentro da igreja.<\/span><\/p>\n<p><span>\u201cA C\u00e2mara colocou meu nome em pauta, aprovando uma mo\u00e7\u00e3o infame que dizia que eu ofendi a comunidade da Ilha do Massangano, o que nunca aconteceu. Eu amo, respeito e quero ajudar a melhorar aquela comunidade querida\u201d, disse ele.<\/span><\/p>\n<blockquote data-instgrm-permalink=\"https:\/\/www.instagram.com\/reel\/DVO_tbBkt4k\/?utm_source=ig_embed&#038;utm_campaign=loading\" data-instgrm-version=\"14\"><\/blockquote>\n<p><span>Ao citar a passagem b\u00edblica de Atos 16:37, o pastor comparou a situa\u00e7\u00e3o ao epis\u00f3dio em que Paulo e Silas, ap\u00f3s serem injustamente acusados e presos, exigiram repara\u00e7\u00e3o p\u00fablica.<\/span><\/p>\n<p><span>\u201cPor que Paulo fez isso? N\u00e3o foi por ego ou por vaidade. Ele defendeu seus direitos leg\u00edtimos, para que n\u00e3o ficasse precedente de abuso contra outros cidad\u00e3os crist\u00e3os, e para que a verdade fosse estabelecida de forma p\u00fablica, e n\u00e3o nos bastidores\u201d, explicou o pastor.<\/span><\/p>\n<p><span>E continuou: \u201cDa mesma forma, quando eu sou citado publicamente, de forma injusta e distorcida, eu esclare\u00e7o publicamente. N\u00e3o \u00e9 pra aparecer, n\u00e3o \u00e9 pra revidar, mas \u00e9 pra deixar um marco de que a verdade n\u00e3o se esconde, de que a honra n\u00e3o se cala diante de inverdades, e de que a liberdade religiosa n\u00e3o pode ser atacada sem resposta\u201d.\u00a0<\/span><\/p>\n<p><strong>\u2018N\u00e3o ir\u00e3o nos silenciar\u2019<\/strong><\/p>\n<p><span>Edilson aproveitou a oportunidade e defendeu o direito dos evang\u00e9licos de se posicionarem na sociedade:<\/span><\/p>\n<p><span>\u201cJ\u00e1 acabou, faz muito tempo, o per\u00edodo na hist\u00f3ria do Brasil em que os evang\u00e9licos eram vistos como pessoas sem voz, sem cultura ou sem lugar na sociedade e na pol\u00edtica. N\u00f3s respeitamos opini\u00f5es diversas, religi\u00f5es diversas, mas n\u00f3s somos cidad\u00e3os de pleno\u00a0<\/span><span>direito. N\u00f3s merecemos respeito, n\u00f3s merecemos ser ouvidos e n\u00f3s merecemos defender a\u00a0<\/span><span>liberdade de culto, sem medo de distor\u00e7\u00f5es, de cal\u00fanias ou de ataques pessoais\u201d.\u00a0<\/span><\/p>\n<p><span>Por fim, o pastor convocou as autoridades e lideran\u00e7as locais a se unirem em favor da transforma\u00e7\u00e3o social da Ilha do Massangano.<\/span><\/p>\n<p><span>\u201cPetrolina merece isso, unidade em prol do bem comum, a\u00e7\u00f5es concretas e n\u00e3o divis\u00e3o. Eu\u00a0<\/span><span>quero agradecer a Deus, eu quero agradecer a cada um que orou, que se posicionou\u00a0<\/span><span>publicamente pela verdade\u201d, declarou ele.<\/span><\/p>\n<p><span>\u201cA gente continua firme no chamado, pregando a Palavra, servindo ao pr\u00f3ximo e construindo uma cidade melhor. E que fique um recado muito claro para qualquer pol\u00edtico de Petrolina que queira fiscalizar as prega\u00e7\u00f5es de pastores dentro de suas igrejas: \u2018N\u00f3s n\u00e3o nos intimidamos! Vamos pregar a B\u00edblia em sua totalidade e em todos os lugares\u2019. Que Deus aben\u00e7oe a todos\u201d, concluiu o pastor.<\/span><\/p>\n<\/div>\n","protected":false},"excerpt":{"rendered":"<p>Uma fala do pastor Edilson de Lira Vasconcelos Filho, da igreja Verbo da Vida, em Petrolina, Pernambuco, foi alvo de debate na C\u00e2mara Municipal ap\u00f3s um vereador afirmar que o l\u00edder \u201catacou a dignidade de um povo\u201d durante um culto em que fazia refer\u00eancia \u00e0 B\u00edblia. Na ocasi\u00e3o, o pastor, que tamb\u00e9m \u00e9 m\u00e9dico e presidente da ONG Movimento, que atua transformando a realidade de pessoas em situa\u00e7\u00e3o de vulnerabilidade no Vale do S\u00e3o Francisco, falou sobre um novo projeto evangel\u00edstico da igreja na Ilha do Massangano. Chamando os l\u00edderes respons\u00e1veis por assumirem o projeto na ilha, Edilson falou: \u201cSabe, o Senhor falou conosco em ora\u00e7\u00e3o e ontem n\u00f3s conversamos e a Igreja Verbo da Vida ela tamb\u00e9m est\u00e1 indo para a Ilha do Massangano\u201d.\u00a0 E continuou: \u201cEu percebi isso muito forte no Esp\u00edrito. Foi interessante porque eu estava orando pela manh\u00e3 e, no outro dia, conversei com eles e disse: \u2018Marcelo, eu tenho um convite. Naturalmente, n\u00e3o parece atrativo, mas eu queria que voc\u00eas pastoreassem a igreja que est\u00e1 sendo plantada naquele lugar\u2019\u201d. Nesse momento, o pastor citou o texto b\u00edblico em \u202d\u202dRomanos\u202c \u202d5\u202c:\u202d20\u202c, que diz: \u201cSobreveio a lei para que avultasse a ofensa; mas onde abundou o pecado, superabundou a gra\u00e7a\u201d. \u201cA Ilha do Massangano \u00e9 a nossa Ilha do Maraj\u00f3, se \u00e9 que voc\u00ea me entende. \u00c9 um lugar onde hoje abunda o pecado, mas vai superabundar a gra\u00e7a\u201d, afirmou Edilson Discuss\u00e3o na C\u00e2mara Municipal As declara\u00e7\u00f5es do pastor foram alvo de cr\u00edticas do professor e vereador Gilmar Santos. Segundo ele, a fala de Edilson foi um \u201cataque \u00e0 dignidade de um povo\u201d e chegou a ser discutida na C\u00e2mara Municipal. A vereadora Maria Helena (UNI\u00c3O) tamb\u00e9m criticou a fala do pastor e questionou o trabalho social desenvolvido pela igreja na regi\u00e3o. \u201cSe os senhores quiserem aparecer, n\u00e3o \u00e9 fazendo social para se tornarem vis\u00edveis. Mas\u00a0necessariamente se interessa a necessidade de aparecer no cen\u00e1rio de Petrolina da regi\u00e3o,\u00a0como sendo os todo-poderosos, como aqueles e aquelas que v\u00e3o resolver problemas da comunidade\u201d, afirmou ela. Ao destacar que os problemas sociais da Ilha do Massangano n\u00e3o dependem exclusivamente da igreja do pastor, a parlamentar afirmou:\u00a0 \u201cN\u00e3o vai ser o senhor com essas a\u00e7\u00f5es sociais que o senhor leva para l\u00e1 que vai resolver todos os problemas, n\u00e3o\u201d.\u00a0 Em seguida, Maria Helena ressaltou que a C\u00e2mara \u00e9 composta majoritariamente por membros da Igreja Cat\u00f3lica e concluiu: \u201cSomos maioria da Igreja Cat\u00f3lica, vamos ter cuidado, porque, sen\u00e3o, evang\u00e9licos aqui v\u00e3o querer dar o tom de como esse poder tem que trabalhar\u201d. \u2018Injusti\u00e7a\u2019 No dia 26 de fevereiro, Edilson compartilhou um v\u00eddeo em suas redes sociais ap\u00f3s a C\u00e2mara Municipal aprovar, por 14 votos a 1, com duas absten\u00e7\u00f5es, uma mo\u00e7\u00e3o de solidariedade em seu favor. \u201cHoje a C\u00e2mara Municipal de Petrolina corrigiu uma injusti\u00e7a. Aprovou por 14 votos a 1, com duas absten\u00e7\u00f5es, uma mo\u00e7\u00e3o de solidariedade a mim, pelas falsas acusa\u00e7\u00f5es de um requerimento anterior, que distorcia a minha fala em um culto\u201d, afirmou o pastor.\u00a0 \u201cA Casa Legislativa fica novamente a favor da verdade e da coer\u00eancia com essa vota\u00e7\u00e3o. Minha gratid\u00e3o a cada um dos 14 votos favor\u00e1veis. Obrigado pela coragem e pelo compromisso com a verdade e a liberdade religiosa\u201d, acrescentou. O pastor tamb\u00e9m negou qualquer inten\u00e7\u00e3o de protagonismo e afirmou que teve sua prega\u00e7\u00e3o levada ao debate pol\u00edtico enquanto exercia seu minist\u00e9rio dentro da igreja. \u201cA C\u00e2mara colocou meu nome em pauta, aprovando uma mo\u00e7\u00e3o infame que dizia que eu ofendi a comunidade da Ilha do Massangano, o que nunca aconteceu. Eu amo, respeito e quero ajudar a melhorar aquela comunidade querida\u201d, disse ele. Ao citar a passagem b\u00edblica de Atos 16:37, o pastor comparou a situa\u00e7\u00e3o ao epis\u00f3dio em que Paulo e Silas, ap\u00f3s serem injustamente acusados e presos, exigiram repara\u00e7\u00e3o p\u00fablica. \u201cPor que Paulo fez isso? N\u00e3o foi por ego ou por vaidade. Ele defendeu seus direitos leg\u00edtimos, para que n\u00e3o ficasse precedente de abuso contra outros cidad\u00e3os crist\u00e3os, e para que a verdade fosse estabelecida de forma p\u00fablica, e n\u00e3o nos bastidores\u201d, explicou o pastor. E continuou: \u201cDa mesma forma, quando eu sou citado publicamente, de forma injusta e distorcida, eu esclare\u00e7o publicamente. N\u00e3o \u00e9 pra aparecer, n\u00e3o \u00e9 pra revidar, mas \u00e9 pra deixar um marco de que a verdade n\u00e3o se esconde, de que a honra n\u00e3o se cala diante de inverdades, e de que a liberdade religiosa n\u00e3o pode ser atacada sem resposta\u201d.\u00a0 \u2018N\u00e3o ir\u00e3o nos silenciar\u2019 Edilson aproveitou a oportunidade e defendeu o direito dos evang\u00e9licos de se posicionarem na sociedade: \u201cJ\u00e1 acabou, faz muito tempo, o per\u00edodo na hist\u00f3ria do Brasil em que os evang\u00e9licos eram vistos como pessoas sem voz, sem cultura ou sem lugar na sociedade e na pol\u00edtica. N\u00f3s respeitamos opini\u00f5es diversas, religi\u00f5es diversas, mas n\u00f3s somos cidad\u00e3os de pleno\u00a0direito. N\u00f3s merecemos respeito, n\u00f3s merecemos ser ouvidos e n\u00f3s merecemos defender a\u00a0liberdade de culto, sem medo de distor\u00e7\u00f5es, de cal\u00fanias ou de ataques pessoais\u201d.\u00a0 Por fim, o pastor convocou as autoridades e lideran\u00e7as locais a se unirem em favor da transforma\u00e7\u00e3o social da Ilha do Massangano. \u201cPetrolina merece isso, unidade em prol do bem comum, a\u00e7\u00f5es concretas e n\u00e3o divis\u00e3o. Eu\u00a0quero agradecer a Deus, eu quero agradecer a cada um que orou, que se posicionou\u00a0publicamente pela verdade\u201d, declarou ele. \u201cA gente continua firme no chamado, pregando a Palavra, servindo ao pr\u00f3ximo e construindo uma cidade melhor. E que fique um recado muito claro para qualquer pol\u00edtico de Petrolina que queira fiscalizar as prega\u00e7\u00f5es de pastores dentro de suas igrejas: \u2018N\u00f3s n\u00e3o nos intimidamos! Vamos pregar a B\u00edblia em sua totalidade e em todos os lugares\u2019. Que Deus aben\u00e7oe a todos\u201d, concluiu o pastor.<\/p>\n","protected":false},"author":1,"featured_media":11225,"comment_status":"closed","ping_status":"closed","sticky":false,"template":"","format":"standard","meta":{"footnotes":""},"categories":[11],"tags":[],"class_list":["post-11224","post","type-post","status-publish","format-standard","has-post-thumbnail","hentry","category-brasil"],"acf":[],"_links":{"self":[{"href":"https:\/\/fabricadescripts.com.br\/igrejas\/IGRE3535\/wp-json\/wp\/v2\/posts\/11224","targetHints":{"allow":["GET"]}}],"collection":[{"href":"https:\/\/fabricadescripts.com.br\/igrejas\/IGRE3535\/wp-json\/wp\/v2\/posts"}],"about":[{"href":"https:\/\/fabricadescripts.com.br\/igrejas\/IGRE3535\/wp-json\/wp\/v2\/types\/post"}],"author":[{"embeddable":true,"href":"https:\/\/fabricadescripts.com.br\/igrejas\/IGRE3535\/wp-json\/wp\/v2\/users\/1"}],"replies":[{"embeddable":true,"href":"https:\/\/fabricadescripts.com.br\/igrejas\/IGRE3535\/wp-json\/wp\/v2\/comments?post=11224"}],"version-history":[{"count":0,"href":"https:\/\/fabricadescripts.com.br\/igrejas\/IGRE3535\/wp-json\/wp\/v2\/posts\/11224\/revisions"}],"wp:featuredmedia":[{"embeddable":true,"href":"https:\/\/fabricadescripts.com.br\/igrejas\/IGRE3535\/wp-json\/wp\/v2\/media\/11225"}],"wp:attachment":[{"href":"https:\/\/fabricadescripts.com.br\/igrejas\/IGRE3535\/wp-json\/wp\/v2\/media?parent=11224"}],"wp:term":[{"taxonomy":"category","embeddable":true,"href":"https:\/\/fabricadescripts.com.br\/igrejas\/IGRE3535\/wp-json\/wp\/v2\/categories?post=11224"},{"taxonomy":"post_tag","embeddable":true,"href":"https:\/\/fabricadescripts.com.br\/igrejas\/IGRE3535\/wp-json\/wp\/v2\/tags?post=11224"}],"curies":[{"name":"wp","href":"https:\/\/api.w.org\/{rel}","templated":true}]}}