{"id":11216,"date":"2026-03-02T03:13:02","date_gmt":"2026-03-02T06:13:02","guid":{"rendered":"https:\/\/fabricadescripts.com.br\/igrejas\/IGRE3535\/israel-confirma-que-lider-supremo-do-ira-ali-khamenei-esta-morto\/"},"modified":"2026-03-02T03:13:02","modified_gmt":"2026-03-02T06:13:02","slug":"israel-confirma-que-lider-supremo-do-ira-ali-khamenei-esta-morto","status":"publish","type":"post","link":"https:\/\/fabricadescripts.com.br\/igrejas\/IGRE3535\/israel-confirma-que-lider-supremo-do-ira-ali-khamenei-esta-morto\/","title":{"rendered":"Israel confirma que l\u00edder supremo do Ir\u00e3, Ali Khamenei, est\u00e1 morto"},"content":{"rendered":"<div>\n<p>O l\u00edder supremo do Ir\u00e3, o aiatol\u00e1 <span><strong>Ali Khamenei<\/strong><\/span>, e outras autoridades do alto escal\u00e3o do regime foram eliminados durante os ataques realizados neste s\u00e1bado (28) por Israel e EUA.<\/p>\n<p>Desde 1989, Khamenei governou o pa\u00eds exercendo forte influ\u00eancia sobre a pol\u00edtica, as for\u00e7as armadas e o programa nuclear iraniano, al\u00e9m de manter a condu\u00e7\u00e3o do Estado sob r\u00edgidos princ\u00edpios religiosos e a <span><strong>lei isl\u00e2mica<\/strong><\/span>.<\/p>\n<p>De acordo com a ag\u00eancia Reuters, um oficial israelense relatou a morte do l\u00edder iraniano e afirmou que seu corpo teria sido encontrado.<\/p>\n<p>Segundo informa\u00e7\u00f5es divulgadas pela ag\u00eancia, o primeiro-ministro de Israel, <span><strong>Benjamin Netanyahu<\/strong><\/span>, declarou que existem \u201csinais\u201d de que Khamenei \u201cn\u00e3o est\u00e1 mais entre n\u00f3s\u201d.<\/p>\n<p>Segundo o Times of Israel, Netanyahu e Trump afirmaram ter visto uma foto do corpo de Khamenei sendo retirado do complexo.<\/p>\n<p>Embora ainda n\u00e3o tenha sido apresentada uma confirma\u00e7\u00e3o independente e definitiva, relatos indicam que parte da popula\u00e7\u00e3o iraniana celebrou a not\u00edcia.<\/p>\n<p>\u201cGritos de alegria irromperam enquanto o povo do Ir\u00e3 celebra a elimina\u00e7\u00e3o do aiatol\u00e1 Khamenei, do regime iraniano, que teria sido eliminado em ataques dos Estados Unidos e de Israel contra o Ir\u00e3. O arquiterrorista do Oriente M\u00e9dio n\u00e3o existe mais. Ir\u00e3 livre!\u201d<\/p>\n<blockquote data-instgrm-captioned data-instgrm-permalink=\"https:\/\/www.instagram.com\/reel\/DVUH9AYiLSs\/?utm_source=ig_embed&#038;utm_campaign=loading\" data-instgrm-version=\"14\"><\/blockquote>\n<p>A ofensiva teria mirado diretamente estruturas associadas ao comando pol\u00edtico e militar iraniano.<\/p>\n<p>Os ataques fizeram parte de uma <span><strong>opera\u00e7\u00e3o militar conjunta<\/strong> <\/span>que teve como alvo instala\u00e7\u00f5es militares, estruturas ligadas ao programa nuclear iraniano e tamb\u00e9m membros da lideran\u00e7a do regime.<\/p>\n<p><strong>Autoridades e alto comando<\/strong><\/p>\n<p>Autoridades israelenses afirmaram nas primeiras horas da ofensiva que figuras centrais do regime estavam entre os alvos da opera\u00e7\u00e3o, incluindo o presidente iraniano, Masoud Pezeshkian, que assumiu o cargo em 2024, ap\u00f3s vencer as elei\u00e7\u00f5es antecipadas realizadas depois da morte do ent\u00e3o presidente <span><strong>Ebrahim Raisi<\/strong><\/span>, que faleceu em um acidente de helic\u00f3ptero.<\/p>\n<p>Relat\u00f3rios iniciais tamb\u00e9m indicam que altos comandantes da Guarda Revolucion\u00e1ria podem ter sido mortos durante os bombardeios, embora as informa\u00e7\u00f5es ainda estejam sendo verificadas e possam mudar nas pr\u00f3ximas horas.<\/p>\n<p>Outras fontes apontam que instala\u00e7\u00f5es pr\u00f3ximas ao gabinete do l\u00edder supremo, em Teer\u00e3, foram atingidas nos primeiros momentos do ataque.<\/p>\n<\/div>\n","protected":false},"excerpt":{"rendered":"<p>O l\u00edder supremo do Ir\u00e3, o aiatol\u00e1 Ali Khamenei, e outras autoridades do alto escal\u00e3o do regime foram eliminados durante os ataques realizados neste s\u00e1bado (28) por Israel e EUA. Desde 1989, Khamenei governou o pa\u00eds exercendo forte influ\u00eancia sobre a pol\u00edtica, as for\u00e7as armadas e o programa nuclear iraniano, al\u00e9m de manter a condu\u00e7\u00e3o do Estado sob r\u00edgidos princ\u00edpios religiosos e a lei isl\u00e2mica. De acordo com a ag\u00eancia Reuters, um oficial israelense relatou a morte do l\u00edder iraniano e afirmou que seu corpo teria sido encontrado. Segundo informa\u00e7\u00f5es divulgadas pela ag\u00eancia, o primeiro-ministro de Israel, Benjamin Netanyahu, declarou que existem \u201csinais\u201d de que Khamenei \u201cn\u00e3o est\u00e1 mais entre n\u00f3s\u201d. Segundo o Times of Israel, Netanyahu e Trump afirmaram ter visto uma foto do corpo de Khamenei sendo retirado do complexo. Embora ainda n\u00e3o tenha sido apresentada uma confirma\u00e7\u00e3o independente e definitiva, relatos indicam que parte da popula\u00e7\u00e3o iraniana celebrou a not\u00edcia. \u201cGritos de alegria irromperam enquanto o povo do Ir\u00e3 celebra a elimina\u00e7\u00e3o do aiatol\u00e1 Khamenei, do regime iraniano, que teria sido eliminado em ataques dos Estados Unidos e de Israel contra o Ir\u00e3. O arquiterrorista do Oriente M\u00e9dio n\u00e3o existe mais. Ir\u00e3 livre!\u201d A ofensiva teria mirado diretamente estruturas associadas ao comando pol\u00edtico e militar iraniano. Os ataques fizeram parte de uma opera\u00e7\u00e3o militar conjunta que teve como alvo instala\u00e7\u00f5es militares, estruturas ligadas ao programa nuclear iraniano e tamb\u00e9m membros da lideran\u00e7a do regime. Autoridades e alto comando Autoridades israelenses afirmaram nas primeiras horas da ofensiva que figuras centrais do regime estavam entre os alvos da opera\u00e7\u00e3o, incluindo o presidente iraniano, Masoud Pezeshkian, que assumiu o cargo em 2024, ap\u00f3s vencer as elei\u00e7\u00f5es antecipadas realizadas depois da morte do ent\u00e3o presidente Ebrahim Raisi, que faleceu em um acidente de helic\u00f3ptero. Relat\u00f3rios iniciais tamb\u00e9m indicam que altos comandantes da Guarda Revolucion\u00e1ria podem ter sido mortos durante os bombardeios, embora as informa\u00e7\u00f5es ainda estejam sendo verificadas e possam mudar nas pr\u00f3ximas horas. Outras fontes apontam que instala\u00e7\u00f5es pr\u00f3ximas ao gabinete do l\u00edder supremo, em Teer\u00e3, foram atingidas nos primeiros momentos do ataque.<\/p>\n","protected":false},"author":1,"featured_media":11217,"comment_status":"closed","ping_status":"closed","sticky":false,"template":"","format":"standard","meta":{"footnotes":""},"categories":[13],"tags":[],"class_list":["post-11216","post","type-post","status-publish","format-standard","has-post-thumbnail","hentry","category-israel"],"acf":[],"_links":{"self":[{"href":"https:\/\/fabricadescripts.com.br\/igrejas\/IGRE3535\/wp-json\/wp\/v2\/posts\/11216","targetHints":{"allow":["GET"]}}],"collection":[{"href":"https:\/\/fabricadescripts.com.br\/igrejas\/IGRE3535\/wp-json\/wp\/v2\/posts"}],"about":[{"href":"https:\/\/fabricadescripts.com.br\/igrejas\/IGRE3535\/wp-json\/wp\/v2\/types\/post"}],"author":[{"embeddable":true,"href":"https:\/\/fabricadescripts.com.br\/igrejas\/IGRE3535\/wp-json\/wp\/v2\/users\/1"}],"replies":[{"embeddable":true,"href":"https:\/\/fabricadescripts.com.br\/igrejas\/IGRE3535\/wp-json\/wp\/v2\/comments?post=11216"}],"version-history":[{"count":0,"href":"https:\/\/fabricadescripts.com.br\/igrejas\/IGRE3535\/wp-json\/wp\/v2\/posts\/11216\/revisions"}],"wp:featuredmedia":[{"embeddable":true,"href":"https:\/\/fabricadescripts.com.br\/igrejas\/IGRE3535\/wp-json\/wp\/v2\/media\/11217"}],"wp:attachment":[{"href":"https:\/\/fabricadescripts.com.br\/igrejas\/IGRE3535\/wp-json\/wp\/v2\/media?parent=11216"}],"wp:term":[{"taxonomy":"category","embeddable":true,"href":"https:\/\/fabricadescripts.com.br\/igrejas\/IGRE3535\/wp-json\/wp\/v2\/categories?post=11216"},{"taxonomy":"post_tag","embeddable":true,"href":"https:\/\/fabricadescripts.com.br\/igrejas\/IGRE3535\/wp-json\/wp\/v2\/tags?post=11216"}],"curies":[{"name":"wp","href":"https:\/\/api.w.org\/{rel}","templated":true}]}}