{"id":11205,"date":"2026-03-01T01:10:29","date_gmt":"2026-03-01T04:10:29","guid":{"rendered":"https:\/\/fabricadescripts.com.br\/igrejas\/IGRE3535\/pai-toca-louvor-para-bebe-que-nasceu-com-lesao-cerebral-e-declara-cura-meu-deus-e-rafah\/"},"modified":"2026-03-01T01:10:29","modified_gmt":"2026-03-01T04:10:29","slug":"pai-toca-louvor-para-bebe-que-nasceu-com-lesao-cerebral-e-declara-cura-meu-deus-e-rafah","status":"publish","type":"post","link":"https:\/\/fabricadescripts.com.br\/igrejas\/IGRE3535\/pai-toca-louvor-para-bebe-que-nasceu-com-lesao-cerebral-e-declara-cura-meu-deus-e-rafah\/","title":{"rendered":"Pai toca louvor para beb\u00ea que nasceu com les\u00e3o cerebral e declara cura: \u201cMeu Deus \u00e9 Rafah\u201d"},"content":{"rendered":"<div>\n<p><span>O pai de um beb\u00ea que nasceu com diversas complica\u00e7\u00f5es de sa\u00fade emocionou ao louvar para o filho em uma UTI Neonatal, nos Estados Unidos, e declarar cura sobre o menino.<\/span><\/p>\n<p><span>O m\u00fasico crist\u00e3o Daniel Van Horn compartilhou momentos de adora\u00e7\u00e3o ao lado do filho <\/span><span><strong>rec\u00e9m-nascido<\/strong><\/span><span>, Graham Isaac. O beb\u00ea enfrentou graves complica\u00e7\u00f5es de sa\u00fade logo ap\u00f3s o nascimento e permaneceu internado por 71 dias.<\/span><\/p>\n<p><span>\u201cN\u00e3o foi o come\u00e7o da paternidade que esper\u00e1vamos. Ele passou por quatro cirurgias, alguns problemas cerebrais assustadores, mas tamb\u00e9m algumas vit\u00f3rias. N\u00e3o conseguir\u00edamos sem um ex\u00e9rcito de pessoas orando e nossa rede de apoio\u201d, disse Daniel no Instagram.<\/span><\/p>\n<blockquote data-instgrm-permalink=\"https:\/\/www.instagram.com\/reel\/DPc7g9DEfMx\/?utm_source=ig_embed&#038;utm_campaign=loading\" data-instgrm-version=\"14\"><\/blockquote>\n<p><span>No v\u00eddeo, ele aparece louvando para o filho no hospital e afirma: \u201cEstou fazendo o que sei fazer de melhor: cantar e tocar para ele, orar por ele e estar presente! H\u00e1 poder no louvor\u201d.<\/span><\/p>\n<p><span>\u201cEle \u00e9 um guerreiro e somos muito gratos pela vida dele, apesar de um come\u00e7o dif\u00edcil. Meu Deus \u00e9 Rafah, o Senhor que cura. J\u00e1 o vi fazer isso tantas vezes que n\u00e3o tenho d\u00favidas de que ele ainda cura. Vi milagres que n\u00e3o consigo explicar e acreditamos que ele continua a operar um testemunho milagroso em nosso menino agora\u201d, acrescentou.<\/span><\/p>\n<p><strong>Complica\u00e7\u00f5es m\u00e9dicas<\/strong><\/p>\n<p><span>Segundo os pais, Daniel e Devon Van Horn, Graham nasceu em 6 de setembro. No entanto, apresentou complica\u00e7\u00f5es que exigiram uma cirurgia de emerg\u00eancia.<\/span><\/p>\n<p><span>Ap\u00f3s o procedimento, o beb\u00ea sofreu convuls\u00f5es provocadas por um sangramento cerebral, o que resultou em uma les\u00e3o semelhante a um Acidente Vascular Cerebral (AVC).<\/span><\/p>\n<p><span>Diante do quadro inst\u00e1vel, o menino precisou ser entubado e recebeu diversos suportes m\u00e9dicos. Enquanto isso, os pais contaram com uma onda de ora\u00e7\u00f5es ao redor do mundo:<\/span><\/p>\n<blockquote data-instgrm-permalink=\"https:\/\/www.instagram.com\/p\/DOmy_jZEY1s\/?utm_source=ig_embed&#038;utm_campaign=loading\" data-instgrm-version=\"14\"><\/blockquote>\n<p><span>\u201cO mais lindo \u00e9 que servimos a um Deus grandioso. Ele nos carrega nos dias mais dif\u00edceis e nos mais f\u00e1ceis. Ele \u00e9 poderoso o suficiente para curar, vimos e ouvimos os testemunhos de outras pessoas. Vimos Ele se manifestar atrav\u00e9s de suas ora\u00e7\u00f5es\u201d, testemunhou a m\u00e3e.<\/span><\/p>\n<p><span>E continuou: \u201cDaniel e eu agradecemos infinitamente! Pode parecer simples no seu mundo orar, mas \u00e9 isso que nos ajuda a superar os desafios do dia a dia. Senhor, pedimos que fa\u00e7a isso de novo! Cure, traga vida aos lugares mortos novamente, esteja perto dos que t\u00eam o cora\u00e7\u00e3o quebrantado novamente. Grande \u00e9 a tua fidelidade\u201d.<\/span><\/p>\n<p><strong>\u2018Ele est\u00e1 nas m\u00e3os do Senhor\u2019<\/strong><\/p>\n<p><span>A fam\u00edlia permaneceu compartilhando atualiza\u00e7\u00f5es sobre o menino nas redes sociais e comemoraram cada avan\u00e7o: a estabiliza\u00e7\u00e3o dos n\u00edveis sangu\u00edneos, a interrup\u00e7\u00e3o das convuls\u00f5es, a retirada do tubo respirat\u00f3rio e a remo\u00e7\u00e3o de equipamentos considerados cr\u00edticos.<\/span><\/p>\n<p><span>\u201cAs ora\u00e7\u00f5es funcionam, viu? Obrigada! Os n\u00edveis sangu\u00edneos dele estabilizaram, o que nos faz acreditar que o sangramento no c\u00e9rebro parou. A cor dele voltou um pouco\u201d, relatou a m\u00e3e.<\/span><\/p>\n<p><span>Ela detalhou que durante a perman\u00eancia no hospital, lia vers\u00edculos b\u00edblicos para o filho e tamb\u00e9m colocava louvores para ele ouvir.<\/span><\/p>\n<p><span>\u201cCom apenas 17 dias de vida, esse menininho j\u00e1 passou por mais coisas fisicamente do que eu jamais passei. Ele \u00e9 um guerreirozinho! Um passo a menos, faltam v\u00e1rios! Estamos muito orgulhosos do nosso pequeno e vendo nossas ora\u00e7\u00f5es sendo atendidas diante dos nossos olhos\u201d, disse ela.<\/span><\/p>\n<p><span>Ao completar um m\u00eas, Graham j\u00e1 havia superado duas grandes cirurgias e enfrentado complica\u00e7\u00f5es raras. Posteriormente, os pais informaram que a primeira cirurgia cerebral n\u00e3o teve o resultado esperado e que o beb\u00ea precisaria passar por um novo procedimento.<\/span><\/p>\n<blockquote data-instgrm-permalink=\"https:\/\/www.instagram.com\/reel\/DRI3QNjj2SA\/?utm_source=ig_embed&#038;utm_campaign=loading\" data-instgrm-version=\"14\"><\/blockquote>\n<p><span>\u201cEste primeiro m\u00eas de vida foi uma loucura, mas Graham Isaac, voc\u00ea tem sido t\u00e3o resiliente em tudo isso! \u00c9 incr\u00edvel ver <\/span><span><strong>ora\u00e7\u00f5es sendo respondidas<\/strong><\/span><span> bem diante dos nossos olhos e testemunhar a fidelidade do Senhor em como Ele est\u00e1 te protegendo! Ele te tem na palma da Sua m\u00e3o. Estamos muito orgulhosos de sermos seus pais, meu querido\u201d, declarou a m\u00e3e.<\/span><\/p>\n<p><span>Atualmente com 4 meses de vida, o beb\u00ea segue em acompanhamento m\u00e9dico. Contudo, os pais celebram a Deus por ele estar em casa e tendo evolu\u00e7\u00f5es:<\/span><\/p>\n<p><span>\u201cO beb\u00ea Graham j\u00e1 est\u00e1 em casa e somos muito gratos pelas suas ora\u00e7\u00f5es cont\u00ednuas pela sa\u00fade dele. Se voc\u00ea se sentir inspirado, continue a orar por ele\u201d, concluiu Daniel.\u00a0<\/span><\/p>\n<\/div>\n","protected":false},"excerpt":{"rendered":"<p>O pai de um beb\u00ea que nasceu com diversas complica\u00e7\u00f5es de sa\u00fade emocionou ao louvar para o filho em uma UTI Neonatal, nos Estados Unidos, e declarar cura sobre o menino. O m\u00fasico crist\u00e3o Daniel Van Horn compartilhou momentos de adora\u00e7\u00e3o ao lado do filho rec\u00e9m-nascido, Graham Isaac. O beb\u00ea enfrentou graves complica\u00e7\u00f5es de sa\u00fade logo ap\u00f3s o nascimento e permaneceu internado por 71 dias. \u201cN\u00e3o foi o come\u00e7o da paternidade que esper\u00e1vamos. Ele passou por quatro cirurgias, alguns problemas cerebrais assustadores, mas tamb\u00e9m algumas vit\u00f3rias. N\u00e3o conseguir\u00edamos sem um ex\u00e9rcito de pessoas orando e nossa rede de apoio\u201d, disse Daniel no Instagram. No v\u00eddeo, ele aparece louvando para o filho no hospital e afirma: \u201cEstou fazendo o que sei fazer de melhor: cantar e tocar para ele, orar por ele e estar presente! H\u00e1 poder no louvor\u201d. \u201cEle \u00e9 um guerreiro e somos muito gratos pela vida dele, apesar de um come\u00e7o dif\u00edcil. Meu Deus \u00e9 Rafah, o Senhor que cura. J\u00e1 o vi fazer isso tantas vezes que n\u00e3o tenho d\u00favidas de que ele ainda cura. Vi milagres que n\u00e3o consigo explicar e acreditamos que ele continua a operar um testemunho milagroso em nosso menino agora\u201d, acrescentou. Complica\u00e7\u00f5es m\u00e9dicas Segundo os pais, Daniel e Devon Van Horn, Graham nasceu em 6 de setembro. No entanto, apresentou complica\u00e7\u00f5es que exigiram uma cirurgia de emerg\u00eancia. Ap\u00f3s o procedimento, o beb\u00ea sofreu convuls\u00f5es provocadas por um sangramento cerebral, o que resultou em uma les\u00e3o semelhante a um Acidente Vascular Cerebral (AVC). Diante do quadro inst\u00e1vel, o menino precisou ser entubado e recebeu diversos suportes m\u00e9dicos. Enquanto isso, os pais contaram com uma onda de ora\u00e7\u00f5es ao redor do mundo: \u201cO mais lindo \u00e9 que servimos a um Deus grandioso. Ele nos carrega nos dias mais dif\u00edceis e nos mais f\u00e1ceis. Ele \u00e9 poderoso o suficiente para curar, vimos e ouvimos os testemunhos de outras pessoas. Vimos Ele se manifestar atrav\u00e9s de suas ora\u00e7\u00f5es\u201d, testemunhou a m\u00e3e. E continuou: \u201cDaniel e eu agradecemos infinitamente! Pode parecer simples no seu mundo orar, mas \u00e9 isso que nos ajuda a superar os desafios do dia a dia. Senhor, pedimos que fa\u00e7a isso de novo! Cure, traga vida aos lugares mortos novamente, esteja perto dos que t\u00eam o cora\u00e7\u00e3o quebrantado novamente. Grande \u00e9 a tua fidelidade\u201d. \u2018Ele est\u00e1 nas m\u00e3os do Senhor\u2019 A fam\u00edlia permaneceu compartilhando atualiza\u00e7\u00f5es sobre o menino nas redes sociais e comemoraram cada avan\u00e7o: a estabiliza\u00e7\u00e3o dos n\u00edveis sangu\u00edneos, a interrup\u00e7\u00e3o das convuls\u00f5es, a retirada do tubo respirat\u00f3rio e a remo\u00e7\u00e3o de equipamentos considerados cr\u00edticos. \u201cAs ora\u00e7\u00f5es funcionam, viu? Obrigada! Os n\u00edveis sangu\u00edneos dele estabilizaram, o que nos faz acreditar que o sangramento no c\u00e9rebro parou. A cor dele voltou um pouco\u201d, relatou a m\u00e3e. Ela detalhou que durante a perman\u00eancia no hospital, lia vers\u00edculos b\u00edblicos para o filho e tamb\u00e9m colocava louvores para ele ouvir. \u201cCom apenas 17 dias de vida, esse menininho j\u00e1 passou por mais coisas fisicamente do que eu jamais passei. Ele \u00e9 um guerreirozinho! Um passo a menos, faltam v\u00e1rios! Estamos muito orgulhosos do nosso pequeno e vendo nossas ora\u00e7\u00f5es sendo atendidas diante dos nossos olhos\u201d, disse ela. Ao completar um m\u00eas, Graham j\u00e1 havia superado duas grandes cirurgias e enfrentado complica\u00e7\u00f5es raras. Posteriormente, os pais informaram que a primeira cirurgia cerebral n\u00e3o teve o resultado esperado e que o beb\u00ea precisaria passar por um novo procedimento. \u201cEste primeiro m\u00eas de vida foi uma loucura, mas Graham Isaac, voc\u00ea tem sido t\u00e3o resiliente em tudo isso! \u00c9 incr\u00edvel ver ora\u00e7\u00f5es sendo respondidas bem diante dos nossos olhos e testemunhar a fidelidade do Senhor em como Ele est\u00e1 te protegendo! Ele te tem na palma da Sua m\u00e3o. Estamos muito orgulhosos de sermos seus pais, meu querido\u201d, declarou a m\u00e3e. Atualmente com 4 meses de vida, o beb\u00ea segue em acompanhamento m\u00e9dico. Contudo, os pais celebram a Deus por ele estar em casa e tendo evolu\u00e7\u00f5es: \u201cO beb\u00ea Graham j\u00e1 est\u00e1 em casa e somos muito gratos pelas suas ora\u00e7\u00f5es cont\u00ednuas pela sa\u00fade dele. Se voc\u00ea se sentir inspirado, continue a orar por ele\u201d, concluiu Daniel.\u00a0<\/p>\n","protected":false},"author":1,"featured_media":11206,"comment_status":"closed","ping_status":"closed","sticky":false,"template":"","format":"standard","meta":{"footnotes":""},"categories":[12],"tags":[],"class_list":["post-11205","post","type-post","status-publish","format-standard","has-post-thumbnail","hentry","category-mundo-cristao"],"acf":[],"_links":{"self":[{"href":"https:\/\/fabricadescripts.com.br\/igrejas\/IGRE3535\/wp-json\/wp\/v2\/posts\/11205","targetHints":{"allow":["GET"]}}],"collection":[{"href":"https:\/\/fabricadescripts.com.br\/igrejas\/IGRE3535\/wp-json\/wp\/v2\/posts"}],"about":[{"href":"https:\/\/fabricadescripts.com.br\/igrejas\/IGRE3535\/wp-json\/wp\/v2\/types\/post"}],"author":[{"embeddable":true,"href":"https:\/\/fabricadescripts.com.br\/igrejas\/IGRE3535\/wp-json\/wp\/v2\/users\/1"}],"replies":[{"embeddable":true,"href":"https:\/\/fabricadescripts.com.br\/igrejas\/IGRE3535\/wp-json\/wp\/v2\/comments?post=11205"}],"version-history":[{"count":0,"href":"https:\/\/fabricadescripts.com.br\/igrejas\/IGRE3535\/wp-json\/wp\/v2\/posts\/11205\/revisions"}],"wp:featuredmedia":[{"embeddable":true,"href":"https:\/\/fabricadescripts.com.br\/igrejas\/IGRE3535\/wp-json\/wp\/v2\/media\/11206"}],"wp:attachment":[{"href":"https:\/\/fabricadescripts.com.br\/igrejas\/IGRE3535\/wp-json\/wp\/v2\/media?parent=11205"}],"wp:term":[{"taxonomy":"category","embeddable":true,"href":"https:\/\/fabricadescripts.com.br\/igrejas\/IGRE3535\/wp-json\/wp\/v2\/categories?post=11205"},{"taxonomy":"post_tag","embeddable":true,"href":"https:\/\/fabricadescripts.com.br\/igrejas\/IGRE3535\/wp-json\/wp\/v2\/tags?post=11205"}],"curies":[{"name":"wp","href":"https:\/\/api.w.org\/{rel}","templated":true}]}}