{"id":11199,"date":"2026-03-01T01:10:29","date_gmt":"2026-03-01T04:10:29","guid":{"rendered":"https:\/\/fabricadescripts.com.br\/igrejas\/IGRE3535\/guerra-eua-e-israel-iniciam-ataque-conjunto-contra-o-ira\/"},"modified":"2026-03-01T01:10:29","modified_gmt":"2026-03-01T04:10:29","slug":"guerra-eua-e-israel-iniciam-ataque-conjunto-contra-o-ira","status":"publish","type":"post","link":"https:\/\/fabricadescripts.com.br\/igrejas\/IGRE3535\/guerra-eua-e-israel-iniciam-ataque-conjunto-contra-o-ira\/","title":{"rendered":"Guerra: EUA e Israel iniciam ataque conjunto contra o Ir\u00e3"},"content":{"rendered":"<div>\n<p>Uma ofensiva militar conjunta de <span><strong>Israel <\/strong><\/span>e EUA contra o Ir\u00e3 teve in\u00edcio na madrugada deste s\u00e1bado (28), marcando uma das maiores escaladas militares recentes no Oriente M\u00e9dio.<\/p>\n<p>O an\u00fancio foi feito pelo primeiro-ministro de Israel, <span><strong>Benjamin Netanyahu<\/strong><\/span>, que justificou os ataques:<\/p>\n<p>\u201cDurante 47 anos, o regime dos aiatol\u00e1s gritou \u2018Morte a Israel\u2019, \u2018Morte \u00e0 Am\u00e9rica\u2019. Derramou nosso sangue, assassinou muitos americanos e massacrou seu pr\u00f3prio povo.\u201d<\/p>\n<blockquote>\n<div dir=\"rtl\" lang=\"iw\">\n<p>\u05d0\u05d7\u05d9\u05d9 \u05d5\u05d0\u05d7\u05d9\u05d5\u05ea\u05d9\u05d9 \u05d0\u05d6\u05e8\u05d7\u05d9 \u05d9\u05e9\u05e8\u05d0\u05dc, \u05dc\u05e4\u05e0\u05d9 \u05e9\u05e2\u05d4 \u05e7\u05dc\u05d4 \u05d9\u05e6\u05d0\u05e0\u05d5 \u05d9\u05e9\u05e8\u05d0\u05dc \u05d5\u05d0\u05e8\u05d4\u05f4\u05d1 \u05dc\u05de\u05d1\u05e6\u05e2 \u05dc\u05d4\u05e1\u05e8\u05ea \u05d4\u05d0\u05d9\u05d5\u05dd \u05d4\u05e7\u05d9\u05d5\u05de\u05d9 \u05de\u05e6\u05d3 \u05de\u05e9\u05d8\u05e8 \u05d4\u05d8\u05e8\u05d5\u05e8 \u05d1\u05d0\u05d9\u05e8\u05d0\u05df.<\/p>\n<p>\u05d0\u05e0\u05d9 \u05de\u05d5\u05d3\u05d4 \u05dc\u05d9\u05d3\u05d9\u05d3\u05d9\u05e0\u05d5 \u05d4\u05d2\u05d3\u05d5\u05dc \u05d4\u05e0\u05e9\u05d9\u05d0 \u05d3\u05d5\u05e0\u05dc\u05d3 \u05d8\u05e8\u05d0\u05de\u05e4 \u05e2\u05dc \u05de\u05e0\u05d4\u05d9\u05d2\u05d5\u05ea\u05d5 \u05d4\u05d4\u05d9\u05e1\u05d8\u05d5\u05e8\u05d9\u05ea.<\/p>\n<p>\u05d1\u05de\u05e9\u05da 47 \u05e9\u05e0\u05d9\u05dd \u05e7\u05d5\u05e8\u05d0 \u05de\u05e9\u05d8\u05e8 \u05d4\u05d0\u05d9\u05d9\u05ea\u05d5\u05dc\u05dc\u05d5\u05ea \u05f4\u05de\u05d5\u05d5\u05ea \u05dc\u05d9\u05e9\u05e8\u05d0\u05dc\u05f4, \u05f4\u05de\u05d5\u05d5\u05ea \u05dc\u05d0\u05de\u05e8\u05d9\u05e7\u05d4\u05f4. \u05d4\u05d5\u05d0 \u05d4\u05e7\u05d9\u05d6 \u05d0\u05ea \u05d3\u05de\u05d9\u05e0\u05d5, \u05e8\u05e6\u05d7 \u05d0\u05de\u05e8\u05d9\u05e7\u05e0\u05d9\u05dd \u05e8\u05d1\u05d9\u05dd \u05d5\u05d8\u05d1\u05d7\u2026 pic.twitter.com\/itTF5b4jB4<\/p>\n<\/div>\n<p>  \u2014 Benjamin Netanyahu &#8211; \u05d1\u05e0\u05d9\u05de\u05d9\u05df \u05e0\u05ea\u05e0\u05d9\u05d4\u05d5 (@netanyahu) February 28, 2026<\/p><\/blockquote>\n<p>\u201cEste regime terrorista assassino n\u00e3o deve se armar com armas nucleares que lhe permitam amea\u00e7ar toda a humanidade. Nossa a\u00e7\u00e3o conjunta criar\u00e1 as condi\u00e7\u00f5es para que o corajoso povo iraniano tome as r\u00e9deas do seu destino.\u201d<\/p>\n<p>O presidente<span> <strong>Donald Trump<\/strong><\/span>\u00a0declarou que o pa\u00eds iniciou \u201cgrandes opera\u00e7\u00f5es de combate\u201d para neutralizar amea\u00e7as consideradas iminentes vindas do regime iraniano.<\/p>\n<blockquote data-instgrm-captioned data-instgrm-permalink=\"https:\/\/www.instagram.com\/reel\/DVS0AvbjkPS\/?utm_source=ig_embed&#038;utm_campaign=loading\" data-instgrm-version=\"14\"><\/blockquote>\n<p>Analistas dizem que objetivo dos EUA \u00e9 uma mudan\u00e7a de regime no Ir\u00e3.<\/p>\n<p>O pr\u00edncipe herdeiro <span><strong>Reza Pahlavi<\/strong><\/span> usou suas redes sociais para falar diretamente ao povo iraniano.<\/p>\n<p>\u201cNestas horas e dias cr\u00edticos, mais do que nunca, devemos permanecer focados em nosso objetivo final: retomar o controle do Ir\u00e3.\u201d<\/p>\n<blockquote>\n<div dir=\"rtl\" lang=\"fa\">\n<p>\u0647\u0645\u200c\u0645\u06cc\u0647\u0646\u0627\u0646 \u0639\u0632\u06cc\u0632\u0645\u060c<\/p>\n<p>\u0644\u062d\u0638\u0627\u062a\u06cc \u0633\u0631\u0646\u0648\u0634\u062a\u200c\u0633\u0627\u0632 \u067e\u06cc\u0634\u0650 \u0631\u0648\u06cc \u0645\u0627\u0633\u062a.<\/p>\n<p>\u06a9\u0645\u06a9\u06cc \u06a9\u0647 \u0631\u0626\u06cc\u0633\u200c\u062c\u0645\u0647\u0648\u0631 \u0627\u06cc\u0627\u0644\u0627\u062a \u0645\u062a\u062d\u062f\u0647 \u0628\u0647 \u0645\u0631\u062f\u0645 \u0634\u062c\u0627\u0639 \u0627\u06cc\u0631\u0627\u0646 \u0648\u0639\u062f\u0647 \u062f\u0627\u062f\u0647 \u0628\u0648\u062f\u060c \u0627\u06a9\u0646\u0648\u0646 \u0631\u0633\u06cc\u062f\u0647 \u0627\u0633\u062a. \u0627\u06cc\u0646 \u06cc\u06a9 \u0645\u062f\u0627\u062e\u0644\u0647 \u0628\u0634\u0631\u062f\u0648\u0633\u062a\u0627\u0646\u0647 \u0627\u0633\u062a\u061b \u0648 \u0647\u062f\u0641 \u0622\u0646\u060c \u062c\u0645\u0647\u0648\u0631\u06cc \u0627\u0633\u0644\u0627\u0645\u06cc\u060c \u062f\u0633\u062a\u06af\u0627\u0647 \u0633\u0631\u06a9\u0648\u0628 \u0648 \u0645\u0627\u0634\u06cc\u0646 \u06a9\u0634\u062a\u0627\u0631 \u0622\u0646 \u0627\u0633\u062a\u061b \u0646\u0647 \u06a9\u0634\u0648\u0631 \u0648 \u0645\u0644\u062a \u0628\u0632\u0631\u06af \u0627\u06cc\u0631\u0627\u0646.<\/p>\n<p>\u0627\u0645\u0627\u060c \u0628\u0627 \u0648\u062c\u0648\u062f \u0631\u0633\u06cc\u062f\u0646 \u0627\u06cc\u0646 \u06a9\u0645\u06a9\u060c\u2026 pic.twitter.com\/kRiamgeCpS<\/p>\n<\/div>\n<p>  \u2014 Reza Pahlavi (@PahlaviReza) February 28, 2026<\/p><\/blockquote>\n<p>\u201cPe\u00e7o que permane\u00e7am em suas casas por enquanto e mantenham a paz e a seguran\u00e7a. Estejam vigilantes e prontos para retornar \u00e0s ruas para a a\u00e7\u00e3o final no momento oportuno, que informarei em detalhes.\u201d<\/p>\n<p>Segundo ag\u00eancias internacionais de not\u00edcias, explos\u00f5es foram registradas em diversas cidades iranianas, incluindo a capital Teer\u00e3, enquanto autoridades confirmaram que a opera\u00e7\u00e3o envolve ataques coordenados por ar e mar contra alvos estrat\u00e9gicos.<\/p>\n<p>De acordo com autoridades americanas e israelenses, a a\u00e7\u00e3o tem como objetivo atingir instala\u00e7\u00f5es militares, infraestrutura de m\u00edsseis e impedir o avan\u00e7o do programa nuclear iraniano.<\/p>\n<p><strong>Opera\u00e7\u00e3o planejada<\/strong><\/p>\n<p>Relatos iniciais indicam que v\u00e1rios pontos do territ\u00f3rio iraniano foram atingidos quase simultaneamente.<\/p>\n<p>M\u00edsseis de cruzeiro cruzam as montanhas do Ir\u00e3 rumo a alvos do regime. J\u00e1 n\u00e3o \u00e9 poss\u00edvel contabilizar as ondas de ataque contra o pa\u00eds. Na pr\u00e1tica, se trata de uma ofensiva cont\u00ednua, com bombardeios ininterruptos que provavelmente envolvem dezenas de m\u00edsseis.<\/p>\n<blockquote data-instgrm-captioned data-instgrm-permalink=\"https:\/\/www.instagram.com\/reel\/DVTCgJtiSuQ\/?utm_source=ig_embed&#038;utm_campaign=loading\" data-instgrm-version=\"14\"><\/blockquote>\n<p>Testemunhas relataram colunas de fuma\u00e7a e fortes explos\u00f5es em Teer\u00e3 e em outras regi\u00f5es do pa\u00eds, enquanto o governo israelense afirmou que a opera\u00e7\u00e3o vinha sendo planejada h\u00e1 meses em coordena\u00e7\u00e3o com Washington.<\/p>\n<p>A ofensiva acontece ap\u00f3s meses de tens\u00e3o envolvendo o programa nuclear do Ir\u00e3 e negocia\u00e7\u00f5es diplom\u00e1ticas consideradas inconclusivas.<\/p>\n<p>L\u00edderes israelenses afirmam que Teer\u00e3 representa uma amea\u00e7a existencial, enquanto autoridades americanas defendem que impedir o desenvolvimento de armas nucleares iranianas \u00e9 prioridade estrat\u00e9gica.<\/p>\n<p><strong>Resposta iraniana<\/strong><\/p>\n<p>Pouco depois dos primeiros ataques, o Ir\u00e3 respondeu lan\u00e7ando m\u00edsseis e drones em dire\u00e7\u00e3o a Israel e a bases americanas na regi\u00e3o.<\/p>\n<p>V\u00e1rios pa\u00edses do Oriente M\u00e9dio como Iraque, S\u00edria, L\u00edbano, Jord\u00e2nia e norte da Ar\u00e1bia Saudita fecharam temporariamente seu espa\u00e7o a\u00e9reo, e em Israel sirenes de alerta foram acionadas enquanto a popula\u00e7\u00e3o era orientada a buscar abrigo.<\/p>\n<p>O cen\u00e1rio permanece em r\u00e1pida evolu\u00e7\u00e3o. Analistas internacionais alertam que a opera\u00e7\u00e3o pode desencadear um conflito regional mais amplo, envolvendo aliados do Ir\u00e3 e for\u00e7as militares ocidentais presentes no Oriente M\u00e9dio.<\/p>\n<p>Enquanto isso, governos ao redor do mundo pedem conten\u00e7\u00e3o e monitoram o risco de uma escalada militar de grandes propor\u00e7\u00f5es.<\/p>\n<\/div>\n","protected":false},"excerpt":{"rendered":"<p>Uma ofensiva militar conjunta de Israel e EUA contra o Ir\u00e3 teve in\u00edcio na madrugada deste s\u00e1bado (28), marcando uma das maiores escaladas militares recentes no Oriente M\u00e9dio. O an\u00fancio foi feito pelo primeiro-ministro de Israel, Benjamin Netanyahu, que justificou os ataques: \u201cDurante 47 anos, o regime dos aiatol\u00e1s gritou \u2018Morte a Israel\u2019, \u2018Morte \u00e0 Am\u00e9rica\u2019. Derramou nosso sangue, assassinou muitos americanos e massacrou seu pr\u00f3prio povo.\u201d \u05d0\u05d7\u05d9\u05d9 \u05d5\u05d0\u05d7\u05d9\u05d5\u05ea\u05d9\u05d9 \u05d0\u05d6\u05e8\u05d7\u05d9 \u05d9\u05e9\u05e8\u05d0\u05dc, \u05dc\u05e4\u05e0\u05d9 \u05e9\u05e2\u05d4 \u05e7\u05dc\u05d4 \u05d9\u05e6\u05d0\u05e0\u05d5 \u05d9\u05e9\u05e8\u05d0\u05dc \u05d5\u05d0\u05e8\u05d4\u05f4\u05d1 \u05dc\u05de\u05d1\u05e6\u05e2 \u05dc\u05d4\u05e1\u05e8\u05ea \u05d4\u05d0\u05d9\u05d5\u05dd \u05d4\u05e7\u05d9\u05d5\u05de\u05d9 \u05de\u05e6\u05d3 \u05de\u05e9\u05d8\u05e8 \u05d4\u05d8\u05e8\u05d5\u05e8 \u05d1\u05d0\u05d9\u05e8\u05d0\u05df. \u05d0\u05e0\u05d9 \u05de\u05d5\u05d3\u05d4 \u05dc\u05d9\u05d3\u05d9\u05d3\u05d9\u05e0\u05d5 \u05d4\u05d2\u05d3\u05d5\u05dc \u05d4\u05e0\u05e9\u05d9\u05d0 \u05d3\u05d5\u05e0\u05dc\u05d3 \u05d8\u05e8\u05d0\u05de\u05e4 \u05e2\u05dc \u05de\u05e0\u05d4\u05d9\u05d2\u05d5\u05ea\u05d5 \u05d4\u05d4\u05d9\u05e1\u05d8\u05d5\u05e8\u05d9\u05ea. \u05d1\u05de\u05e9\u05da 47 \u05e9\u05e0\u05d9\u05dd \u05e7\u05d5\u05e8\u05d0 \u05de\u05e9\u05d8\u05e8 \u05d4\u05d0\u05d9\u05d9\u05ea\u05d5\u05dc\u05dc\u05d5\u05ea \u05f4\u05de\u05d5\u05d5\u05ea \u05dc\u05d9\u05e9\u05e8\u05d0\u05dc\u05f4, \u05f4\u05de\u05d5\u05d5\u05ea \u05dc\u05d0\u05de\u05e8\u05d9\u05e7\u05d4\u05f4. \u05d4\u05d5\u05d0 \u05d4\u05e7\u05d9\u05d6 \u05d0\u05ea \u05d3\u05de\u05d9\u05e0\u05d5, \u05e8\u05e6\u05d7 \u05d0\u05de\u05e8\u05d9\u05e7\u05e0\u05d9\u05dd \u05e8\u05d1\u05d9\u05dd \u05d5\u05d8\u05d1\u05d7\u2026 pic.twitter.com\/itTF5b4jB4 \u2014 Benjamin Netanyahu &#8211; \u05d1\u05e0\u05d9\u05de\u05d9\u05df \u05e0\u05ea\u05e0\u05d9\u05d4\u05d5 (@netanyahu) February 28, 2026 \u201cEste regime terrorista assassino n\u00e3o deve se armar com armas nucleares que lhe permitam amea\u00e7ar toda a humanidade. Nossa a\u00e7\u00e3o conjunta criar\u00e1 as condi\u00e7\u00f5es para que o corajoso povo iraniano tome as r\u00e9deas do seu destino.\u201d O presidente Donald Trump\u00a0declarou que o pa\u00eds iniciou \u201cgrandes opera\u00e7\u00f5es de combate\u201d para neutralizar amea\u00e7as consideradas iminentes vindas do regime iraniano. Analistas dizem que objetivo dos EUA \u00e9 uma mudan\u00e7a de regime no Ir\u00e3. O pr\u00edncipe herdeiro Reza Pahlavi usou suas redes sociais para falar diretamente ao povo iraniano. \u201cNestas horas e dias cr\u00edticos, mais do que nunca, devemos permanecer focados em nosso objetivo final: retomar o controle do Ir\u00e3.\u201d \u0647\u0645\u200c\u0645\u06cc\u0647\u0646\u0627\u0646 \u0639\u0632\u06cc\u0632\u0645\u060c \u0644\u062d\u0638\u0627\u062a\u06cc \u0633\u0631\u0646\u0648\u0634\u062a\u200c\u0633\u0627\u0632 \u067e\u06cc\u0634\u0650 \u0631\u0648\u06cc \u0645\u0627\u0633\u062a. \u06a9\u0645\u06a9\u06cc \u06a9\u0647 \u0631\u0626\u06cc\u0633\u200c\u062c\u0645\u0647\u0648\u0631 \u0627\u06cc\u0627\u0644\u0627\u062a \u0645\u062a\u062d\u062f\u0647 \u0628\u0647 \u0645\u0631\u062f\u0645 \u0634\u062c\u0627\u0639 \u0627\u06cc\u0631\u0627\u0646 \u0648\u0639\u062f\u0647 \u062f\u0627\u062f\u0647 \u0628\u0648\u062f\u060c \u0627\u06a9\u0646\u0648\u0646 \u0631\u0633\u06cc\u062f\u0647 \u0627\u0633\u062a. \u0627\u06cc\u0646 \u06cc\u06a9 \u0645\u062f\u0627\u062e\u0644\u0647 \u0628\u0634\u0631\u062f\u0648\u0633\u062a\u0627\u0646\u0647 \u0627\u0633\u062a\u061b \u0648 \u0647\u062f\u0641 \u0622\u0646\u060c \u062c\u0645\u0647\u0648\u0631\u06cc \u0627\u0633\u0644\u0627\u0645\u06cc\u060c \u062f\u0633\u062a\u06af\u0627\u0647 \u0633\u0631\u06a9\u0648\u0628 \u0648 \u0645\u0627\u0634\u06cc\u0646 \u06a9\u0634\u062a\u0627\u0631 \u0622\u0646 \u0627\u0633\u062a\u061b \u0646\u0647 \u06a9\u0634\u0648\u0631 \u0648 \u0645\u0644\u062a \u0628\u0632\u0631\u06af \u0627\u06cc\u0631\u0627\u0646. \u0627\u0645\u0627\u060c \u0628\u0627 \u0648\u062c\u0648\u062f \u0631\u0633\u06cc\u062f\u0646 \u0627\u06cc\u0646 \u06a9\u0645\u06a9\u060c\u2026 pic.twitter.com\/kRiamgeCpS \u2014 Reza Pahlavi (@PahlaviReza) February 28, 2026 \u201cPe\u00e7o que permane\u00e7am em suas casas por enquanto e mantenham a paz e a seguran\u00e7a. Estejam vigilantes e prontos para retornar \u00e0s ruas para a a\u00e7\u00e3o final no momento oportuno, que informarei em detalhes.\u201d Segundo ag\u00eancias internacionais de not\u00edcias, explos\u00f5es foram registradas em diversas cidades iranianas, incluindo a capital Teer\u00e3, enquanto autoridades confirmaram que a opera\u00e7\u00e3o envolve ataques coordenados por ar e mar contra alvos estrat\u00e9gicos. De acordo com autoridades americanas e israelenses, a a\u00e7\u00e3o tem como objetivo atingir instala\u00e7\u00f5es militares, infraestrutura de m\u00edsseis e impedir o avan\u00e7o do programa nuclear iraniano. Opera\u00e7\u00e3o planejada Relatos iniciais indicam que v\u00e1rios pontos do territ\u00f3rio iraniano foram atingidos quase simultaneamente. M\u00edsseis de cruzeiro cruzam as montanhas do Ir\u00e3 rumo a alvos do regime. J\u00e1 n\u00e3o \u00e9 poss\u00edvel contabilizar as ondas de ataque contra o pa\u00eds. Na pr\u00e1tica, se trata de uma ofensiva cont\u00ednua, com bombardeios ininterruptos que provavelmente envolvem dezenas de m\u00edsseis. Testemunhas relataram colunas de fuma\u00e7a e fortes explos\u00f5es em Teer\u00e3 e em outras regi\u00f5es do pa\u00eds, enquanto o governo israelense afirmou que a opera\u00e7\u00e3o vinha sendo planejada h\u00e1 meses em coordena\u00e7\u00e3o com Washington. A ofensiva acontece ap\u00f3s meses de tens\u00e3o envolvendo o programa nuclear do Ir\u00e3 e negocia\u00e7\u00f5es diplom\u00e1ticas consideradas inconclusivas. L\u00edderes israelenses afirmam que Teer\u00e3 representa uma amea\u00e7a existencial, enquanto autoridades americanas defendem que impedir o desenvolvimento de armas nucleares iranianas \u00e9 prioridade estrat\u00e9gica. Resposta iraniana Pouco depois dos primeiros ataques, o Ir\u00e3 respondeu lan\u00e7ando m\u00edsseis e drones em dire\u00e7\u00e3o a Israel e a bases americanas na regi\u00e3o. V\u00e1rios pa\u00edses do Oriente M\u00e9dio como Iraque, S\u00edria, L\u00edbano, Jord\u00e2nia e norte da Ar\u00e1bia Saudita fecharam temporariamente seu espa\u00e7o a\u00e9reo, e em Israel sirenes de alerta foram acionadas enquanto a popula\u00e7\u00e3o era orientada a buscar abrigo. O cen\u00e1rio permanece em r\u00e1pida evolu\u00e7\u00e3o. Analistas internacionais alertam que a opera\u00e7\u00e3o pode desencadear um conflito regional mais amplo, envolvendo aliados do Ir\u00e3 e for\u00e7as militares ocidentais presentes no Oriente M\u00e9dio. Enquanto isso, governos ao redor do mundo pedem conten\u00e7\u00e3o e monitoram o risco de uma escalada militar de grandes propor\u00e7\u00f5es.<\/p>\n","protected":false},"author":1,"featured_media":11200,"comment_status":"closed","ping_status":"closed","sticky":false,"template":"","format":"standard","meta":{"footnotes":""},"categories":[11],"tags":[],"class_list":["post-11199","post","type-post","status-publish","format-standard","has-post-thumbnail","hentry","category-brasil"],"acf":[],"_links":{"self":[{"href":"https:\/\/fabricadescripts.com.br\/igrejas\/IGRE3535\/wp-json\/wp\/v2\/posts\/11199","targetHints":{"allow":["GET"]}}],"collection":[{"href":"https:\/\/fabricadescripts.com.br\/igrejas\/IGRE3535\/wp-json\/wp\/v2\/posts"}],"about":[{"href":"https:\/\/fabricadescripts.com.br\/igrejas\/IGRE3535\/wp-json\/wp\/v2\/types\/post"}],"author":[{"embeddable":true,"href":"https:\/\/fabricadescripts.com.br\/igrejas\/IGRE3535\/wp-json\/wp\/v2\/users\/1"}],"replies":[{"embeddable":true,"href":"https:\/\/fabricadescripts.com.br\/igrejas\/IGRE3535\/wp-json\/wp\/v2\/comments?post=11199"}],"version-history":[{"count":0,"href":"https:\/\/fabricadescripts.com.br\/igrejas\/IGRE3535\/wp-json\/wp\/v2\/posts\/11199\/revisions"}],"wp:featuredmedia":[{"embeddable":true,"href":"https:\/\/fabricadescripts.com.br\/igrejas\/IGRE3535\/wp-json\/wp\/v2\/media\/11200"}],"wp:attachment":[{"href":"https:\/\/fabricadescripts.com.br\/igrejas\/IGRE3535\/wp-json\/wp\/v2\/media?parent=11199"}],"wp:term":[{"taxonomy":"category","embeddable":true,"href":"https:\/\/fabricadescripts.com.br\/igrejas\/IGRE3535\/wp-json\/wp\/v2\/categories?post=11199"},{"taxonomy":"post_tag","embeddable":true,"href":"https:\/\/fabricadescripts.com.br\/igrejas\/IGRE3535\/wp-json\/wp\/v2\/tags?post=11199"}],"curies":[{"name":"wp","href":"https:\/\/api.w.org\/{rel}","templated":true}]}}