{"id":11187,"date":"2026-02-27T14:45:45","date_gmt":"2026-02-27T17:45:45","guid":{"rendered":"https:\/\/fabricadescripts.com.br\/igrejas\/IGRE3535\/bombeiros-oram-antes-de-buscas-por-criancas-soterradas-em-mg\/"},"modified":"2026-02-27T14:45:45","modified_gmt":"2026-02-27T17:45:45","slug":"bombeiros-oram-antes-de-buscas-por-criancas-soterradas-em-mg","status":"publish","type":"post","link":"https:\/\/fabricadescripts.com.br\/igrejas\/IGRE3535\/bombeiros-oram-antes-de-buscas-por-criancas-soterradas-em-mg\/","title":{"rendered":"Bombeiros oram antes de buscas por crian\u00e7as soterradas em MG"},"content":{"rendered":"<div>\n<p><span>Um grupo de <\/span><span><strong>bombeiros<\/strong><\/span><span> fez uma ora\u00e7\u00e3o antes de iniciar as buscas por duas crian\u00e7as soterradas, na cidade de <\/span><span><strong>Juiz de Fora<\/strong><\/span><span> (MG).<\/span><\/p>\n<p><span>Na manh\u00e3 desta quinta-feira (26), os socorristas do Corpo de Bombeiros Militar de Minas Gerais retomaram os esfor\u00e7os na Rua do Carmelo, no bairro Paineiras, para localizar Pietro, de 9 anos, e Sofia, de 6 anos.<\/span><\/p>\n<p><span>As v\u00edtimas fazem parte da mesma fam\u00edlia que foi atingida por um deslizamento causado pelas fortes chuvas dos \u00faltimos dias.<\/span><\/p>\n<p><span>No local, tr\u00eas pessoas da fam\u00edlia foram encontradas mortas: m\u00e3e, filha e o namorado da mulher.<\/span><\/p>\n<p><span>Antes de continuar os trabalhos de hoje (26), um dos bombeiros guiou uma ora\u00e7\u00e3o. \u201cSenhor, meu Deus, nos aben\u00e7oe hoje para que a gente consiga colocar um ponto final nessa hist\u00f3ria triste que aconteceu aqui. Que o Senhor guie as nossas m\u00e3os, os nossos ouvidos e o nosso olhar para que a gente consiga encontrar essas pessoas t\u00e3o queridas que estamos buscando hoje. Que o Senhor nos proteja para que nada de mal aconte\u00e7a com todos n\u00f3s e com as nossas fam\u00edlias\u201d, declarou.<\/span><\/p>\n<p><span>Em seguida, os militares se uniram para orar o \u201cPai Nosso\u201d.<\/span><\/p>\n<blockquote data-instgrm-captioned data-instgrm-permalink=\"https:\/\/www.instagram.com\/reel\/DVOLgotk5WR\/?utm_source=ig_embed&#038;utm_campaign=loading\" data-instgrm-version=\"14\"><\/blockquote>\n<p><strong>Trag\u00e9dia em Minas Gerais<\/strong><\/p>\n<p><span>Desde segunda-feira (23), fortes chuvas atingiram a Zona da Mata de Minas Gerais, causando enchentes, deslizamentos e enxurradas nas cidades de Juiz de Fora e Ub\u00e1.<\/span><\/p>\n<p><span>Em Juiz de Fora, rios e c\u00f3rregos transbordaram, alagando v\u00e1rias ruas e interditando vias ap\u00f3s a tempestade continuar na quarta-feira (25) e na quinta-feira (26). Nas \u00faltimas horas, foram registrados 21 desmoronamentos.<\/span><\/p>\n<p><span>A \u00e1gua tamb\u00e9m invadiu casas, garagens de pr\u00e9dios e um hospital que est\u00e1 atendendo v\u00edtimas da trag\u00e9dia.<\/span><\/p>\n<p><span>De acordo com o balan\u00e7o divulgado na manh\u00e3 de hoje (26), 54 mortos foram confirmados na regi\u00e3o: 48 em Juiz de Fora e 6 em Ub\u00e1.\u00a0<\/span><\/p>\n<p><span>Cerca de 14 pessoas est\u00e3o desaparecidas. Buscas por moradores soterrados nos escombros est\u00e3o em andamento.<\/span><\/p>\n<p><span>A enchente deixou ao menos 3.500 pessoas desabrigadas ou desalojadas na regi\u00e3o.<\/span><\/p>\n<\/div>\n","protected":false},"excerpt":{"rendered":"<p>Um grupo de bombeiros fez uma ora\u00e7\u00e3o antes de iniciar as buscas por duas crian\u00e7as soterradas, na cidade de Juiz de Fora (MG). Na manh\u00e3 desta quinta-feira (26), os socorristas do Corpo de Bombeiros Militar de Minas Gerais retomaram os esfor\u00e7os na Rua do Carmelo, no bairro Paineiras, para localizar Pietro, de 9 anos, e Sofia, de 6 anos. As v\u00edtimas fazem parte da mesma fam\u00edlia que foi atingida por um deslizamento causado pelas fortes chuvas dos \u00faltimos dias. No local, tr\u00eas pessoas da fam\u00edlia foram encontradas mortas: m\u00e3e, filha e o namorado da mulher. Antes de continuar os trabalhos de hoje (26), um dos bombeiros guiou uma ora\u00e7\u00e3o. \u201cSenhor, meu Deus, nos aben\u00e7oe hoje para que a gente consiga colocar um ponto final nessa hist\u00f3ria triste que aconteceu aqui. Que o Senhor guie as nossas m\u00e3os, os nossos ouvidos e o nosso olhar para que a gente consiga encontrar essas pessoas t\u00e3o queridas que estamos buscando hoje. Que o Senhor nos proteja para que nada de mal aconte\u00e7a com todos n\u00f3s e com as nossas fam\u00edlias\u201d, declarou. Em seguida, os militares se uniram para orar o \u201cPai Nosso\u201d. Trag\u00e9dia em Minas Gerais Desde segunda-feira (23), fortes chuvas atingiram a Zona da Mata de Minas Gerais, causando enchentes, deslizamentos e enxurradas nas cidades de Juiz de Fora e Ub\u00e1. Em Juiz de Fora, rios e c\u00f3rregos transbordaram, alagando v\u00e1rias ruas e interditando vias ap\u00f3s a tempestade continuar na quarta-feira (25) e na quinta-feira (26). Nas \u00faltimas horas, foram registrados 21 desmoronamentos. A \u00e1gua tamb\u00e9m invadiu casas, garagens de pr\u00e9dios e um hospital que est\u00e1 atendendo v\u00edtimas da trag\u00e9dia. De acordo com o balan\u00e7o divulgado na manh\u00e3 de hoje (26), 54 mortos foram confirmados na regi\u00e3o: 48 em Juiz de Fora e 6 em Ub\u00e1.\u00a0 Cerca de 14 pessoas est\u00e3o desaparecidas. Buscas por moradores soterrados nos escombros est\u00e3o em andamento. A enchente deixou ao menos 3.500 pessoas desabrigadas ou desalojadas na regi\u00e3o.<\/p>\n","protected":false},"author":1,"featured_media":11188,"comment_status":"closed","ping_status":"closed","sticky":false,"template":"","format":"standard","meta":{"footnotes":""},"categories":[12],"tags":[],"class_list":["post-11187","post","type-post","status-publish","format-standard","has-post-thumbnail","hentry","category-mundo-cristao"],"acf":[],"_links":{"self":[{"href":"https:\/\/fabricadescripts.com.br\/igrejas\/IGRE3535\/wp-json\/wp\/v2\/posts\/11187","targetHints":{"allow":["GET"]}}],"collection":[{"href":"https:\/\/fabricadescripts.com.br\/igrejas\/IGRE3535\/wp-json\/wp\/v2\/posts"}],"about":[{"href":"https:\/\/fabricadescripts.com.br\/igrejas\/IGRE3535\/wp-json\/wp\/v2\/types\/post"}],"author":[{"embeddable":true,"href":"https:\/\/fabricadescripts.com.br\/igrejas\/IGRE3535\/wp-json\/wp\/v2\/users\/1"}],"replies":[{"embeddable":true,"href":"https:\/\/fabricadescripts.com.br\/igrejas\/IGRE3535\/wp-json\/wp\/v2\/comments?post=11187"}],"version-history":[{"count":0,"href":"https:\/\/fabricadescripts.com.br\/igrejas\/IGRE3535\/wp-json\/wp\/v2\/posts\/11187\/revisions"}],"wp:featuredmedia":[{"embeddable":true,"href":"https:\/\/fabricadescripts.com.br\/igrejas\/IGRE3535\/wp-json\/wp\/v2\/media\/11188"}],"wp:attachment":[{"href":"https:\/\/fabricadescripts.com.br\/igrejas\/IGRE3535\/wp-json\/wp\/v2\/media?parent=11187"}],"wp:term":[{"taxonomy":"category","embeddable":true,"href":"https:\/\/fabricadescripts.com.br\/igrejas\/IGRE3535\/wp-json\/wp\/v2\/categories?post=11187"},{"taxonomy":"post_tag","embeddable":true,"href":"https:\/\/fabricadescripts.com.br\/igrejas\/IGRE3535\/wp-json\/wp\/v2\/tags?post=11187"}],"curies":[{"name":"wp","href":"https:\/\/api.w.org\/{rel}","templated":true}]}}