{"id":11179,"date":"2026-02-27T14:45:43","date_gmt":"2026-02-27T17:45:43","guid":{"rendered":"https:\/\/fabricadescripts.com.br\/igrejas\/IGRE3535\/pedi-a-deus-pra-nao-morrer-diz-mulher-que-se-agarrou-em-poste-por-3-horas-em-enchente\/"},"modified":"2026-02-27T14:45:43","modified_gmt":"2026-02-27T17:45:43","slug":"pedi-a-deus-pra-nao-morrer-diz-mulher-que-se-agarrou-em-poste-por-3-horas-em-enchente","status":"publish","type":"post","link":"https:\/\/fabricadescripts.com.br\/igrejas\/IGRE3535\/pedi-a-deus-pra-nao-morrer-diz-mulher-que-se-agarrou-em-poste-por-3-horas-em-enchente\/","title":{"rendered":"\u2018Pedi a Deus pra n\u00e3o morrer\u2019, diz mulher que se agarrou em poste por 3 horas em enchente"},"content":{"rendered":"<div>\n<p><span>Uma mulher sobreviveu ap\u00f3s ficar agarrada em um poste por mais de tr\u00eas horas durante a enchente que atingiu a cidade de Ub\u00e1, em <\/span><span><strong>Minas Gerais<\/strong><\/span><span>.<\/span><\/p>\n<p><span>Na segunda-feira (23), Edna Almeida Silva estava dormindo quando foi avisada pelos vizinhos que a \u00e1gua estava invadindo as casas.<\/span><\/p>\n<p><span>\u201cEu levantei meio atordoada e fui na janela da sala para olhar a rua. Realmente a rua j\u00e1 devia estar com uns 30 cent\u00edmetros de \u00e1gua\u201d, relatou ela, \u00e0 Record TV.<\/span><\/p>\n<p><span>Ela estava na resid\u00eancia com o namorado e o filho. Edna tentou retirar os seus carros da garagem, mas a \u00e1gua j\u00e1 havia entrado nos motores.<\/span><\/p>\n<p><span>Ilhados dentro de casa, eles ligaram para os Bombeiros e para a Defesa Civil para pedir socorro.<\/span><\/p>\n<p><span>Por\u00e9m, o n\u00edvel da enchente subiu rapidamente e a empres\u00e1ria, de 56 anos, foi levada pela forte correnteza.<\/span><\/p>\n<p><span>\u201cEm poucos minutos, a \u00e1gua chegou ao meu pesco\u00e7o. Nessa hora eu pensei: Meu Deus, eu n\u00e3o sei nadar. Tampei o nariz com a m\u00e3o e falei \u2018Senhor, n\u00e3o me deixa morrer afogada\u2019, enquanto procurava ar, tentando sair da \u00e1gua. Foi uma coisa absurda\u201d, lembrou Edna, emocionada.<\/span><\/p>\n<p><span>Ela conseguiu se agarrar em um poste. \u201cEu sentia que eu batia em uma coisa, batia em outra. E, de repente, eu senti uma coisa redonda na minha frente e abracei. Eu pensei: Isso \u00e9 um poste, eu n\u00e3o estou dentro da minha casa\u201d, disse.<\/span><\/p>\n<p><span>\u201cEu comecei a sentir uns garranchos no meu p\u00e9, aqueles garranchos foram crescendo, fui pisando e serviram de escada para mim, at\u00e9 que eu consegui tirar a cabe\u00e7a fora da \u00e1gua. A correnteza estava muito forte e \u00e1gua muito alta\u201d.<\/span><\/p>\n<p><span>Enquanto a \u00e1gua n\u00e3o parava de subir, Edna subia mais alto no poste at\u00e9 quase chegar na rede el\u00e9trica. Desesperada, ela <\/span><span><strong>orou<\/strong><\/span><span>: \u201cSenhor, me d\u00e1 for\u00e7a, n\u00e3o deixa eu escapar daqui\u201d.<\/span><\/p>\n<blockquote data-instgrm-captioned data-instgrm-permalink=\"https:\/\/www.instagram.com\/reel\/DVOpUfUE_Z3\/?utm_source=ig_embed&#038;utm_campaign=loading\" data-instgrm-version=\"14\"><\/blockquote>\n<p><strong>\u201cPedi pra Deus salvar meu filho\u201d<\/strong><\/p>\n<p><span>Em certo momento, a empres\u00e1ria avistou seu filho agarrado em um port\u00e3o. Os dois gritaram por socorro, enquanto a \u00e1gua arrastava carros, motos e troncos de \u00e1rvore. \u201cPedi pra Deus salvar meu filho\u201d, contou.<\/span><\/p>\n<p><span>O filho foi o primeiro a ser resgatado. Pouco tempo depois, um homem lan\u00e7ou uma corda para Edna. \u201cColoquei debaixo do bra\u00e7o e comecei a sentir esperan\u00e7a\u201d, lembrou ela.<\/span><\/p>\n<p><span>A mulher ficou agarrada ao poste por mais de tr\u00eas horas, lutando para n\u00e3o ser arrastada pela enxurrada. \u201cDeus que me deu for\u00e7a\u201d, declarou.<\/span><\/p>\n<p><span>Ap\u00f3s esse longo per\u00edodo, a \u00e1gua baixou, Edna conseguiu tocar os p\u00e9s no ch\u00e3o e foi resgatada por um vizinho.<\/span><\/p>\n<p><span>O namorado da mulher, Luciano Franklin Fernandes, de 50 anos, foi levado pela correnteza e ainda est\u00e1 desaparecido.<\/span><\/p>\n<p><span>Edna perdeu o seu restaurante, que foi destru\u00eddo pela enchente. \u201cEu tenho cinco fam\u00edlias empregadas, eu n\u00e3o sei como, mas vou tentar come\u00e7ar tudo de novo\u201d, afirmou ela, em l\u00e1grimas.<\/span><\/p>\n<p><strong>Gratid\u00e3o ao Senhor<\/strong><\/p>\n<p><span>A empres\u00e1ria agradeceu ao Senhor por ela e o filho terem sobrevivido. \u201cEu agrade\u00e7o muito a Deus, porque foi Ele quem me salvou, Ele me p\u00f4s naquele poste, sen\u00e3o eu n\u00e3o estaria aqui\u201d, testemunhou.<\/span><\/p>\n<p><span>Em entrevista ao G1, Edna tamb\u00e9m declarou: \u201cFoi um milagre, minha f\u00e9 me salvou. E dentro do poss\u00edvel eu estou tentando me recuperar. Ontem eu j\u00e1 consegui jantar um pouquinho, hoje eu consegui tomar um cafezinho\u201d.<\/span><\/p>\n<blockquote data-instgrm-captioned data-instgrm-permalink=\"https:\/\/www.instagram.com\/reel\/DVOvLOuFTPZ\/?utm_source=ig_embed&#038;utm_campaign=loading\" data-instgrm-version=\"14\"><\/blockquote>\n<\/div>\n","protected":false},"excerpt":{"rendered":"<p>Uma mulher sobreviveu ap\u00f3s ficar agarrada em um poste por mais de tr\u00eas horas durante a enchente que atingiu a cidade de Ub\u00e1, em Minas Gerais. Na segunda-feira (23), Edna Almeida Silva estava dormindo quando foi avisada pelos vizinhos que a \u00e1gua estava invadindo as casas. \u201cEu levantei meio atordoada e fui na janela da sala para olhar a rua. Realmente a rua j\u00e1 devia estar com uns 30 cent\u00edmetros de \u00e1gua\u201d, relatou ela, \u00e0 Record TV. Ela estava na resid\u00eancia com o namorado e o filho. Edna tentou retirar os seus carros da garagem, mas a \u00e1gua j\u00e1 havia entrado nos motores. Ilhados dentro de casa, eles ligaram para os Bombeiros e para a Defesa Civil para pedir socorro. Por\u00e9m, o n\u00edvel da enchente subiu rapidamente e a empres\u00e1ria, de 56 anos, foi levada pela forte correnteza. \u201cEm poucos minutos, a \u00e1gua chegou ao meu pesco\u00e7o. Nessa hora eu pensei: Meu Deus, eu n\u00e3o sei nadar. Tampei o nariz com a m\u00e3o e falei \u2018Senhor, n\u00e3o me deixa morrer afogada\u2019, enquanto procurava ar, tentando sair da \u00e1gua. Foi uma coisa absurda\u201d, lembrou Edna, emocionada. Ela conseguiu se agarrar em um poste. \u201cEu sentia que eu batia em uma coisa, batia em outra. E, de repente, eu senti uma coisa redonda na minha frente e abracei. Eu pensei: Isso \u00e9 um poste, eu n\u00e3o estou dentro da minha casa\u201d, disse. \u201cEu comecei a sentir uns garranchos no meu p\u00e9, aqueles garranchos foram crescendo, fui pisando e serviram de escada para mim, at\u00e9 que eu consegui tirar a cabe\u00e7a fora da \u00e1gua. A correnteza estava muito forte e \u00e1gua muito alta\u201d. Enquanto a \u00e1gua n\u00e3o parava de subir, Edna subia mais alto no poste at\u00e9 quase chegar na rede el\u00e9trica. Desesperada, ela orou: \u201cSenhor, me d\u00e1 for\u00e7a, n\u00e3o deixa eu escapar daqui\u201d. \u201cPedi pra Deus salvar meu filho\u201d Em certo momento, a empres\u00e1ria avistou seu filho agarrado em um port\u00e3o. Os dois gritaram por socorro, enquanto a \u00e1gua arrastava carros, motos e troncos de \u00e1rvore. \u201cPedi pra Deus salvar meu filho\u201d, contou. O filho foi o primeiro a ser resgatado. Pouco tempo depois, um homem lan\u00e7ou uma corda para Edna. \u201cColoquei debaixo do bra\u00e7o e comecei a sentir esperan\u00e7a\u201d, lembrou ela. A mulher ficou agarrada ao poste por mais de tr\u00eas horas, lutando para n\u00e3o ser arrastada pela enxurrada. \u201cDeus que me deu for\u00e7a\u201d, declarou. Ap\u00f3s esse longo per\u00edodo, a \u00e1gua baixou, Edna conseguiu tocar os p\u00e9s no ch\u00e3o e foi resgatada por um vizinho. O namorado da mulher, Luciano Franklin Fernandes, de 50 anos, foi levado pela correnteza e ainda est\u00e1 desaparecido. Edna perdeu o seu restaurante, que foi destru\u00eddo pela enchente. \u201cEu tenho cinco fam\u00edlias empregadas, eu n\u00e3o sei como, mas vou tentar come\u00e7ar tudo de novo\u201d, afirmou ela, em l\u00e1grimas. Gratid\u00e3o ao Senhor A empres\u00e1ria agradeceu ao Senhor por ela e o filho terem sobrevivido. \u201cEu agrade\u00e7o muito a Deus, porque foi Ele quem me salvou, Ele me p\u00f4s naquele poste, sen\u00e3o eu n\u00e3o estaria aqui\u201d, testemunhou. Em entrevista ao G1, Edna tamb\u00e9m declarou: \u201cFoi um milagre, minha f\u00e9 me salvou. E dentro do poss\u00edvel eu estou tentando me recuperar. Ontem eu j\u00e1 consegui jantar um pouquinho, hoje eu consegui tomar um cafezinho\u201d.<\/p>\n","protected":false},"author":1,"featured_media":11180,"comment_status":"closed","ping_status":"closed","sticky":false,"template":"","format":"standard","meta":{"footnotes":""},"categories":[11],"tags":[],"class_list":["post-11179","post","type-post","status-publish","format-standard","has-post-thumbnail","hentry","category-brasil"],"acf":[],"_links":{"self":[{"href":"https:\/\/fabricadescripts.com.br\/igrejas\/IGRE3535\/wp-json\/wp\/v2\/posts\/11179","targetHints":{"allow":["GET"]}}],"collection":[{"href":"https:\/\/fabricadescripts.com.br\/igrejas\/IGRE3535\/wp-json\/wp\/v2\/posts"}],"about":[{"href":"https:\/\/fabricadescripts.com.br\/igrejas\/IGRE3535\/wp-json\/wp\/v2\/types\/post"}],"author":[{"embeddable":true,"href":"https:\/\/fabricadescripts.com.br\/igrejas\/IGRE3535\/wp-json\/wp\/v2\/users\/1"}],"replies":[{"embeddable":true,"href":"https:\/\/fabricadescripts.com.br\/igrejas\/IGRE3535\/wp-json\/wp\/v2\/comments?post=11179"}],"version-history":[{"count":0,"href":"https:\/\/fabricadescripts.com.br\/igrejas\/IGRE3535\/wp-json\/wp\/v2\/posts\/11179\/revisions"}],"wp:featuredmedia":[{"embeddable":true,"href":"https:\/\/fabricadescripts.com.br\/igrejas\/IGRE3535\/wp-json\/wp\/v2\/media\/11180"}],"wp:attachment":[{"href":"https:\/\/fabricadescripts.com.br\/igrejas\/IGRE3535\/wp-json\/wp\/v2\/media?parent=11179"}],"wp:term":[{"taxonomy":"category","embeddable":true,"href":"https:\/\/fabricadescripts.com.br\/igrejas\/IGRE3535\/wp-json\/wp\/v2\/categories?post=11179"},{"taxonomy":"post_tag","embeddable":true,"href":"https:\/\/fabricadescripts.com.br\/igrejas\/IGRE3535\/wp-json\/wp\/v2\/tags?post=11179"}],"curies":[{"name":"wp","href":"https:\/\/api.w.org\/{rel}","templated":true}]}}