{"id":11126,"date":"2026-02-24T12:42:40","date_gmt":"2026-02-24T15:42:40","guid":{"rendered":"https:\/\/fabricadescripts.com.br\/igrejas\/IGRE3535\/afegao-armado-com-faca-ataca-estande-das-testemunha-de-jeova-em-estacao-da-alemanha\/"},"modified":"2026-02-24T12:42:40","modified_gmt":"2026-02-24T15:42:40","slug":"afegao-armado-com-faca-ataca-estande-das-testemunha-de-jeova-em-estacao-da-alemanha","status":"publish","type":"post","link":"https:\/\/fabricadescripts.com.br\/igrejas\/IGRE3535\/afegao-armado-com-faca-ataca-estande-das-testemunha-de-jeova-em-estacao-da-alemanha\/","title":{"rendered":"Afeg\u00e3o armado com faca ataca estande das Testemunha de Jeov\u00e1 em esta\u00e7\u00e3o da Alemanha"},"content":{"rendered":"<div>\n<p>Um afeg\u00e3o armado com uma faca atacou v\u00e1rias pessoas em um estande das Testemunhas de Jeov\u00e1 em uma esta\u00e7\u00e3o de trem na <span><strong>Alemanha<\/strong><\/span>.<\/p>\n<p>O agressor, de 35 anos, foi contido por civis que agiram com bravura na Esta\u00e7\u00e3o Central de W\u00fcrzburg, correndo para socorrer as v\u00edtimas.<\/p>\n<p>A pol\u00edcia trata o caso como tentativa de homic\u00eddio e prendeu um suspeito relacionado ao ataque, que permanece sob cust\u00f3dia.<\/p>\n<p>Segundo relatos da Pol\u00edcia da Baviera, o suspeito estava no sagu\u00e3o da esta\u00e7\u00e3o por volta das 7h50. A cidade de W\u00fcrzburg fica no centro da Alemanha, a leste de Frankfurt, no estado da Baviera.<\/p>\n<p>Segundo a pol\u00edcia, ele se aproximou do estande das <span><strong>Testemunhas de Jeov\u00e1<\/strong><\/span>, esfaqueou um homem de 68 anos e agrediu fisicamente outros dois, de 55 e 51 anos.<\/p>\n<p>Um porta-voz da Pol\u00edcia da Baviera afirmou: \u201cV\u00e1rios transeuntes, entre eles um policial \u00e0 paisana, intervieram imediatamente e conseguiram dominar o homem de 35 anos.\u201d<\/p>\n<p><strong>Suspeito preso<\/strong><\/p>\n<p>Uma equipe da Pol\u00edcia Federal chegou pouco depois da primeira chamada de emerg\u00eancia e conseguiu efetuar a deten\u00e7\u00e3o provis\u00f3ria do suspeito.<\/p>\n<p>V\u00e1rias viaturas da pol\u00edcia de W\u00fcrzburg tamb\u00e9m atenderam rapidamente \u00e0 ocorr\u00eancia.<\/p>\n<p>A pol\u00edcia confirmou que tr\u00eas das pessoas atacadas pelo suspeito sofreram ferimentos leves. Nenhuma delas teve cortes ou foi esfaqueada e todas est\u00e3o recebendo atendimento m\u00e9dico das equipes de emerg\u00eancia.<\/p>\n<p>A \u00e1rea foi isolada e a Pol\u00edcia Criminal de W\u00fcrzburg deu in\u00edcio \u00e0s investiga\u00e7\u00f5es no local.<\/p>\n<p><strong>Testemunhas de Jeov\u00e1<\/strong><\/p>\n<p>As Testemunhas de Jeov\u00e1 s\u00e3o uma denomina\u00e7\u00e3o crist\u00e3 conhecida pelo evangelismo de porta em porta, pela prega\u00e7\u00e3o p\u00fablica e por cren\u00e7as rigorosamente baseadas na B\u00edblia.<\/p>\n<p>Fundada nos EUA no final do s\u00e9culo XIX, a comunidade religiosa foi proibida durante o regime nazista. Atualmente, conta com cerca de oito milh\u00f5es de membros em todo o mundo.<\/p>\n<p>A pol\u00edcia est\u00e1 recolhendo imagens de CCTV das principais c\u00e2meras da esta\u00e7\u00e3o de trem, e o apartamento do suspeito de 35 anos est\u00e1 sendo alvo de buscas.<\/p>\n<p>Testemunhas que estavam na \u00e1rea tamb\u00e9m est\u00e3o sendo ouvidas pela pol\u00edcia, que questiona se algu\u00e9m percebeu a presen\u00e7a do suspeito antes do ataque ou na regi\u00e3o pr\u00f3xima da Kaiserstra\u00dfe.<\/p>\n<p>A pol\u00edcia tamb\u00e9m investiga as \u201cexclama\u00e7\u00f5es\u201d e os \u201cgestos\u201d feitos pelo homem durante o ataque.<\/p>\n<p>Segundo um porta-voz da pol\u00edcia, os servi\u00e7os ferrovi\u00e1rios locais n\u00e3o foram afetados pelo ataque.<\/p>\n<p>A pol\u00edcia local, a Polizei Unterfranken, informou que, ap\u00f3s a pris\u00e3o, \u201cno momento n\u00e3o h\u00e1 perigo para a popula\u00e7\u00e3o.\u201d<\/p>\n<p><strong>Caso anterior<\/strong><\/p>\n<p>O ataque remete a outro esfaqueamento ocorrido em W\u00fcrzburg em junho de 2021, quando um refugiado com transtornos mentais matou tr\u00eas mulheres e feriu outras nove ao atacar indiscriminadamente pedestres no centro da cidade.<\/p>\n<p>As autoridades alem\u00e3s bloquearam, em novembro de 2025, a deporta\u00e7\u00e3o do agressor somali Abdirahman Jibril por temerem que ele pudesse retornar da Som\u00e1lia \u00e0 Alemanha sem supervis\u00e3o e voltar a cometer crimes violentos, informou o Brussels Signal.<\/p>\n<p>Ele matou tr\u00eas mulheres, de 25, 49 e 82 anos, durante ataques aleat\u00f3rios em 25 de junho de 2021. Segundo o Hiraan Online, uma das v\u00edtimas esfaqueadas at\u00e9 a morte tentava proteger a filha de 11 anos do agressor.<\/p>\n<p>Relatos locais da \u00e9poca afirmam que ele gritou \u201cAllahu Akbar\u201d enquanto esfaqueava as mulheres.<\/p>\n<\/div>\n","protected":false},"excerpt":{"rendered":"<p>Um afeg\u00e3o armado com uma faca atacou v\u00e1rias pessoas em um estande das Testemunhas de Jeov\u00e1 em uma esta\u00e7\u00e3o de trem na Alemanha. O agressor, de 35 anos, foi contido por civis que agiram com bravura na Esta\u00e7\u00e3o Central de W\u00fcrzburg, correndo para socorrer as v\u00edtimas. A pol\u00edcia trata o caso como tentativa de homic\u00eddio e prendeu um suspeito relacionado ao ataque, que permanece sob cust\u00f3dia. Segundo relatos da Pol\u00edcia da Baviera, o suspeito estava no sagu\u00e3o da esta\u00e7\u00e3o por volta das 7h50. A cidade de W\u00fcrzburg fica no centro da Alemanha, a leste de Frankfurt, no estado da Baviera. Segundo a pol\u00edcia, ele se aproximou do estande das Testemunhas de Jeov\u00e1, esfaqueou um homem de 68 anos e agrediu fisicamente outros dois, de 55 e 51 anos. Um porta-voz da Pol\u00edcia da Baviera afirmou: \u201cV\u00e1rios transeuntes, entre eles um policial \u00e0 paisana, intervieram imediatamente e conseguiram dominar o homem de 35 anos.\u201d Suspeito preso Uma equipe da Pol\u00edcia Federal chegou pouco depois da primeira chamada de emerg\u00eancia e conseguiu efetuar a deten\u00e7\u00e3o provis\u00f3ria do suspeito. V\u00e1rias viaturas da pol\u00edcia de W\u00fcrzburg tamb\u00e9m atenderam rapidamente \u00e0 ocorr\u00eancia. A pol\u00edcia confirmou que tr\u00eas das pessoas atacadas pelo suspeito sofreram ferimentos leves. Nenhuma delas teve cortes ou foi esfaqueada e todas est\u00e3o recebendo atendimento m\u00e9dico das equipes de emerg\u00eancia. A \u00e1rea foi isolada e a Pol\u00edcia Criminal de W\u00fcrzburg deu in\u00edcio \u00e0s investiga\u00e7\u00f5es no local. Testemunhas de Jeov\u00e1 As Testemunhas de Jeov\u00e1 s\u00e3o uma denomina\u00e7\u00e3o crist\u00e3 conhecida pelo evangelismo de porta em porta, pela prega\u00e7\u00e3o p\u00fablica e por cren\u00e7as rigorosamente baseadas na B\u00edblia. Fundada nos EUA no final do s\u00e9culo XIX, a comunidade religiosa foi proibida durante o regime nazista. Atualmente, conta com cerca de oito milh\u00f5es de membros em todo o mundo. A pol\u00edcia est\u00e1 recolhendo imagens de CCTV das principais c\u00e2meras da esta\u00e7\u00e3o de trem, e o apartamento do suspeito de 35 anos est\u00e1 sendo alvo de buscas. Testemunhas que estavam na \u00e1rea tamb\u00e9m est\u00e3o sendo ouvidas pela pol\u00edcia, que questiona se algu\u00e9m percebeu a presen\u00e7a do suspeito antes do ataque ou na regi\u00e3o pr\u00f3xima da Kaiserstra\u00dfe. A pol\u00edcia tamb\u00e9m investiga as \u201cexclama\u00e7\u00f5es\u201d e os \u201cgestos\u201d feitos pelo homem durante o ataque. Segundo um porta-voz da pol\u00edcia, os servi\u00e7os ferrovi\u00e1rios locais n\u00e3o foram afetados pelo ataque. A pol\u00edcia local, a Polizei Unterfranken, informou que, ap\u00f3s a pris\u00e3o, \u201cno momento n\u00e3o h\u00e1 perigo para a popula\u00e7\u00e3o.\u201d Caso anterior O ataque remete a outro esfaqueamento ocorrido em W\u00fcrzburg em junho de 2021, quando um refugiado com transtornos mentais matou tr\u00eas mulheres e feriu outras nove ao atacar indiscriminadamente pedestres no centro da cidade. As autoridades alem\u00e3s bloquearam, em novembro de 2025, a deporta\u00e7\u00e3o do agressor somali Abdirahman Jibril por temerem que ele pudesse retornar da Som\u00e1lia \u00e0 Alemanha sem supervis\u00e3o e voltar a cometer crimes violentos, informou o Brussels Signal. Ele matou tr\u00eas mulheres, de 25, 49 e 82 anos, durante ataques aleat\u00f3rios em 25 de junho de 2021. Segundo o Hiraan Online, uma das v\u00edtimas esfaqueadas at\u00e9 a morte tentava proteger a filha de 11 anos do agressor. Relatos locais da \u00e9poca afirmam que ele gritou \u201cAllahu Akbar\u201d enquanto esfaqueava as mulheres.<\/p>\n","protected":false},"author":1,"featured_media":11127,"comment_status":"closed","ping_status":"closed","sticky":false,"template":"","format":"standard","meta":{"footnotes":""},"categories":[11],"tags":[],"class_list":["post-11126","post","type-post","status-publish","format-standard","has-post-thumbnail","hentry","category-brasil"],"acf":[],"_links":{"self":[{"href":"https:\/\/fabricadescripts.com.br\/igrejas\/IGRE3535\/wp-json\/wp\/v2\/posts\/11126","targetHints":{"allow":["GET"]}}],"collection":[{"href":"https:\/\/fabricadescripts.com.br\/igrejas\/IGRE3535\/wp-json\/wp\/v2\/posts"}],"about":[{"href":"https:\/\/fabricadescripts.com.br\/igrejas\/IGRE3535\/wp-json\/wp\/v2\/types\/post"}],"author":[{"embeddable":true,"href":"https:\/\/fabricadescripts.com.br\/igrejas\/IGRE3535\/wp-json\/wp\/v2\/users\/1"}],"replies":[{"embeddable":true,"href":"https:\/\/fabricadescripts.com.br\/igrejas\/IGRE3535\/wp-json\/wp\/v2\/comments?post=11126"}],"version-history":[{"count":0,"href":"https:\/\/fabricadescripts.com.br\/igrejas\/IGRE3535\/wp-json\/wp\/v2\/posts\/11126\/revisions"}],"wp:featuredmedia":[{"embeddable":true,"href":"https:\/\/fabricadescripts.com.br\/igrejas\/IGRE3535\/wp-json\/wp\/v2\/media\/11127"}],"wp:attachment":[{"href":"https:\/\/fabricadescripts.com.br\/igrejas\/IGRE3535\/wp-json\/wp\/v2\/media?parent=11126"}],"wp:term":[{"taxonomy":"category","embeddable":true,"href":"https:\/\/fabricadescripts.com.br\/igrejas\/IGRE3535\/wp-json\/wp\/v2\/categories?post=11126"},{"taxonomy":"post_tag","embeddable":true,"href":"https:\/\/fabricadescripts.com.br\/igrejas\/IGRE3535\/wp-json\/wp\/v2\/tags?post=11126"}],"curies":[{"name":"wp","href":"https:\/\/api.w.org\/{rel}","templated":true}]}}