{"id":11114,"date":"2026-02-23T11:22:49","date_gmt":"2026-02-23T14:22:49","guid":{"rendered":"https:\/\/fabricadescripts.com.br\/igrejas\/IGRE3535\/avo-grava-biblia-toda-em-audio-para-deixar-para-os-netos-espero-que-isso-os-leve-a-jesus\/"},"modified":"2026-02-23T11:22:49","modified_gmt":"2026-02-23T14:22:49","slug":"avo-grava-biblia-toda-em-audio-para-deixar-para-os-netos-espero-que-isso-os-leve-a-jesus","status":"publish","type":"post","link":"https:\/\/fabricadescripts.com.br\/igrejas\/IGRE3535\/avo-grava-biblia-toda-em-audio-para-deixar-para-os-netos-espero-que-isso-os-leve-a-jesus\/","title":{"rendered":"Av\u00f4 grava B\u00edblia toda em \u00e1udio para deixar para os netos: \u201cEspero que isso os leve a Jesus\u201d"},"content":{"rendered":"<div>\n<p><span>Nos Estados Unidos, um av\u00f4 decidiu deixar um legado de f\u00e9 para a fam\u00edlia: ele gravou toda a <\/span><span><strong>B\u00edblia em \u00e1udio<\/strong><\/span><span> e deu a grava\u00e7\u00e3o de presente para os cinco netos.<\/span><\/p>\n<p><span>Johann Klaassen, de 71 anos, morador de Brinnon, Washington, disse que a ideia surgiu depois que seu neto demonstrou interesse por assuntos espirituais.\u00a0<\/span><\/p>\n<p><span>&#8220;Pensei: \u2018Se eu gravasse a B\u00edblia, poderia dar para ele, e ele teria a voz do av\u00f4 para sempre. Estamos aqui por pouco tempo, ent\u00e3o o que podemos deixar?&#8221;, disse Johann \u00e0 CBN News.\u00a0<\/span><\/p>\n<p><span>O av\u00f4 seguiu o plano \u201cLer a B\u00edblia em um Ano\u201d e come\u00e7ou as grava\u00e7\u00f5es em 1\u00ba de janeiro de 2025. Utilizando um gravador port\u00e1til, Johann registrou diariamente a leitura das Escrituras.<\/span><\/p>\n<p><span>\u201cGravei todos os dias\u201d, contou ele. Apesar da disciplina, o av\u00f4 enfrentou momentos dif\u00edceis: \u201cNa maioria dos dias eu estava disposto, mas houve alguns dias em que lutei, pensando: &#8216;Preciso continuar fazendo isso, continuar lendo&#8217;. E continue porque sabia que queria terminar de ler a B\u00edblia&#8221;.<\/span><\/p>\n<p><strong>Legado para a fam\u00edlia\u00a0<\/strong><\/p>\n<p><span>Ao final do projeto, Johann reuniu mais de 500 arquivos em MP3, armazenou o conte\u00fado em pen drives coloridos, embrulhou-os para presente e entregou aos netos no Natal: &#8220;Eles adoraram. Eles estavam super animados\u201d.<\/span><\/p>\n<p><span>Embora ame toda a Palavra de Deus, a grava\u00e7\u00e3o favorita de Johann foi a do Serm\u00e3o da Montanha de Jesus, descrita em Mateus 7:<\/span><\/p>\n<p><span>&#8220;\u2019N\u00e3o julgueis para que n\u00e3o sejais julgados\u2019. Acredito que n\u00f3s, como seres humanos, temos essa tend\u00eancia. Penso que se f\u00f4ssemos mais tolerantes e amorosos uns com os outros, o mundo seria um lugar melhor&#8221;, disse Johann.<\/span><\/p>\n<blockquote data-instgrm-permalink=\"https:\/\/www.instagram.com\/p\/DS2u2BtkbsC\/?utm_source=ig_embed&#038;utm_campaign=loading\" data-instgrm-version=\"14\"><\/blockquote>\n<p><span>O av\u00f4 espera que o dom da Palavra de Deus tenha um <\/span><span><strong>impacto duradouro em sua fam\u00edlia<\/strong><\/span><span> e alcance outras vidas:<\/span><\/p>\n<p><span>&#8220;Espero que eles ou\u00e7am. Espero que isso lhes d\u00ea for\u00e7a e os leve de volta \u00e0 igreja e \u00e0 f\u00e9 em Jesus&#8221;, afirmou ele.<\/span><\/p>\n<p><span>O caso repercutiu nas redes sociais e inspirou muitas pessoas com o legado de f\u00e9 de Johann.<\/span><\/p>\n<p><span>Sobre esse impacto, ele disse: &#8220;O poder de Cristo. O poder do Esp\u00edrito Santo. Os caminhos de Deus s\u00e3o misteriosos, e este \u00e9 um mist\u00e9rio e tanto&#8221;.<\/span><\/p>\n<\/div>\n","protected":false},"excerpt":{"rendered":"<p>Nos Estados Unidos, um av\u00f4 decidiu deixar um legado de f\u00e9 para a fam\u00edlia: ele gravou toda a B\u00edblia em \u00e1udio e deu a grava\u00e7\u00e3o de presente para os cinco netos. Johann Klaassen, de 71 anos, morador de Brinnon, Washington, disse que a ideia surgiu depois que seu neto demonstrou interesse por assuntos espirituais.\u00a0 &#8220;Pensei: \u2018Se eu gravasse a B\u00edblia, poderia dar para ele, e ele teria a voz do av\u00f4 para sempre. Estamos aqui por pouco tempo, ent\u00e3o o que podemos deixar?&#8221;, disse Johann \u00e0 CBN News.\u00a0 O av\u00f4 seguiu o plano \u201cLer a B\u00edblia em um Ano\u201d e come\u00e7ou as grava\u00e7\u00f5es em 1\u00ba de janeiro de 2025. Utilizando um gravador port\u00e1til, Johann registrou diariamente a leitura das Escrituras. \u201cGravei todos os dias\u201d, contou ele. Apesar da disciplina, o av\u00f4 enfrentou momentos dif\u00edceis: \u201cNa maioria dos dias eu estava disposto, mas houve alguns dias em que lutei, pensando: &#8216;Preciso continuar fazendo isso, continuar lendo&#8217;. E continue porque sabia que queria terminar de ler a B\u00edblia&#8221;. Legado para a fam\u00edlia\u00a0 Ao final do projeto, Johann reuniu mais de 500 arquivos em MP3, armazenou o conte\u00fado em pen drives coloridos, embrulhou-os para presente e entregou aos netos no Natal: &#8220;Eles adoraram. Eles estavam super animados\u201d. Embora ame toda a Palavra de Deus, a grava\u00e7\u00e3o favorita de Johann foi a do Serm\u00e3o da Montanha de Jesus, descrita em Mateus 7: &#8220;\u2019N\u00e3o julgueis para que n\u00e3o sejais julgados\u2019. Acredito que n\u00f3s, como seres humanos, temos essa tend\u00eancia. Penso que se f\u00f4ssemos mais tolerantes e amorosos uns com os outros, o mundo seria um lugar melhor&#8221;, disse Johann. O av\u00f4 espera que o dom da Palavra de Deus tenha um impacto duradouro em sua fam\u00edlia e alcance outras vidas: &#8220;Espero que eles ou\u00e7am. Espero que isso lhes d\u00ea for\u00e7a e os leve de volta \u00e0 igreja e \u00e0 f\u00e9 em Jesus&#8221;, afirmou ele. O caso repercutiu nas redes sociais e inspirou muitas pessoas com o legado de f\u00e9 de Johann. Sobre esse impacto, ele disse: &#8220;O poder de Cristo. O poder do Esp\u00edrito Santo. Os caminhos de Deus s\u00e3o misteriosos, e este \u00e9 um mist\u00e9rio e tanto&#8221;.<\/p>\n","protected":false},"author":1,"featured_media":11115,"comment_status":"closed","ping_status":"closed","sticky":false,"template":"","format":"standard","meta":{"footnotes":""},"categories":[12],"tags":[],"class_list":["post-11114","post","type-post","status-publish","format-standard","has-post-thumbnail","hentry","category-mundo-cristao"],"acf":[],"_links":{"self":[{"href":"https:\/\/fabricadescripts.com.br\/igrejas\/IGRE3535\/wp-json\/wp\/v2\/posts\/11114","targetHints":{"allow":["GET"]}}],"collection":[{"href":"https:\/\/fabricadescripts.com.br\/igrejas\/IGRE3535\/wp-json\/wp\/v2\/posts"}],"about":[{"href":"https:\/\/fabricadescripts.com.br\/igrejas\/IGRE3535\/wp-json\/wp\/v2\/types\/post"}],"author":[{"embeddable":true,"href":"https:\/\/fabricadescripts.com.br\/igrejas\/IGRE3535\/wp-json\/wp\/v2\/users\/1"}],"replies":[{"embeddable":true,"href":"https:\/\/fabricadescripts.com.br\/igrejas\/IGRE3535\/wp-json\/wp\/v2\/comments?post=11114"}],"version-history":[{"count":0,"href":"https:\/\/fabricadescripts.com.br\/igrejas\/IGRE3535\/wp-json\/wp\/v2\/posts\/11114\/revisions"}],"wp:featuredmedia":[{"embeddable":true,"href":"https:\/\/fabricadescripts.com.br\/igrejas\/IGRE3535\/wp-json\/wp\/v2\/media\/11115"}],"wp:attachment":[{"href":"https:\/\/fabricadescripts.com.br\/igrejas\/IGRE3535\/wp-json\/wp\/v2\/media?parent=11114"}],"wp:term":[{"taxonomy":"category","embeddable":true,"href":"https:\/\/fabricadescripts.com.br\/igrejas\/IGRE3535\/wp-json\/wp\/v2\/categories?post=11114"},{"taxonomy":"post_tag","embeddable":true,"href":"https:\/\/fabricadescripts.com.br\/igrejas\/IGRE3535\/wp-json\/wp\/v2\/tags?post=11114"}],"curies":[{"name":"wp","href":"https:\/\/api.w.org\/{rel}","templated":true}]}}