{"id":11102,"date":"2026-02-22T11:05:35","date_gmt":"2026-02-22T14:05:35","guid":{"rendered":"https:\/\/fabricadescripts.com.br\/igrejas\/IGRE3535\/2a-temporada-de-casa-de-davi-estreia-em-marco-no-prime-video\/"},"modified":"2026-02-22T11:05:35","modified_gmt":"2026-02-22T14:05:35","slug":"2a-temporada-de-casa-de-davi-estreia-em-marco-no-prime-video","status":"publish","type":"post","link":"https:\/\/fabricadescripts.com.br\/igrejas\/IGRE3535\/2a-temporada-de-casa-de-davi-estreia-em-marco-no-prime-video\/","title":{"rendered":"2\u00aa temporada de \u201cCasa de Davi\u201d estreia em mar\u00e7o no Prime Video"},"content":{"rendered":"<div>\n<p><span>O Prime Video anunciou oficialmente a data de lan\u00e7amento da segunda temporada de \u201c<\/span><span><strong>Casa de Davi<\/strong><\/span><span>\u201d os novos epis\u00f3dios chegam \u00e0 plataforma em 27 de mar\u00e7o de 2026.<\/span><\/p>\n<p><span>Diferente do modelo adotado por muitas produ\u00e7\u00f5es, a s\u00e9rie ser\u00e1 disponibilizada com todos os epis\u00f3dios liberados na data da estreia.<\/span><\/p>\n<p><span>A estrat\u00e9gia marca uma mudan\u00e7a em rela\u00e7\u00e3o a lan\u00e7amentos semanais e refor\u00e7a a aposta do streaming em maratonas, formato cada vez mais popular entre os assinantes.<\/span><\/p>\n<blockquote data-instgrm-permalink=\"https:\/\/www.instagram.com\/p\/DU8hKwnDtoD\/?utm_source=ig_embed&#038;utm_campaign=loading\" data-instgrm-version=\"14\"><\/blockquote>\n<p><span>\u201c\u00c0 medida que Israel se aproxima do colapso com o decl\u00ednio do reinado de Saul, Davi ascende de pastor a guerreiro, dividido entre a lealdade e o destino, enquanto a Idade do Ferro transforma a guerra. Com fam\u00edlias fragmentadas, amores proibidos surgindo e alian\u00e7as se desfazendo, f\u00e9 e poder colidem em uma luta que decidir\u00e1 o futuro de Israel\u201d, diz a sinopse.<\/span><\/p>\n<p><span>Interpretado por <\/span><span><strong>Michael Iskander<\/strong><\/span><span>, o protagonista enfrenta desafios pessoais e militares enquanto se aproxima do destino que o conduzir\u00e1 ao trono. Paralelamente, a narrativa acompanha a queda gradual de Saul, marcada por orgulho, decis\u00f5es controversas e tens\u00f5es que impactam o futuro do reino.<\/span><\/p>\n<p><strong>\u2018Ser\u00e1 maior e mais profunda\u2019<\/strong><\/p>\n<p><span>No Instagram, Michael compartilhou a data de lan\u00e7amento da segunda temporada e comemorou:<\/span><\/p>\n<p><span>\u201cO grande dia finalmente chegou! Mal posso esperar para que voc\u00eas assistam a esta temporada\u201d.\u00a0<\/span><\/p>\n<blockquote data-instgrm-permalink=\"https:\/\/www.instagram.com\/p\/DN6O2ijkWxd\/?utm_source=ig_embed&#038;utm_campaign=loading\" data-instgrm-version=\"14\"><\/blockquote>\n<p><span>Em seguida, o ator deu detalhes sobre a temporada: \u201cEla \u00e9 maior, mais profunda e repleta de a\u00e7\u00e3o, romance, decep\u00e7\u00f5es amorosas, amizade, m\u00fasica e, no centro de tudo, um jovem aprendendo o que significa amar e confiar em Deus de todo o cora\u00e7\u00e3o\u201d.<\/span><\/p>\n<p><span>\u201cFoi uma honra retornar \u00e0 jornada de David e estou muito animado para que voc\u00eas vejam para onde a hist\u00f3ria vai a seguir\u201d, concluiu.<\/span><\/p>\n<p><span>O Prime Video anunciou oficialmente a segunda temporada de Casa de Davi com apenas 3 semanas ap\u00f3s a estreia da s\u00e9rie.<\/span><\/p>\n<p><span>A produ\u00e7\u00e3o foi lan\u00e7ada em 27 de fevereiro de 2025 com tr\u00eas epis\u00f3dios e atraiu 22 milh\u00f5es de espectadores nos primeiros 17 dias e ficou entre as 10 principais estreias de novas s\u00e9ries nos EUA.<\/span><\/p>\n<p><span>Na \u00e9poca, o ator Michael relatou: \u201cTer a oportunidade de viver isso e mergulhar fundo na hist\u00f3ria \u00e9 incr\u00edvel. Sabe, eu orei e jejuei para gravar a s\u00e9rie. H\u00e1 um texto de Prov\u00e9rbios que diz para confiar no Senhor com todo o seu cora\u00e7\u00e3o e n\u00e3o se apoiar em seu pr\u00f3prio entendimento. Basta que reconhe\u00e7amos o Senhor em todos os seus caminhos, e Ele vir\u00e1\u201d.<\/span><\/p>\n<p><span>Conforme ele, algumas cenas eram t\u00e3o intensas que os atores terminaram de gravar e choravam sentindo a presen\u00e7a de Deus: \u201c<\/span><strong>O Esp\u00edrito Santo se movia no ambiente<\/strong><span>. \u00c9 incompar\u00e1vel\u201d.<\/span><\/p>\n<\/div>\n","protected":false},"excerpt":{"rendered":"<p>O Prime Video anunciou oficialmente a data de lan\u00e7amento da segunda temporada de \u201cCasa de Davi\u201d os novos epis\u00f3dios chegam \u00e0 plataforma em 27 de mar\u00e7o de 2026. Diferente do modelo adotado por muitas produ\u00e7\u00f5es, a s\u00e9rie ser\u00e1 disponibilizada com todos os epis\u00f3dios liberados na data da estreia. A estrat\u00e9gia marca uma mudan\u00e7a em rela\u00e7\u00e3o a lan\u00e7amentos semanais e refor\u00e7a a aposta do streaming em maratonas, formato cada vez mais popular entre os assinantes. \u201c\u00c0 medida que Israel se aproxima do colapso com o decl\u00ednio do reinado de Saul, Davi ascende de pastor a guerreiro, dividido entre a lealdade e o destino, enquanto a Idade do Ferro transforma a guerra. Com fam\u00edlias fragmentadas, amores proibidos surgindo e alian\u00e7as se desfazendo, f\u00e9 e poder colidem em uma luta que decidir\u00e1 o futuro de Israel\u201d, diz a sinopse. Interpretado por Michael Iskander, o protagonista enfrenta desafios pessoais e militares enquanto se aproxima do destino que o conduzir\u00e1 ao trono. Paralelamente, a narrativa acompanha a queda gradual de Saul, marcada por orgulho, decis\u00f5es controversas e tens\u00f5es que impactam o futuro do reino. \u2018Ser\u00e1 maior e mais profunda\u2019 No Instagram, Michael compartilhou a data de lan\u00e7amento da segunda temporada e comemorou: \u201cO grande dia finalmente chegou! Mal posso esperar para que voc\u00eas assistam a esta temporada\u201d.\u00a0 Em seguida, o ator deu detalhes sobre a temporada: \u201cEla \u00e9 maior, mais profunda e repleta de a\u00e7\u00e3o, romance, decep\u00e7\u00f5es amorosas, amizade, m\u00fasica e, no centro de tudo, um jovem aprendendo o que significa amar e confiar em Deus de todo o cora\u00e7\u00e3o\u201d. \u201cFoi uma honra retornar \u00e0 jornada de David e estou muito animado para que voc\u00eas vejam para onde a hist\u00f3ria vai a seguir\u201d, concluiu. O Prime Video anunciou oficialmente a segunda temporada de Casa de Davi com apenas 3 semanas ap\u00f3s a estreia da s\u00e9rie. A produ\u00e7\u00e3o foi lan\u00e7ada em 27 de fevereiro de 2025 com tr\u00eas epis\u00f3dios e atraiu 22 milh\u00f5es de espectadores nos primeiros 17 dias e ficou entre as 10 principais estreias de novas s\u00e9ries nos EUA. Na \u00e9poca, o ator Michael relatou: \u201cTer a oportunidade de viver isso e mergulhar fundo na hist\u00f3ria \u00e9 incr\u00edvel. Sabe, eu orei e jejuei para gravar a s\u00e9rie. H\u00e1 um texto de Prov\u00e9rbios que diz para confiar no Senhor com todo o seu cora\u00e7\u00e3o e n\u00e3o se apoiar em seu pr\u00f3prio entendimento. Basta que reconhe\u00e7amos o Senhor em todos os seus caminhos, e Ele vir\u00e1\u201d. Conforme ele, algumas cenas eram t\u00e3o intensas que os atores terminaram de gravar e choravam sentindo a presen\u00e7a de Deus: \u201cO Esp\u00edrito Santo se movia no ambiente. \u00c9 incompar\u00e1vel\u201d.<\/p>\n","protected":false},"author":1,"featured_media":11103,"comment_status":"closed","ping_status":"closed","sticky":false,"template":"","format":"standard","meta":{"footnotes":""},"categories":[12],"tags":[],"class_list":["post-11102","post","type-post","status-publish","format-standard","has-post-thumbnail","hentry","category-mundo-cristao"],"acf":[],"_links":{"self":[{"href":"https:\/\/fabricadescripts.com.br\/igrejas\/IGRE3535\/wp-json\/wp\/v2\/posts\/11102","targetHints":{"allow":["GET"]}}],"collection":[{"href":"https:\/\/fabricadescripts.com.br\/igrejas\/IGRE3535\/wp-json\/wp\/v2\/posts"}],"about":[{"href":"https:\/\/fabricadescripts.com.br\/igrejas\/IGRE3535\/wp-json\/wp\/v2\/types\/post"}],"author":[{"embeddable":true,"href":"https:\/\/fabricadescripts.com.br\/igrejas\/IGRE3535\/wp-json\/wp\/v2\/users\/1"}],"replies":[{"embeddable":true,"href":"https:\/\/fabricadescripts.com.br\/igrejas\/IGRE3535\/wp-json\/wp\/v2\/comments?post=11102"}],"version-history":[{"count":0,"href":"https:\/\/fabricadescripts.com.br\/igrejas\/IGRE3535\/wp-json\/wp\/v2\/posts\/11102\/revisions"}],"wp:featuredmedia":[{"embeddable":true,"href":"https:\/\/fabricadescripts.com.br\/igrejas\/IGRE3535\/wp-json\/wp\/v2\/media\/11103"}],"wp:attachment":[{"href":"https:\/\/fabricadescripts.com.br\/igrejas\/IGRE3535\/wp-json\/wp\/v2\/media?parent=11102"}],"wp:term":[{"taxonomy":"category","embeddable":true,"href":"https:\/\/fabricadescripts.com.br\/igrejas\/IGRE3535\/wp-json\/wp\/v2\/categories?post=11102"},{"taxonomy":"post_tag","embeddable":true,"href":"https:\/\/fabricadescripts.com.br\/igrejas\/IGRE3535\/wp-json\/wp\/v2\/tags?post=11102"}],"curies":[{"name":"wp","href":"https:\/\/api.w.org\/{rel}","templated":true}]}}