{"id":11100,"date":"2026-02-22T11:05:36","date_gmt":"2026-02-22T14:05:36","guid":{"rendered":"https:\/\/fabricadescripts.com.br\/igrejas\/IGRE3535\/pastor-orienta-como-reagir-a-lutas-espirituais-nao-enfrente-a-batalha-sozinho\/"},"modified":"2026-02-22T11:05:36","modified_gmt":"2026-02-22T14:05:36","slug":"pastor-orienta-como-reagir-a-lutas-espirituais-nao-enfrente-a-batalha-sozinho","status":"publish","type":"post","link":"https:\/\/fabricadescripts.com.br\/igrejas\/IGRE3535\/pastor-orienta-como-reagir-a-lutas-espirituais-nao-enfrente-a-batalha-sozinho\/","title":{"rendered":"Pastor orienta como reagir a lutas espirituais: \u201cN\u00e3o enfrente a batalha sozinho\u201d"},"content":{"rendered":"<div>\n<p><span>O pastor <\/span><span><strong>Joel Engel<\/strong><\/span><span> aplicou a mensagem do livro de Ester como um \u201cmapa\u201d para quem est\u00e1 enfrentando lutas e \u201cdecretos\u201d que tentam paralisar a vida.<\/span><\/p>\n<p><span>Nesta ter\u00e7a-feira (17), ele lembrou que estamos no m\u00eas de Adar, segundo o calend\u00e1rio b\u00edblico judaico.<\/span><\/p>\n<p><span>Adar \u00e9 conhecido principalmente por ser o m\u00eas da festa de Purim, que celebra a hist\u00f3ria do livro de Ester \u2014 quando o povo judeu foi salvo de um decreto de morte no Imp\u00e9rio Persa. Por causa disso, na tradi\u00e7\u00e3o judaica, Adar \u00e9 considerado o m\u00eas da alegria.<\/span><\/p>\n<p><span>\u201cEste \u00e9 o m\u00eas da alegria, \u00e9 o m\u00eas da celebra\u00e7\u00e3o, da revers\u00e3o\u201d, afirmou o pastor.<\/span><\/p>\n<p><span>Com base na hist\u00f3ria de Ester, ele aplicou alguns ensinos pr\u00e1ticos:<\/span><\/p>\n<p><strong>N\u00e3o encare batalhas sozinho<\/strong><\/p>\n<p><span>Engel ensina que guerras espirituais n\u00e3o devem ser enfrentadas em isolamento.\u00a0<\/span><\/p>\n<p><span>\u201cN\u00e3o entre numa batalha espiritual sem seu l\u00edder espiritual\u201d, aconselha. \u201c\u00c9 importante ter uma cobertura de ora\u00e7\u00e3o, ter um povo orando por voc\u00ea\u201d.\u00a0<\/span><\/p>\n<p><span>Joel Engel tamb\u00e9m incentivou os crist\u00e3os a reagirem com f\u00e9 diante de \u201cdecretos\u201d contr\u00e1rios \u2014 como diagn\u00f3sticos, prazos e amea\u00e7as.<\/span><\/p>\n<p><span>\u201cSe voc\u00ea est\u00e1 enfrentando hoje uma oposi\u00e7\u00e3o, se voc\u00ea est\u00e1 tendo hoje um decreto contra a sua vida, esse \u00e9 o m\u00eas para mudar isso.\u201d<\/span><\/p>\n<p><span>\u201cEscreva e apresente a Deus todos os seus pedidos nesses dias\u201d, orientou. \u201cTenha certeza que vai acontecer essa b\u00ean\u00e7\u00e3o chegar na tua vida.\u201d<\/span><\/p>\n<p><strong>Posicione-se em jejum e ora\u00e7\u00e3o<\/strong><\/p>\n<p><span>Engel disse que h\u00e1 momentos em que Deus nos conduz a um \u201cdia marcado\u201d, que exige consagra\u00e7\u00e3o. \u201cO dia em que Ester entrou em jejum foi o dia que Deus marcou para ela ser aben\u00e7oada\u201d, declarou.\u00a0<\/span><\/p>\n<p><span>O pastor tamb\u00e9m disse que, quando Deus age, o cen\u00e1rio pode se inverter: \u201cDeus reverte e transforma dia de luto em alegria, dia de tristeza em festa\u201d.<\/span><\/p>\n<p><span>Por fim, Engel lembrou que o m\u00eas de Adar deve ser vivido de forma ativa: n\u00e3o apenas \u201cesperar\u201d, mas manter uma rotina de ora\u00e7\u00e3o e apresentar pedidos a Deus.<\/span><\/p>\n<p><span>\u201cContinue consagrando sua vida e sua casa em ora\u00e7\u00e3o nestes dias\u201d, afirmou. \u201cEsse \u00e9 o m\u00eas que Deus pode reverter decretos\u201d.<\/span><\/p>\n<p><em><span>Veja a prega\u00e7\u00e3o completa:<\/span><\/em><\/p>\n<p><iframe title=\"YouTube video player\" src=\"https:\/\/www.youtube.com\/embed\/dVTnTzKh3To?si=1NP4T-o_1i09G9qK\" width=\"560\" height=\"315\" frameborder=\"0\" allowfullscreen=\"allowfullscreen\"><\/iframe><\/p>\n<\/div>\n","protected":false},"excerpt":{"rendered":"<p>O pastor Joel Engel aplicou a mensagem do livro de Ester como um \u201cmapa\u201d para quem est\u00e1 enfrentando lutas e \u201cdecretos\u201d que tentam paralisar a vida. Nesta ter\u00e7a-feira (17), ele lembrou que estamos no m\u00eas de Adar, segundo o calend\u00e1rio b\u00edblico judaico. Adar \u00e9 conhecido principalmente por ser o m\u00eas da festa de Purim, que celebra a hist\u00f3ria do livro de Ester \u2014 quando o povo judeu foi salvo de um decreto de morte no Imp\u00e9rio Persa. Por causa disso, na tradi\u00e7\u00e3o judaica, Adar \u00e9 considerado o m\u00eas da alegria. \u201cEste \u00e9 o m\u00eas da alegria, \u00e9 o m\u00eas da celebra\u00e7\u00e3o, da revers\u00e3o\u201d, afirmou o pastor. Com base na hist\u00f3ria de Ester, ele aplicou alguns ensinos pr\u00e1ticos: N\u00e3o encare batalhas sozinho Engel ensina que guerras espirituais n\u00e3o devem ser enfrentadas em isolamento.\u00a0 \u201cN\u00e3o entre numa batalha espiritual sem seu l\u00edder espiritual\u201d, aconselha. \u201c\u00c9 importante ter uma cobertura de ora\u00e7\u00e3o, ter um povo orando por voc\u00ea\u201d.\u00a0 Joel Engel tamb\u00e9m incentivou os crist\u00e3os a reagirem com f\u00e9 diante de \u201cdecretos\u201d contr\u00e1rios \u2014 como diagn\u00f3sticos, prazos e amea\u00e7as. \u201cSe voc\u00ea est\u00e1 enfrentando hoje uma oposi\u00e7\u00e3o, se voc\u00ea est\u00e1 tendo hoje um decreto contra a sua vida, esse \u00e9 o m\u00eas para mudar isso.\u201d \u201cEscreva e apresente a Deus todos os seus pedidos nesses dias\u201d, orientou. \u201cTenha certeza que vai acontecer essa b\u00ean\u00e7\u00e3o chegar na tua vida.\u201d Posicione-se em jejum e ora\u00e7\u00e3o Engel disse que h\u00e1 momentos em que Deus nos conduz a um \u201cdia marcado\u201d, que exige consagra\u00e7\u00e3o. \u201cO dia em que Ester entrou em jejum foi o dia que Deus marcou para ela ser aben\u00e7oada\u201d, declarou.\u00a0 O pastor tamb\u00e9m disse que, quando Deus age, o cen\u00e1rio pode se inverter: \u201cDeus reverte e transforma dia de luto em alegria, dia de tristeza em festa\u201d. Por fim, Engel lembrou que o m\u00eas de Adar deve ser vivido de forma ativa: n\u00e3o apenas \u201cesperar\u201d, mas manter uma rotina de ora\u00e7\u00e3o e apresentar pedidos a Deus. \u201cContinue consagrando sua vida e sua casa em ora\u00e7\u00e3o nestes dias\u201d, afirmou. \u201cEsse \u00e9 o m\u00eas que Deus pode reverter decretos\u201d. Veja a prega\u00e7\u00e3o completa:<\/p>\n","protected":false},"author":1,"featured_media":11101,"comment_status":"closed","ping_status":"closed","sticky":false,"template":"","format":"standard","meta":{"footnotes":""},"categories":[12],"tags":[],"class_list":["post-11100","post","type-post","status-publish","format-standard","has-post-thumbnail","hentry","category-mundo-cristao"],"acf":[],"_links":{"self":[{"href":"https:\/\/fabricadescripts.com.br\/igrejas\/IGRE3535\/wp-json\/wp\/v2\/posts\/11100","targetHints":{"allow":["GET"]}}],"collection":[{"href":"https:\/\/fabricadescripts.com.br\/igrejas\/IGRE3535\/wp-json\/wp\/v2\/posts"}],"about":[{"href":"https:\/\/fabricadescripts.com.br\/igrejas\/IGRE3535\/wp-json\/wp\/v2\/types\/post"}],"author":[{"embeddable":true,"href":"https:\/\/fabricadescripts.com.br\/igrejas\/IGRE3535\/wp-json\/wp\/v2\/users\/1"}],"replies":[{"embeddable":true,"href":"https:\/\/fabricadescripts.com.br\/igrejas\/IGRE3535\/wp-json\/wp\/v2\/comments?post=11100"}],"version-history":[{"count":0,"href":"https:\/\/fabricadescripts.com.br\/igrejas\/IGRE3535\/wp-json\/wp\/v2\/posts\/11100\/revisions"}],"wp:featuredmedia":[{"embeddable":true,"href":"https:\/\/fabricadescripts.com.br\/igrejas\/IGRE3535\/wp-json\/wp\/v2\/media\/11101"}],"wp:attachment":[{"href":"https:\/\/fabricadescripts.com.br\/igrejas\/IGRE3535\/wp-json\/wp\/v2\/media?parent=11100"}],"wp:term":[{"taxonomy":"category","embeddable":true,"href":"https:\/\/fabricadescripts.com.br\/igrejas\/IGRE3535\/wp-json\/wp\/v2\/categories?post=11100"},{"taxonomy":"post_tag","embeddable":true,"href":"https:\/\/fabricadescripts.com.br\/igrejas\/IGRE3535\/wp-json\/wp\/v2\/tags?post=11100"}],"curies":[{"name":"wp","href":"https:\/\/api.w.org\/{rel}","templated":true}]}}