{"id":11093,"date":"2026-02-21T11:03:31","date_gmt":"2026-02-21T14:03:31","guid":{"rendered":"https:\/\/fabricadescripts.com.br\/igrejas\/IGRE3535\/brasil-esta-entre-os-85-paises-que-assinaram-condenacao-a-israel-na-onu\/"},"modified":"2026-02-21T11:03:31","modified_gmt":"2026-02-21T14:03:31","slug":"brasil-esta-entre-os-85-paises-que-assinaram-condenacao-a-israel-na-onu","status":"publish","type":"post","link":"https:\/\/fabricadescripts.com.br\/igrejas\/IGRE3535\/brasil-esta-entre-os-85-paises-que-assinaram-condenacao-a-israel-na-onu\/","title":{"rendered":"Brasil est\u00e1 entre os 85 pa\u00edses que assinaram condena\u00e7\u00e3o a Israel na ONU"},"content":{"rendered":"<div>\n<p><span>O <\/span><span><strong>Brasil<\/strong><\/span><span> assinou uma declara\u00e7\u00e3o que condena <\/span><span><strong>Israel<\/strong><\/span><span> por medidas que expandem a presen\u00e7a israelense na <\/span><span><strong>Cisjord\u00e2nia<\/strong><\/span><span>. No total, 85 pa\u00edses assinaram o documento.<\/span><\/p>\n<p><span>A carta conjunta foi apresentada nas Na\u00e7\u00f5es Unidas pelo embaixador da Palestina, Riyad Mansour, na ter\u00e7a-feira (17).<\/span><\/p>\n<p><span>\u201cCondenamos veementemente as decis\u00f5es e medidas unilaterais de Israel que visam expandir a presen\u00e7a ilegal do pa\u00eds na Cisjord\u00e2nia. Tais decis\u00f5es s\u00e3o contr\u00e1rias \u00e0s obriga\u00e7\u00f5es de Israel nos termos do direito internacional e devem ser imediatamente revertidas. Sublinhamos, a esse respeito, a nossa firme oposi\u00e7\u00e3o a qualquer forma de anexa\u00e7\u00e3o\u201d, afirma o documento.<\/span><\/p>\n<p><span>A declara\u00e7\u00e3o na ONU \u00e9 uma resposta a uma decis\u00e3o de Israel que aprovou o registro de assentamentos judaicos na Cisjord\u00e2nia, no \u00faltimo domingo (15).<\/span><\/p>\n<p><span>A medida foi apresentada pelo ministro <\/span><span>das Finan\u00e7as, Bezalel Smotrich, pelo ministro da Justi\u00e7a, Yariv Levin, e pelo ministro da defesa, Israel Katz, com o objetivo de regular as propriedades agr\u00edcolas dos israelenses na regi\u00e3o.<\/span><\/p>\n<p><span>O Brasil, junto com os outros 84 pa\u00edses, acusaram Israel de violar o direito internacional e resolu\u00e7\u00f5es da ONU.<\/span><\/p>\n<p><span>Entre as na\u00e7\u00f5es que assinaram o documento, est\u00e3o Reino Unido, It\u00e1lia, Indon\u00e9sia, Turquia, Espanha e a Uni\u00e3o. J\u00e1 os Estados Unidos e Argentina n\u00e3o est\u00e3o entre os signat\u00e1rios.<\/span><\/p>\n<p><span>Em nota, o Itamaraty declarou que a presen\u00e7a de Israel na Cisjord\u00e2nia \u00e9 ilegal e que as recentes medidas para o registro dos assentamentos judaicos devem ser \u201cimediatamente revertidas\u201d.<\/span><\/p>\n<p><span>\u201cReiteramos a nossa rejei\u00e7\u00e3o a todas as medidas destinadas a alterar a composi\u00e7\u00e3o demogr\u00e1fica, o car\u00e1ter e o status do Territ\u00f3rio Palestino Ocupado desde 1967, incluindo Jerusal\u00e9m Oriental. Tais medidas violam o direito internacional, minam os esfor\u00e7os em curso em prol da paz e da estabilidade na regi\u00e3o, v\u00e3o de encontro ao Plano Abrangente e colocam em risco a perspectiva de alcan\u00e7ar um acordo de paz que ponha fim ao conflito\u201d, afirmou.<\/span><\/p>\n<p><span>O secret\u00e1rio-geral das Na\u00e7\u00f5es Unidas, Ant\u00f3nio Guterres, tamb\u00e9m condenou a decis\u00e3o do governo israelenses, em discurso na ONU.<\/span><\/p>\n<p><span>\u201cCondeno a decis\u00e3o do governo israelense de retomar os procedimentos de registro de terras na Cisjord\u00e2nia ocupada. Essa decis\u00e3o pode levar ao desapossamento de palestinos de suas propriedades e corre o risco de expandir o controle ilegal de Israel sobre terras na regi\u00e3o. Apelo a Israel para que reverta essas medidas e a todos para que preservem o \u00fanico caminho para uma paz duradoura: uma solu\u00e7\u00e3o negociada de dois Estados, em conformidade com o direito internacional\u201d, afirmou Guterres.<\/span><\/p>\n<p><strong>Direito \u00e0s terras<\/strong><\/p>\n<p><span>Durante uma sess\u00e3o do Conselho de Seguran\u00e7a da ONU sobre o Oriente M\u00e9dio na quarta-feira (18), o ministro das Rela\u00e7\u00f5es Exteriores Gideon Sa&#8217;ar rebateu as cr\u00edticas e ressaltou o direito do povo judeu \u00e0s terras na Cirjord\u00e2nia.<\/span><\/p>\n<p><span>&#8220;Onde mais poderia estar sen\u00e3o nesta terra, com a qual por mais de 3.000 anos estiveram intimamente e profundamente associados?&#8221;, disse Gideon.<\/span><\/p>\n<p><span>O ministro citou a Declara\u00e7\u00e3o Balfour, que influenciou a cria\u00e7\u00e3o do Estado de Israel em 1947.<\/span><\/p>\n<p><span>&#8220;Em 1917, o governo brit\u00e2nico publicou a hist\u00f3rica Declara\u00e7\u00e3o Balfour para estabelecer um lar nacional para o povo judeu em nossa terra\u201d, lembrou ele.<\/span><\/p>\n<p><span>\u201cA alega\u00e7\u00e3o de que israelenses n\u00e3o podem viver na Judeia e Samaria (Cisjord\u00e2nia) n\u00e3o \u00e9 apenas inconsistente com o direito internacional e com a pr\u00f3pria Declara\u00e7\u00e3o Balfour brit\u00e2nica, mas tamb\u00e9m \u00e9 moralmente distorcida. Como os judeus podem viver em Londres, Paris ou Nova York, mas n\u00e3o no ber\u00e7o da nossa civiliza\u00e7\u00e3o?&#8221;.<\/span><\/p>\n<p><span>Gideon Sa&#8217;ar declarou que h\u00e1 uma &#8220;obsess\u00e3o hip\u00f3crita contra a presen\u00e7a judaica no cora\u00e7\u00e3o de nossa pequena terra\u201d.<\/span><\/p>\n<\/div>\n","protected":false},"excerpt":{"rendered":"<p>O Brasil assinou uma declara\u00e7\u00e3o que condena Israel por medidas que expandem a presen\u00e7a israelense na Cisjord\u00e2nia. No total, 85 pa\u00edses assinaram o documento. A carta conjunta foi apresentada nas Na\u00e7\u00f5es Unidas pelo embaixador da Palestina, Riyad Mansour, na ter\u00e7a-feira (17). \u201cCondenamos veementemente as decis\u00f5es e medidas unilaterais de Israel que visam expandir a presen\u00e7a ilegal do pa\u00eds na Cisjord\u00e2nia. Tais decis\u00f5es s\u00e3o contr\u00e1rias \u00e0s obriga\u00e7\u00f5es de Israel nos termos do direito internacional e devem ser imediatamente revertidas. Sublinhamos, a esse respeito, a nossa firme oposi\u00e7\u00e3o a qualquer forma de anexa\u00e7\u00e3o\u201d, afirma o documento. A declara\u00e7\u00e3o na ONU \u00e9 uma resposta a uma decis\u00e3o de Israel que aprovou o registro de assentamentos judaicos na Cisjord\u00e2nia, no \u00faltimo domingo (15). A medida foi apresentada pelo ministro das Finan\u00e7as, Bezalel Smotrich, pelo ministro da Justi\u00e7a, Yariv Levin, e pelo ministro da defesa, Israel Katz, com o objetivo de regular as propriedades agr\u00edcolas dos israelenses na regi\u00e3o. O Brasil, junto com os outros 84 pa\u00edses, acusaram Israel de violar o direito internacional e resolu\u00e7\u00f5es da ONU. Entre as na\u00e7\u00f5es que assinaram o documento, est\u00e3o Reino Unido, It\u00e1lia, Indon\u00e9sia, Turquia, Espanha e a Uni\u00e3o. J\u00e1 os Estados Unidos e Argentina n\u00e3o est\u00e3o entre os signat\u00e1rios. Em nota, o Itamaraty declarou que a presen\u00e7a de Israel na Cisjord\u00e2nia \u00e9 ilegal e que as recentes medidas para o registro dos assentamentos judaicos devem ser \u201cimediatamente revertidas\u201d. \u201cReiteramos a nossa rejei\u00e7\u00e3o a todas as medidas destinadas a alterar a composi\u00e7\u00e3o demogr\u00e1fica, o car\u00e1ter e o status do Territ\u00f3rio Palestino Ocupado desde 1967, incluindo Jerusal\u00e9m Oriental. Tais medidas violam o direito internacional, minam os esfor\u00e7os em curso em prol da paz e da estabilidade na regi\u00e3o, v\u00e3o de encontro ao Plano Abrangente e colocam em risco a perspectiva de alcan\u00e7ar um acordo de paz que ponha fim ao conflito\u201d, afirmou. O secret\u00e1rio-geral das Na\u00e7\u00f5es Unidas, Ant\u00f3nio Guterres, tamb\u00e9m condenou a decis\u00e3o do governo israelenses, em discurso na ONU. \u201cCondeno a decis\u00e3o do governo israelense de retomar os procedimentos de registro de terras na Cisjord\u00e2nia ocupada. Essa decis\u00e3o pode levar ao desapossamento de palestinos de suas propriedades e corre o risco de expandir o controle ilegal de Israel sobre terras na regi\u00e3o. Apelo a Israel para que reverta essas medidas e a todos para que preservem o \u00fanico caminho para uma paz duradoura: uma solu\u00e7\u00e3o negociada de dois Estados, em conformidade com o direito internacional\u201d, afirmou Guterres. Direito \u00e0s terras Durante uma sess\u00e3o do Conselho de Seguran\u00e7a da ONU sobre o Oriente M\u00e9dio na quarta-feira (18), o ministro das Rela\u00e7\u00f5es Exteriores Gideon Sa&#8217;ar rebateu as cr\u00edticas e ressaltou o direito do povo judeu \u00e0s terras na Cirjord\u00e2nia. &#8220;Onde mais poderia estar sen\u00e3o nesta terra, com a qual por mais de 3.000 anos estiveram intimamente e profundamente associados?&#8221;, disse Gideon. O ministro citou a Declara\u00e7\u00e3o Balfour, que influenciou a cria\u00e7\u00e3o do Estado de Israel em 1947. &#8220;Em 1917, o governo brit\u00e2nico publicou a hist\u00f3rica Declara\u00e7\u00e3o Balfour para estabelecer um lar nacional para o povo judeu em nossa terra\u201d, lembrou ele. \u201cA alega\u00e7\u00e3o de que israelenses n\u00e3o podem viver na Judeia e Samaria (Cisjord\u00e2nia) n\u00e3o \u00e9 apenas inconsistente com o direito internacional e com a pr\u00f3pria Declara\u00e7\u00e3o Balfour brit\u00e2nica, mas tamb\u00e9m \u00e9 moralmente distorcida. Como os judeus podem viver em Londres, Paris ou Nova York, mas n\u00e3o no ber\u00e7o da nossa civiliza\u00e7\u00e3o?&#8221;. Gideon Sa&#8217;ar declarou que h\u00e1 uma &#8220;obsess\u00e3o hip\u00f3crita contra a presen\u00e7a judaica no cora\u00e7\u00e3o de nossa pequena terra\u201d.<\/p>\n","protected":false},"author":1,"featured_media":11094,"comment_status":"closed","ping_status":"closed","sticky":false,"template":"","format":"standard","meta":{"footnotes":""},"categories":[13],"tags":[],"class_list":["post-11093","post","type-post","status-publish","format-standard","has-post-thumbnail","hentry","category-israel"],"acf":[],"_links":{"self":[{"href":"https:\/\/fabricadescripts.com.br\/igrejas\/IGRE3535\/wp-json\/wp\/v2\/posts\/11093","targetHints":{"allow":["GET"]}}],"collection":[{"href":"https:\/\/fabricadescripts.com.br\/igrejas\/IGRE3535\/wp-json\/wp\/v2\/posts"}],"about":[{"href":"https:\/\/fabricadescripts.com.br\/igrejas\/IGRE3535\/wp-json\/wp\/v2\/types\/post"}],"author":[{"embeddable":true,"href":"https:\/\/fabricadescripts.com.br\/igrejas\/IGRE3535\/wp-json\/wp\/v2\/users\/1"}],"replies":[{"embeddable":true,"href":"https:\/\/fabricadescripts.com.br\/igrejas\/IGRE3535\/wp-json\/wp\/v2\/comments?post=11093"}],"version-history":[{"count":0,"href":"https:\/\/fabricadescripts.com.br\/igrejas\/IGRE3535\/wp-json\/wp\/v2\/posts\/11093\/revisions"}],"wp:featuredmedia":[{"embeddable":true,"href":"https:\/\/fabricadescripts.com.br\/igrejas\/IGRE3535\/wp-json\/wp\/v2\/media\/11094"}],"wp:attachment":[{"href":"https:\/\/fabricadescripts.com.br\/igrejas\/IGRE3535\/wp-json\/wp\/v2\/media?parent=11093"}],"wp:term":[{"taxonomy":"category","embeddable":true,"href":"https:\/\/fabricadescripts.com.br\/igrejas\/IGRE3535\/wp-json\/wp\/v2\/categories?post=11093"},{"taxonomy":"post_tag","embeddable":true,"href":"https:\/\/fabricadescripts.com.br\/igrejas\/IGRE3535\/wp-json\/wp\/v2\/tags?post=11093"}],"curies":[{"name":"wp","href":"https:\/\/api.w.org\/{rel}","templated":true}]}}