{"id":11091,"date":"2026-02-21T11:03:32","date_gmt":"2026-02-21T14:03:32","guid":{"rendered":"https:\/\/fabricadescripts.com.br\/igrejas\/IGRE3535\/antissemitismo-boneco-com-estrela-de-davi-e-queimado-em-carnaval-na-europa\/"},"modified":"2026-02-21T11:03:32","modified_gmt":"2026-02-21T14:03:32","slug":"antissemitismo-boneco-com-estrela-de-davi-e-queimado-em-carnaval-na-europa","status":"publish","type":"post","link":"https:\/\/fabricadescripts.com.br\/igrejas\/IGRE3535\/antissemitismo-boneco-com-estrela-de-davi-e-queimado-em-carnaval-na-europa\/","title":{"rendered":"Antissemitismo: Boneco com Estrela de Davi \u00e9 queimado em Carnaval na Europa"},"content":{"rendered":"<div>\n<p><span>Um boneco com as cores da bandeira de <\/span><span><strong>Israel<\/strong><\/span><span> e com a Estrela de Davi foi queimado durante uma tradicional festa de <\/span><span><strong>Carnaval<\/strong><\/span><span> em Andorra, um pequeno pa\u00eds entre a Fran\u00e7a e a Espanha.<\/span><\/p>\n<p><span>Segundo o jornal Ynet News, o epis\u00f3dio antissemita aconteceu na cerim\u00f4nia de fim do <\/span><span><strong>Carnaval<\/strong><\/span><span> de Andorra, no distrito de Encamp, na \u00faltima segunda-feira (16).<\/span><\/p>\n<p><span>Os foli\u00f5es exibiram um boneco com a Estrela de Davi no rosto, que foi julgado e condenado \u00e0 morte em uma encena\u00e7\u00e3o.\u00a0<\/span><\/p>\n<p><span>Em seguida, o boneco, que representava o Estado de Israel, foi enforcado, baleado e incendiado durante a festa, na presen\u00e7a de autoridades locais.<\/span><\/p>\n<blockquote>\n<p dir=\"ltr\" lang=\"es\">ABERRANTE muestra de antisemitismo en Andorra durante el carnaval. pic.twitter.com\/GeIdF635wd<\/p>\n<p>  \u2014 Dani Lerer (@danilerer) February 16, 2026<\/p><\/blockquote>\n<p><span>A cerim\u00f4nia tradicional do Carnaval de Andorra \u00e9 focada em &#8220;Carnestoltes&#8221;, um rei cujo boneco \u00e9 julgado e queimado, em um ato simb\u00f3lico marcando o fim das festividades.<\/span><\/p>\n<p><strong>Comunidade judaica de Andorra indignada<\/strong><\/p>\n<p><span>O incidente causou indigna\u00e7\u00e3o entre a pequena comunidade judaica que mora no pa\u00eds, cerca de 160 pessoas. Os membros disseram que \u00e9 a primeira vez que o boneco do Carnaval \u00e9 exibido com s\u00edmbolos israelenses.<\/span><\/p>\n<p><span>\u201cEsse \u00e9 um ritual que eles realizam todo ano como parte do Carnaval, onde zombam de muitas coisas&#8221;, disse Esther Pujol, uma judia que mora em Andorra, ao Ynet News.<\/span><\/p>\n<p><span>&#8220;Desta vez, eles vestiram o boneco com as cores da bandeira israelense, com uma Estrela de Davi no rosto. Eles o levaram a julgamento, o condenaram \u00e0 morte e executaram a senten\u00e7a atirando e o queimando. \u00c9 completamente inaceit\u00e1vel\u201d, criticou ela.<\/span><\/p>\n<p><span>Esther relatou que a comunidade judaica local ficou muito abalada e que ela denunciou o caso ao presidente do parlamento de Andorra, que tamb\u00e9m expressou indigna\u00e7\u00e3o.<\/span><\/p>\n<p><span>Segundo ela, houve protestos contra Israel no pa\u00eds ap\u00f3s o ataque do grupo terrorista Hamas em 7 de outubro de 2023, mas ainda n\u00e3o havia acontecido um epis\u00f3dio explicitamente antissemita.<\/span><\/p>\n<p><span>&#8220;\u00c9 muito s\u00e9rio. N\u00e3o chegamos a um est\u00e1gio de viol\u00eancia em Andorra, mas isso come\u00e7ou com um boneco e pode piorar. Nunca houve nada assim aqui\u201d, alertou.<\/span><\/p>\n<p><span>Outros membros da comunidade judaica contaram que est\u00e3o assustados com a exibi\u00e7\u00e3o que &#8220;colocou o Estado de Israel na fogueira\u201d.<\/span><\/p>\n<p><span>Outro morador disse que a cerim\u00f4nia foi &#8220;perturbadora&#8221;, acrescentando que, enquanto os incidentes antissemitas aumentaram na Europa, Andorra n\u00e3o estava nessa estimativa at\u00e9 agora.<\/span><\/p>\n<\/div>\n","protected":false},"excerpt":{"rendered":"<p>Um boneco com as cores da bandeira de Israel e com a Estrela de Davi foi queimado durante uma tradicional festa de Carnaval em Andorra, um pequeno pa\u00eds entre a Fran\u00e7a e a Espanha. Segundo o jornal Ynet News, o epis\u00f3dio antissemita aconteceu na cerim\u00f4nia de fim do Carnaval de Andorra, no distrito de Encamp, na \u00faltima segunda-feira (16). Os foli\u00f5es exibiram um boneco com a Estrela de Davi no rosto, que foi julgado e condenado \u00e0 morte em uma encena\u00e7\u00e3o.\u00a0 Em seguida, o boneco, que representava o Estado de Israel, foi enforcado, baleado e incendiado durante a festa, na presen\u00e7a de autoridades locais. ABERRANTE muestra de antisemitismo en Andorra durante el carnaval. pic.twitter.com\/GeIdF635wd \u2014 Dani Lerer (@danilerer) February 16, 2026 A cerim\u00f4nia tradicional do Carnaval de Andorra \u00e9 focada em &#8220;Carnestoltes&#8221;, um rei cujo boneco \u00e9 julgado e queimado, em um ato simb\u00f3lico marcando o fim das festividades. Comunidade judaica de Andorra indignada O incidente causou indigna\u00e7\u00e3o entre a pequena comunidade judaica que mora no pa\u00eds, cerca de 160 pessoas. Os membros disseram que \u00e9 a primeira vez que o boneco do Carnaval \u00e9 exibido com s\u00edmbolos israelenses. \u201cEsse \u00e9 um ritual que eles realizam todo ano como parte do Carnaval, onde zombam de muitas coisas&#8221;, disse Esther Pujol, uma judia que mora em Andorra, ao Ynet News. &#8220;Desta vez, eles vestiram o boneco com as cores da bandeira israelense, com uma Estrela de Davi no rosto. Eles o levaram a julgamento, o condenaram \u00e0 morte e executaram a senten\u00e7a atirando e o queimando. \u00c9 completamente inaceit\u00e1vel\u201d, criticou ela. Esther relatou que a comunidade judaica local ficou muito abalada e que ela denunciou o caso ao presidente do parlamento de Andorra, que tamb\u00e9m expressou indigna\u00e7\u00e3o. Segundo ela, houve protestos contra Israel no pa\u00eds ap\u00f3s o ataque do grupo terrorista Hamas em 7 de outubro de 2023, mas ainda n\u00e3o havia acontecido um epis\u00f3dio explicitamente antissemita. &#8220;\u00c9 muito s\u00e9rio. N\u00e3o chegamos a um est\u00e1gio de viol\u00eancia em Andorra, mas isso come\u00e7ou com um boneco e pode piorar. Nunca houve nada assim aqui\u201d, alertou. Outros membros da comunidade judaica contaram que est\u00e3o assustados com a exibi\u00e7\u00e3o que &#8220;colocou o Estado de Israel na fogueira\u201d. Outro morador disse que a cerim\u00f4nia foi &#8220;perturbadora&#8221;, acrescentando que, enquanto os incidentes antissemitas aumentaram na Europa, Andorra n\u00e3o estava nessa estimativa at\u00e9 agora.<\/p>\n","protected":false},"author":1,"featured_media":11092,"comment_status":"closed","ping_status":"closed","sticky":false,"template":"","format":"standard","meta":{"footnotes":""},"categories":[13],"tags":[],"class_list":["post-11091","post","type-post","status-publish","format-standard","has-post-thumbnail","hentry","category-israel"],"acf":[],"_links":{"self":[{"href":"https:\/\/fabricadescripts.com.br\/igrejas\/IGRE3535\/wp-json\/wp\/v2\/posts\/11091","targetHints":{"allow":["GET"]}}],"collection":[{"href":"https:\/\/fabricadescripts.com.br\/igrejas\/IGRE3535\/wp-json\/wp\/v2\/posts"}],"about":[{"href":"https:\/\/fabricadescripts.com.br\/igrejas\/IGRE3535\/wp-json\/wp\/v2\/types\/post"}],"author":[{"embeddable":true,"href":"https:\/\/fabricadescripts.com.br\/igrejas\/IGRE3535\/wp-json\/wp\/v2\/users\/1"}],"replies":[{"embeddable":true,"href":"https:\/\/fabricadescripts.com.br\/igrejas\/IGRE3535\/wp-json\/wp\/v2\/comments?post=11091"}],"version-history":[{"count":0,"href":"https:\/\/fabricadescripts.com.br\/igrejas\/IGRE3535\/wp-json\/wp\/v2\/posts\/11091\/revisions"}],"wp:featuredmedia":[{"embeddable":true,"href":"https:\/\/fabricadescripts.com.br\/igrejas\/IGRE3535\/wp-json\/wp\/v2\/media\/11092"}],"wp:attachment":[{"href":"https:\/\/fabricadescripts.com.br\/igrejas\/IGRE3535\/wp-json\/wp\/v2\/media?parent=11091"}],"wp:term":[{"taxonomy":"category","embeddable":true,"href":"https:\/\/fabricadescripts.com.br\/igrejas\/IGRE3535\/wp-json\/wp\/v2\/categories?post=11091"},{"taxonomy":"post_tag","embeddable":true,"href":"https:\/\/fabricadescripts.com.br\/igrejas\/IGRE3535\/wp-json\/wp\/v2\/tags?post=11091"}],"curies":[{"name":"wp","href":"https:\/\/api.w.org\/{rel}","templated":true}]}}