{"id":11071,"date":"2026-02-20T09:02:34","date_gmt":"2026-02-20T12:02:34","guid":{"rendered":"https:\/\/fabricadescripts.com.br\/igrejas\/IGRE3535\/alexandre-souza-testemunha-milagre-apos-convulsao-no-maracana-a-oracao-tem-poder\/"},"modified":"2026-02-20T09:02:34","modified_gmt":"2026-02-20T12:02:34","slug":"alexandre-souza-testemunha-milagre-apos-convulsao-no-maracana-a-oracao-tem-poder","status":"publish","type":"post","link":"https:\/\/fabricadescripts.com.br\/igrejas\/IGRE3535\/alexandre-souza-testemunha-milagre-apos-convulsao-no-maracana-a-oracao-tem-poder\/","title":{"rendered":"Alexandre Souza testemunha milagre ap\u00f3s convuls\u00e3o no Maracan\u00e3: \u2018A ora\u00e7\u00e3o tem poder\u2019"},"content":{"rendered":"<div>\n<p><span>O jogador <\/span><span><strong>Alexandre Souza<\/strong><\/span><span>, do Sampaio Corr\u00eaa, que sofreu uma convuls\u00e3o durante um jogo de futebol no Maracan\u00e3, falou sobre o poder das ora\u00e7\u00f5es dos atletas em campo e glorificou a Deus pela sua recupera\u00e7\u00e3o.<\/span><\/p>\n<p><span>Em uma entrevista recente, Alexandre relembrou o momento cr\u00edtico que viveu em campo durante a partida contra o Flamengo no dia 07 de fevereiro:<\/span><\/p>\n<p><span>\u201cFoi muito gratificante o poder da ora\u00e7\u00e3o do Pedro, do Paquet\u00e1 e dos meus companheiros ajoelhados orando. Creio que Deus interveio naquele momento pela minha vida\u201d, disse Alexandre \u00e0 Sport TV.<\/span><\/p>\n<blockquote data-instgrm-permalink=\"https:\/\/www.instagram.com\/reel\/DU4Scz4jKaa\/?utm_source=ig_embed&#038;utm_campaign=loading\" data-instgrm-version=\"14\"><\/blockquote>\n<p><strong>Relembre o caso<\/strong><\/p>\n<p><span>O epis\u00f3dio ocorreu durante o jogo do Campeonato Carioca entre Flamengo e Sampaio Corr\u00eaa-RJ, no Rio de Janeiro.<\/span><\/p>\n<p><span>Alexandre caiu sozinho no gramado aos oito minutos do primeiro tempo, interrompendo a partida. Enquanto era atendido pela equipe m\u00e9dica, <\/span><strong><span>jogadores<\/span> <\/strong><span>do Flamengo e do Sampaio Corr\u00eaa se ajoelharam ao seu redor e se uniram em ora\u00e7\u00e3o.<\/span><\/p>\n<p><span>Alexandre deixou o campo de ambul\u00e2ncia e foi encaminhado ao Hospital Quinta D\u2019Or, em S\u00e3o Crist\u00f3v\u00e3o. Segundo a assessoria do Sampaio Corr\u00eaa, o atleta estava consciente ao deixar o Maracan\u00e3, mas sofreu uma nova convuls\u00e3o j\u00e1 no hospital.\u00a0<\/span><\/p>\n<p><span>Ele permaneceu em observa\u00e7\u00e3o e, no dia 10 de fevereiro, recebeu alta hospitalar. O clube informou que os exames realizados \u2014 tomografia, resson\u00e2ncia, exames laboratoriais e Holter \u2014 n\u00e3o constataram nenhuma altera\u00e7\u00e3o neurol\u00f3gica ou card\u00edaca.<\/span><\/p>\n<p><strong>\u2018A honra \u00e9 do Senhor\u2019<\/strong><\/p>\n<p><span>No Instagram, o atleta afirmou: \u201cO Brasil orou e o milagre chegou! O cen\u00e1rio no Maracan\u00e3 foi de susto, mas a \u00faltima palavra sempre vem de Deus! Hoje \u00e9 o dia de dizer para o mundo que Ele \u00e9 fiel em todos os momentos\u201d.<\/span><\/p>\n<p><span>Em meio aos agradecimentos, Alexandre destacou a equipe do Flamengo \u201cpelo respeito e clamor em campo\u201d e continuou: \u201cE a todo o Brasil, que se uniu nessa corrente de f\u00e9! A ora\u00e7\u00e3o tem poder e a honra e gl\u00f3ria s\u00e3o todas Dele\u201d.<\/span><\/p>\n<blockquote data-instgrm-permalink=\"https:\/\/www.instagram.com\/reel\/DUn05B5Ecjd\/?utm_source=ig_embed&#038;utm_campaign=loading\" data-instgrm-version=\"14\"><\/blockquote>\n<p><span>\u201cFoi um momento dif\u00edcil, mas nunca estive sozinho.\u00a0<\/span><span>Deus cuidou de mim e colocou pessoas certas no caminho, que oraram e me sustentaram em f\u00e9. Sou grato por cada um. Seguimos confiantes, porque vamos dar a volta por cima\u201d, concluiu.<\/span><\/p>\n<\/div>\n","protected":false},"excerpt":{"rendered":"<p>O jogador Alexandre Souza, do Sampaio Corr\u00eaa, que sofreu uma convuls\u00e3o durante um jogo de futebol no Maracan\u00e3, falou sobre o poder das ora\u00e7\u00f5es dos atletas em campo e glorificou a Deus pela sua recupera\u00e7\u00e3o. Em uma entrevista recente, Alexandre relembrou o momento cr\u00edtico que viveu em campo durante a partida contra o Flamengo no dia 07 de fevereiro: \u201cFoi muito gratificante o poder da ora\u00e7\u00e3o do Pedro, do Paquet\u00e1 e dos meus companheiros ajoelhados orando. Creio que Deus interveio naquele momento pela minha vida\u201d, disse Alexandre \u00e0 Sport TV. Relembre o caso O epis\u00f3dio ocorreu durante o jogo do Campeonato Carioca entre Flamengo e Sampaio Corr\u00eaa-RJ, no Rio de Janeiro. Alexandre caiu sozinho no gramado aos oito minutos do primeiro tempo, interrompendo a partida. Enquanto era atendido pela equipe m\u00e9dica, jogadores do Flamengo e do Sampaio Corr\u00eaa se ajoelharam ao seu redor e se uniram em ora\u00e7\u00e3o. Alexandre deixou o campo de ambul\u00e2ncia e foi encaminhado ao Hospital Quinta D\u2019Or, em S\u00e3o Crist\u00f3v\u00e3o. Segundo a assessoria do Sampaio Corr\u00eaa, o atleta estava consciente ao deixar o Maracan\u00e3, mas sofreu uma nova convuls\u00e3o j\u00e1 no hospital.\u00a0 Ele permaneceu em observa\u00e7\u00e3o e, no dia 10 de fevereiro, recebeu alta hospitalar. O clube informou que os exames realizados \u2014 tomografia, resson\u00e2ncia, exames laboratoriais e Holter \u2014 n\u00e3o constataram nenhuma altera\u00e7\u00e3o neurol\u00f3gica ou card\u00edaca. \u2018A honra \u00e9 do Senhor\u2019 No Instagram, o atleta afirmou: \u201cO Brasil orou e o milagre chegou! O cen\u00e1rio no Maracan\u00e3 foi de susto, mas a \u00faltima palavra sempre vem de Deus! Hoje \u00e9 o dia de dizer para o mundo que Ele \u00e9 fiel em todos os momentos\u201d. Em meio aos agradecimentos, Alexandre destacou a equipe do Flamengo \u201cpelo respeito e clamor em campo\u201d e continuou: \u201cE a todo o Brasil, que se uniu nessa corrente de f\u00e9! A ora\u00e7\u00e3o tem poder e a honra e gl\u00f3ria s\u00e3o todas Dele\u201d. \u201cFoi um momento dif\u00edcil, mas nunca estive sozinho.\u00a0Deus cuidou de mim e colocou pessoas certas no caminho, que oraram e me sustentaram em f\u00e9. Sou grato por cada um. Seguimos confiantes, porque vamos dar a volta por cima\u201d, concluiu.<\/p>\n","protected":false},"author":1,"featured_media":11072,"comment_status":"closed","ping_status":"closed","sticky":false,"template":"","format":"standard","meta":{"footnotes":""},"categories":[12],"tags":[],"class_list":["post-11071","post","type-post","status-publish","format-standard","has-post-thumbnail","hentry","category-mundo-cristao"],"acf":[],"_links":{"self":[{"href":"https:\/\/fabricadescripts.com.br\/igrejas\/IGRE3535\/wp-json\/wp\/v2\/posts\/11071","targetHints":{"allow":["GET"]}}],"collection":[{"href":"https:\/\/fabricadescripts.com.br\/igrejas\/IGRE3535\/wp-json\/wp\/v2\/posts"}],"about":[{"href":"https:\/\/fabricadescripts.com.br\/igrejas\/IGRE3535\/wp-json\/wp\/v2\/types\/post"}],"author":[{"embeddable":true,"href":"https:\/\/fabricadescripts.com.br\/igrejas\/IGRE3535\/wp-json\/wp\/v2\/users\/1"}],"replies":[{"embeddable":true,"href":"https:\/\/fabricadescripts.com.br\/igrejas\/IGRE3535\/wp-json\/wp\/v2\/comments?post=11071"}],"version-history":[{"count":0,"href":"https:\/\/fabricadescripts.com.br\/igrejas\/IGRE3535\/wp-json\/wp\/v2\/posts\/11071\/revisions"}],"wp:featuredmedia":[{"embeddable":true,"href":"https:\/\/fabricadescripts.com.br\/igrejas\/IGRE3535\/wp-json\/wp\/v2\/media\/11072"}],"wp:attachment":[{"href":"https:\/\/fabricadescripts.com.br\/igrejas\/IGRE3535\/wp-json\/wp\/v2\/media?parent=11071"}],"wp:term":[{"taxonomy":"category","embeddable":true,"href":"https:\/\/fabricadescripts.com.br\/igrejas\/IGRE3535\/wp-json\/wp\/v2\/categories?post=11071"},{"taxonomy":"post_tag","embeddable":true,"href":"https:\/\/fabricadescripts.com.br\/igrejas\/IGRE3535\/wp-json\/wp\/v2\/tags?post=11071"}],"curies":[{"name":"wp","href":"https:\/\/api.w.org\/{rel}","templated":true}]}}