{"id":11065,"date":"2026-02-20T09:02:33","date_gmt":"2026-02-20T12:02:33","guid":{"rendered":"https:\/\/fabricadescripts.com.br\/igrejas\/IGRE3535\/parlamentares-acionam-pgr-apos-escola-de-samba-ridicularizar-evangelicos-em-desfile\/"},"modified":"2026-02-20T09:02:33","modified_gmt":"2026-02-20T12:02:33","slug":"parlamentares-acionam-pgr-apos-escola-de-samba-ridicularizar-evangelicos-em-desfile","status":"publish","type":"post","link":"https:\/\/fabricadescripts.com.br\/igrejas\/IGRE3535\/parlamentares-acionam-pgr-apos-escola-de-samba-ridicularizar-evangelicos-em-desfile\/","title":{"rendered":"Parlamentares acionam PGR ap\u00f3s escola de samba ridicularizar evang\u00e9licos em desfile"},"content":{"rendered":"<div>\n<p><span>Ap\u00f3s a B\u00edblia e os evang\u00e9licos serem <\/span><span><strong>alvos de deboche em desfile de carnaval<\/strong><\/span><span> no Rio de Janeiro, parlamentares acionaram a Procuradoria-Geral da Rep\u00fablica (PGR).<\/span><\/p>\n<p><span>O senador Magno Malta (PL) e o deputado federal Rodolfo Nogueira (PL) protocolaram queixas contra a escola de samba Acad\u00eamicos de Niter\u00f3i por <\/span><span><strong>ridicularizar evang\u00e9licos<\/strong><\/span><span> durante o desfile no domingo (15).<\/span><\/p>\n<p><span>Para os parlamentares, a apresenta\u00e7\u00e3o ultrapassou a manifesta\u00e7\u00e3o art\u00edstica e houve ridiculariza\u00e7\u00e3o p\u00fablica do grupo religioso, transmitida na m\u00eddia, e discrimina\u00e7\u00e3o realigiosa.<\/span><\/p>\n<p><span>No desfile do Grupo Especial do Carnaval, a escola homenageou o presidente Luiz In\u00e1cio Lula da Silva (PT) e exibiu fam\u00edlias representadas em latas de conserva com \u201cB\u00edblias\u201d nas m\u00e3os.<\/span><\/p>\n<p><span>Uma ala retratou os evang\u00e9licos como \u201cneoconservadores em conserva\u201d. Os integrantes usavam fantasias de latas, com o desenho de uma fam\u00edlia formada por pai, m\u00e3e e dois filhos. Alguns tamb\u00e9m seguravam um livro vermelho com uma cruz dourada na capa, em alus\u00e3o \u00e0 B\u00edblia.<\/span><\/p>\n<p><span>Na mesma ala, tamb\u00e9m foram inclu\u00eddos um fazendeiro ligado ao agroneg\u00f3cio, uma mulher rica e defensores da ditadura militar. A escola colocou todos esses grupos lado a lado na mesma alegoria, associando-os ao que chamou de \u201cneoconservadorismo\u201d.<\/span><\/p>\n<blockquote data-instgrm-captioned data-instgrm-permalink=\"https:\/\/www.instagram.com\/p\/DU0-IqaDevB\/?utm_source=ig_embed&#038;utm_campaign=loading\" data-instgrm-version=\"14\"><\/blockquote>\n<p><strong>Esc\u00e1rnio p\u00fablico<\/strong><\/p>\n<p><span>Na queixa-crime apresentada \u00e0 PGR, Magno Malta afirmou que o epis\u00f3dio se enquadra como discrimina\u00e7\u00e3o religiosa, conforme o artigo 20 da Lei 7.716\/1989.<\/span><\/p>\n<p><span>\u201cA representa\u00e7\u00e3o simb\u00f3lica consistiu na equipara\u00e7\u00e3o visual de fi\u00e9is evang\u00e9licos a objetos enlatados, em narrativa depreciativa associada a r\u00f3tulos ideol\u00f3gicos, expondo grupo religioso espec\u00edfico a esc\u00e1rnio coletivo perante audi\u00eancia nacional e internacional\u201d, declarou o senador no documento.<\/span><\/p>\n<p><span>J\u00e1 Rodolfo Nogueira pediu que os respons\u00e1veis pela escola de samba sejam punidos pelo crime de ultraje a culto \u2013 o ato de \u201cescarnecer de algu\u00e9m publicamente, por motivo de cren\u00e7a ou fun\u00e7\u00e3o religiosa&#8221;, conforme o artigo 208 do C\u00f3digo Penal.<\/span><\/p>\n<p><span>\u201cA utiliza\u00e7\u00e3o do s\u00edmbolo religioso, no modo como apresentada, caracteriza exposi\u00e7\u00e3o p\u00fablica de natureza vexat\u00f3ria dirigida a pessoas identific\u00e1veis por sua cren\u00e7a, atraindo a incid\u00eancia da tutela penal da liberdade religiosa\u201d, afirmou o deputado na queixa.<\/span><\/p>\n<p><span>Os dois parlamentares ainda ressaltaram que a escola de samba recebeu recursos p\u00fablicos e pediram uma investiga\u00e7\u00e3o sobre uma poss\u00edvel propaganda eleitoral antecipada, abuso de poder e uso indevido de verba estatal.<\/span><\/p>\n<p><strong>Intoler\u00e2ncia religiosa<\/strong><\/p>\n<p><span>Na ter\u00e7a-feira (17), a Ordem dos Advogados do Brasil do Rio de Janeiro (OAB-RJ) repudiou o desfile da Acad\u00eamicos de Niter\u00f3i e classificou como intoler\u00e2ncia religiosa a apresenta\u00e7\u00e3o dos evang\u00e9licos em latas de conserva.<\/span><\/p>\n<p><span>\u201cO epis\u00f3dio configurou pr\u00e1tica de preconceito religioso dirigido aos crist\u00e3os\u201d, declarou a OAB-RJ, em nota de rep\u00fadio.<\/span><\/p>\n<p><span>E continuou: \u201cA liberdade religiosa, consagrada como direito fundamental, constitui pilar essencial do Estado Democr\u00e1tico de Direito e encontra prote\u00e7\u00e3o n\u00e3o apenas na Constitui\u00e7\u00e3o Federal, mas tamb\u00e9m em tratados internacionais de direitos humanos dos quais o Brasil \u00e9 signat\u00e1rio, como o Pacto Internacional sobre Direitos Civis e Pol\u00edticos (art. 18)&#8221;.<\/span><\/p>\n<p><span>&#8220;Qualquer conduta que implique intoler\u00e2ncia ou discrimina\u00e7\u00e3o religiosa representa afronta direta \u00e0 ordem constitucional e aos compromissos internacionais assumidos pelo pa\u00eds&#8221;.<\/span><\/p>\n<blockquote data-instgrm-captioned data-instgrm-permalink=\"https:\/\/www.instagram.com\/p\/DU3fLU_ibTV\/?utm_source=ig_embed&#038;utm_campaign=loading\" data-instgrm-version=\"14\"><\/blockquote>\n<\/div>\n","protected":false},"excerpt":{"rendered":"<p>Ap\u00f3s a B\u00edblia e os evang\u00e9licos serem alvos de deboche em desfile de carnaval no Rio de Janeiro, parlamentares acionaram a Procuradoria-Geral da Rep\u00fablica (PGR). O senador Magno Malta (PL) e o deputado federal Rodolfo Nogueira (PL) protocolaram queixas contra a escola de samba Acad\u00eamicos de Niter\u00f3i por ridicularizar evang\u00e9licos durante o desfile no domingo (15). Para os parlamentares, a apresenta\u00e7\u00e3o ultrapassou a manifesta\u00e7\u00e3o art\u00edstica e houve ridiculariza\u00e7\u00e3o p\u00fablica do grupo religioso, transmitida na m\u00eddia, e discrimina\u00e7\u00e3o realigiosa. No desfile do Grupo Especial do Carnaval, a escola homenageou o presidente Luiz In\u00e1cio Lula da Silva (PT) e exibiu fam\u00edlias representadas em latas de conserva com \u201cB\u00edblias\u201d nas m\u00e3os. Uma ala retratou os evang\u00e9licos como \u201cneoconservadores em conserva\u201d. Os integrantes usavam fantasias de latas, com o desenho de uma fam\u00edlia formada por pai, m\u00e3e e dois filhos. Alguns tamb\u00e9m seguravam um livro vermelho com uma cruz dourada na capa, em alus\u00e3o \u00e0 B\u00edblia. Na mesma ala, tamb\u00e9m foram inclu\u00eddos um fazendeiro ligado ao agroneg\u00f3cio, uma mulher rica e defensores da ditadura militar. A escola colocou todos esses grupos lado a lado na mesma alegoria, associando-os ao que chamou de \u201cneoconservadorismo\u201d. Esc\u00e1rnio p\u00fablico Na queixa-crime apresentada \u00e0 PGR, Magno Malta afirmou que o epis\u00f3dio se enquadra como discrimina\u00e7\u00e3o religiosa, conforme o artigo 20 da Lei 7.716\/1989. \u201cA representa\u00e7\u00e3o simb\u00f3lica consistiu na equipara\u00e7\u00e3o visual de fi\u00e9is evang\u00e9licos a objetos enlatados, em narrativa depreciativa associada a r\u00f3tulos ideol\u00f3gicos, expondo grupo religioso espec\u00edfico a esc\u00e1rnio coletivo perante audi\u00eancia nacional e internacional\u201d, declarou o senador no documento. J\u00e1 Rodolfo Nogueira pediu que os respons\u00e1veis pela escola de samba sejam punidos pelo crime de ultraje a culto \u2013 o ato de \u201cescarnecer de algu\u00e9m publicamente, por motivo de cren\u00e7a ou fun\u00e7\u00e3o religiosa&#8221;, conforme o artigo 208 do C\u00f3digo Penal. \u201cA utiliza\u00e7\u00e3o do s\u00edmbolo religioso, no modo como apresentada, caracteriza exposi\u00e7\u00e3o p\u00fablica de natureza vexat\u00f3ria dirigida a pessoas identific\u00e1veis por sua cren\u00e7a, atraindo a incid\u00eancia da tutela penal da liberdade religiosa\u201d, afirmou o deputado na queixa. Os dois parlamentares ainda ressaltaram que a escola de samba recebeu recursos p\u00fablicos e pediram uma investiga\u00e7\u00e3o sobre uma poss\u00edvel propaganda eleitoral antecipada, abuso de poder e uso indevido de verba estatal. Intoler\u00e2ncia religiosa Na ter\u00e7a-feira (17), a Ordem dos Advogados do Brasil do Rio de Janeiro (OAB-RJ) repudiou o desfile da Acad\u00eamicos de Niter\u00f3i e classificou como intoler\u00e2ncia religiosa a apresenta\u00e7\u00e3o dos evang\u00e9licos em latas de conserva. \u201cO epis\u00f3dio configurou pr\u00e1tica de preconceito religioso dirigido aos crist\u00e3os\u201d, declarou a OAB-RJ, em nota de rep\u00fadio. E continuou: \u201cA liberdade religiosa, consagrada como direito fundamental, constitui pilar essencial do Estado Democr\u00e1tico de Direito e encontra prote\u00e7\u00e3o n\u00e3o apenas na Constitui\u00e7\u00e3o Federal, mas tamb\u00e9m em tratados internacionais de direitos humanos dos quais o Brasil \u00e9 signat\u00e1rio, como o Pacto Internacional sobre Direitos Civis e Pol\u00edticos (art. 18)&#8221;. &#8220;Qualquer conduta que implique intoler\u00e2ncia ou discrimina\u00e7\u00e3o religiosa representa afronta direta \u00e0 ordem constitucional e aos compromissos internacionais assumidos pelo pa\u00eds&#8221;.<\/p>\n","protected":false},"author":1,"featured_media":11066,"comment_status":"closed","ping_status":"closed","sticky":false,"template":"","format":"standard","meta":{"footnotes":""},"categories":[11],"tags":[],"class_list":["post-11065","post","type-post","status-publish","format-standard","has-post-thumbnail","hentry","category-brasil"],"acf":[],"_links":{"self":[{"href":"https:\/\/fabricadescripts.com.br\/igrejas\/IGRE3535\/wp-json\/wp\/v2\/posts\/11065","targetHints":{"allow":["GET"]}}],"collection":[{"href":"https:\/\/fabricadescripts.com.br\/igrejas\/IGRE3535\/wp-json\/wp\/v2\/posts"}],"about":[{"href":"https:\/\/fabricadescripts.com.br\/igrejas\/IGRE3535\/wp-json\/wp\/v2\/types\/post"}],"author":[{"embeddable":true,"href":"https:\/\/fabricadescripts.com.br\/igrejas\/IGRE3535\/wp-json\/wp\/v2\/users\/1"}],"replies":[{"embeddable":true,"href":"https:\/\/fabricadescripts.com.br\/igrejas\/IGRE3535\/wp-json\/wp\/v2\/comments?post=11065"}],"version-history":[{"count":0,"href":"https:\/\/fabricadescripts.com.br\/igrejas\/IGRE3535\/wp-json\/wp\/v2\/posts\/11065\/revisions"}],"wp:featuredmedia":[{"embeddable":true,"href":"https:\/\/fabricadescripts.com.br\/igrejas\/IGRE3535\/wp-json\/wp\/v2\/media\/11066"}],"wp:attachment":[{"href":"https:\/\/fabricadescripts.com.br\/igrejas\/IGRE3535\/wp-json\/wp\/v2\/media?parent=11065"}],"wp:term":[{"taxonomy":"category","embeddable":true,"href":"https:\/\/fabricadescripts.com.br\/igrejas\/IGRE3535\/wp-json\/wp\/v2\/categories?post=11065"},{"taxonomy":"post_tag","embeddable":true,"href":"https:\/\/fabricadescripts.com.br\/igrejas\/IGRE3535\/wp-json\/wp\/v2\/tags?post=11065"}],"curies":[{"name":"wp","href":"https:\/\/api.w.org\/{rel}","templated":true}]}}