{"id":11063,"date":"2026-02-20T09:02:34","date_gmt":"2026-02-20T12:02:34","guid":{"rendered":"https:\/\/fabricadescripts.com.br\/igrejas\/IGRE3535\/proteina-de-deus-diz-pesquisadora-que-descobriu-molecula-que-recupera-movimentos\/"},"modified":"2026-02-20T09:02:34","modified_gmt":"2026-02-20T12:02:34","slug":"proteina-de-deus-diz-pesquisadora-que-descobriu-molecula-que-recupera-movimentos","status":"publish","type":"post","link":"https:\/\/fabricadescripts.com.br\/igrejas\/IGRE3535\/proteina-de-deus-diz-pesquisadora-que-descobriu-molecula-que-recupera-movimentos\/","title":{"rendered":"\u201cProte\u00edna de Deus\u201d, diz pesquisadora que descobriu mol\u00e9cula que recupera movimentos"},"content":{"rendered":"<div>\n<p><span>A pesquisadora Tatiana Coelho de Sampaio, que descobriu que a polilaminina pode regenerar les\u00f5es de medula causadas por traumas, descreveu a mol\u00e9cula como a \u201cprote\u00edna de Deus\u201d.<\/span><\/p>\n<p><span>Recentemente, durante entrevista ao programa \u201cConversas com Hildgard Angel\u201d da TV 247, a bi\u00f3loga explicou os resultados do seu estudo de mais de 20 anos, desenvolvidos na Universidade Federal do Rio de Janeiro (UFRJ).<\/span><\/p>\n<p><span>A polilaminina \u00e9 uma mol\u00e9cula sint\u00e9tica desenvolvida em laborat\u00f3rio a partir da laminina, prote\u00edna produzida naturalmente pelo corpo humano, principalmente durante o desenvolvimento embrion\u00e1rio do sistema nervoso.<\/span><\/p>\n<p><span>A mol\u00e9cula descoberta por Tatiana estimula a reconex\u00e3o de fibras nervosas rompidas ap\u00f3s les\u00f5es na medula causadas por trauma, em casos de paraplegia e tetraplegia.<\/span><\/p>\n<p><span>Comentando sobre a forma da laminina, base da polilamina, Tatiana revelou: \u201cA laminina tem formato de uma cruz. A polilaminina s\u00e3o v\u00e1rias de m\u00e3ozinhas dada\u201d.<\/span><\/p>\n<p><span>E brincou: \u201cN\u00e3o conta para ningu\u00e9m. Gra\u00e7as a Deus, ainda n\u00e3o saiu isso, porque no dia que sair eu estou perdida, porque a\u00ed v\u00e3o dizer mesmo que \u00e9 prote\u00edna de Deus\u201d.<\/span><\/p>\n<p><span>E a apresentadora do programa respondeu: \u201cN\u00e3o, mas \u00e9 a prote\u00edna de Deus, est\u00e1 acabado!\u201d.<\/span><\/p>\n<p><iframe title=\"YouTube video player\" src=\"https:\/\/www.youtube.com\/embed\/bo2ytuF2SJ0?si=13KHQH_uc6OCpreW\" width=\"560\" height=\"315\" frameborder=\"0\" allowfullscreen=\"allowfullscreen\"><\/iframe><\/p>\n<p><strong>Medicamento em fase experimental<\/strong><\/p>\n<p><span>No estudo experimental da pesquisadora com oito pacientes com les\u00e3o medular grave \u2013 que receberam o diagn\u00f3stico que n\u00e3o iriam mais se movimentar \u2013, seis recuperaram parte dos movimentos e um voltou a andar.<\/span><\/p>\n<p><span>Conforme o estudo da UFRJ em parceria com o laborat\u00f3rio Crist\u00e1lia, a aplica\u00e7\u00e3o da polilaminina deve ser feita at\u00e9 72 horas ap\u00f3s a les\u00e3o medular, per\u00edodo classificado como janela terap\u00eautica.<\/span><\/p>\n<p><span>No Brasil, um militar de 19 anos foi o primeiro paciente a receber o tratamento experimental com polilaminina.\u00a0<\/span><\/p>\n<p><span>Luiz Ot\u00e1vio Santos Nunez, que ficou tetrapl\u00e9gico ap\u00f3s um acidente com arma de fogo, teve acesso ao medicamento ap\u00f3s uma a\u00e7\u00e3o na Justi\u00e7a.<\/span><\/p>\n<p><span>Depois de 12 dias ap\u00f3s a aplica\u00e7\u00e3o da prote\u00edna, ocorrida no Hospital Militar de Campo Grande, Luiz voltou a movimentar a ponta de um dos dedos da m\u00e3o.<\/span><\/p>\n<p><span>Segundo Tatiana, n\u00e3o \u00e9 poss\u00edvel assegurar que as aplica\u00e7\u00f5es feitas fora do prazo ter\u00e3o efeitos significativos.<\/span><\/p>\n<p><span>\u201cAinda s\u00e3o estudos e o que posso dizer \u00e9 que quando uma les\u00e3o \u00e9 cr\u00f4nica, com mais de tr\u00eas, quatro meses, a dificuldade [de regenera\u00e7\u00e3o] \u00e9 maior por conta de todo o processo patol\u00f3gico\u201d, explicou ela.<\/span><\/p>\n<p><span>O medicamento ainda est\u00e1 em fase experimental e, atualmente, passa por estudos cl\u00ednicos na Ag\u00eancia Nacional de Vigil\u00e2ncia Sanit\u00e1ria (Anvisa).<\/span><\/p>\n<\/div>\n","protected":false},"excerpt":{"rendered":"<p>A pesquisadora Tatiana Coelho de Sampaio, que descobriu que a polilaminina pode regenerar les\u00f5es de medula causadas por traumas, descreveu a mol\u00e9cula como a \u201cprote\u00edna de Deus\u201d. Recentemente, durante entrevista ao programa \u201cConversas com Hildgard Angel\u201d da TV 247, a bi\u00f3loga explicou os resultados do seu estudo de mais de 20 anos, desenvolvidos na Universidade Federal do Rio de Janeiro (UFRJ). A polilaminina \u00e9 uma mol\u00e9cula sint\u00e9tica desenvolvida em laborat\u00f3rio a partir da laminina, prote\u00edna produzida naturalmente pelo corpo humano, principalmente durante o desenvolvimento embrion\u00e1rio do sistema nervoso. A mol\u00e9cula descoberta por Tatiana estimula a reconex\u00e3o de fibras nervosas rompidas ap\u00f3s les\u00f5es na medula causadas por trauma, em casos de paraplegia e tetraplegia. Comentando sobre a forma da laminina, base da polilamina, Tatiana revelou: \u201cA laminina tem formato de uma cruz. A polilaminina s\u00e3o v\u00e1rias de m\u00e3ozinhas dada\u201d. E brincou: \u201cN\u00e3o conta para ningu\u00e9m. Gra\u00e7as a Deus, ainda n\u00e3o saiu isso, porque no dia que sair eu estou perdida, porque a\u00ed v\u00e3o dizer mesmo que \u00e9 prote\u00edna de Deus\u201d. E a apresentadora do programa respondeu: \u201cN\u00e3o, mas \u00e9 a prote\u00edna de Deus, est\u00e1 acabado!\u201d. Medicamento em fase experimental No estudo experimental da pesquisadora com oito pacientes com les\u00e3o medular grave \u2013 que receberam o diagn\u00f3stico que n\u00e3o iriam mais se movimentar \u2013, seis recuperaram parte dos movimentos e um voltou a andar. Conforme o estudo da UFRJ em parceria com o laborat\u00f3rio Crist\u00e1lia, a aplica\u00e7\u00e3o da polilaminina deve ser feita at\u00e9 72 horas ap\u00f3s a les\u00e3o medular, per\u00edodo classificado como janela terap\u00eautica. No Brasil, um militar de 19 anos foi o primeiro paciente a receber o tratamento experimental com polilaminina.\u00a0 Luiz Ot\u00e1vio Santos Nunez, que ficou tetrapl\u00e9gico ap\u00f3s um acidente com arma de fogo, teve acesso ao medicamento ap\u00f3s uma a\u00e7\u00e3o na Justi\u00e7a. Depois de 12 dias ap\u00f3s a aplica\u00e7\u00e3o da prote\u00edna, ocorrida no Hospital Militar de Campo Grande, Luiz voltou a movimentar a ponta de um dos dedos da m\u00e3o. Segundo Tatiana, n\u00e3o \u00e9 poss\u00edvel assegurar que as aplica\u00e7\u00f5es feitas fora do prazo ter\u00e3o efeitos significativos. \u201cAinda s\u00e3o estudos e o que posso dizer \u00e9 que quando uma les\u00e3o \u00e9 cr\u00f4nica, com mais de tr\u00eas, quatro meses, a dificuldade [de regenera\u00e7\u00e3o] \u00e9 maior por conta de todo o processo patol\u00f3gico\u201d, explicou ela. O medicamento ainda est\u00e1 em fase experimental e, atualmente, passa por estudos cl\u00ednicos na Ag\u00eancia Nacional de Vigil\u00e2ncia Sanit\u00e1ria (Anvisa).<\/p>\n","protected":false},"author":1,"featured_media":11064,"comment_status":"closed","ping_status":"closed","sticky":false,"template":"","format":"standard","meta":{"footnotes":""},"categories":[11],"tags":[],"class_list":["post-11063","post","type-post","status-publish","format-standard","has-post-thumbnail","hentry","category-brasil"],"acf":[],"_links":{"self":[{"href":"https:\/\/fabricadescripts.com.br\/igrejas\/IGRE3535\/wp-json\/wp\/v2\/posts\/11063","targetHints":{"allow":["GET"]}}],"collection":[{"href":"https:\/\/fabricadescripts.com.br\/igrejas\/IGRE3535\/wp-json\/wp\/v2\/posts"}],"about":[{"href":"https:\/\/fabricadescripts.com.br\/igrejas\/IGRE3535\/wp-json\/wp\/v2\/types\/post"}],"author":[{"embeddable":true,"href":"https:\/\/fabricadescripts.com.br\/igrejas\/IGRE3535\/wp-json\/wp\/v2\/users\/1"}],"replies":[{"embeddable":true,"href":"https:\/\/fabricadescripts.com.br\/igrejas\/IGRE3535\/wp-json\/wp\/v2\/comments?post=11063"}],"version-history":[{"count":0,"href":"https:\/\/fabricadescripts.com.br\/igrejas\/IGRE3535\/wp-json\/wp\/v2\/posts\/11063\/revisions"}],"wp:featuredmedia":[{"embeddable":true,"href":"https:\/\/fabricadescripts.com.br\/igrejas\/IGRE3535\/wp-json\/wp\/v2\/media\/11064"}],"wp:attachment":[{"href":"https:\/\/fabricadescripts.com.br\/igrejas\/IGRE3535\/wp-json\/wp\/v2\/media?parent=11063"}],"wp:term":[{"taxonomy":"category","embeddable":true,"href":"https:\/\/fabricadescripts.com.br\/igrejas\/IGRE3535\/wp-json\/wp\/v2\/categories?post=11063"},{"taxonomy":"post_tag","embeddable":true,"href":"https:\/\/fabricadescripts.com.br\/igrejas\/IGRE3535\/wp-json\/wp\/v2\/tags?post=11063"}],"curies":[{"name":"wp","href":"https:\/\/api.w.org\/{rel}","templated":true}]}}