{"id":11051,"date":"2026-02-18T06:39:47","date_gmt":"2026-02-18T09:39:47","guid":{"rendered":"https:\/\/fabricadescripts.com.br\/igrejas\/IGRE3535\/biblia-e-evangelicos-sao-alvos-de-deboche-em-desfile-de-carnaval-no-rio\/"},"modified":"2026-02-18T06:39:47","modified_gmt":"2026-02-18T09:39:47","slug":"biblia-e-evangelicos-sao-alvos-de-deboche-em-desfile-de-carnaval-no-rio","status":"publish","type":"post","link":"https:\/\/fabricadescripts.com.br\/igrejas\/IGRE3535\/biblia-e-evangelicos-sao-alvos-de-deboche-em-desfile-de-carnaval-no-rio\/","title":{"rendered":"B\u00edblia e evang\u00e9licos s\u00e3o alvos de deboche em desfile de Carnaval no Rio"},"content":{"rendered":"<div>\n<p><span>No \u00faltimo domingo (15), evang\u00e9licos foram alvo de esc\u00e1rnio durante o desfile da escola de samba Acad\u00eamicos de Niter\u00f3i, no Rio de Janeiro. Ao estrear no Grupo Especial do <\/span><span><strong>Carnaval<\/strong><\/span><span>, a escola homenageou o presidente Luiz In\u00e1cio Lula da Silva (PT) e exibiu fam\u00edlias representadas em latas de conserva com \u201cB\u00edblias\u201d nas m\u00e3os.<\/span><\/p>\n<p><span>Com o tema \u201cDo alto do mulungu surge a esperan\u00e7a: Lula, o oper\u00e1rio do Brasil\u201d, o enredo apresentado na Marqu\u00eas de Sapuca\u00ed exibiu alegorias e alas que retrataram momentos da trajet\u00f3ria pol\u00edtica do petista.<\/span><\/p>\n<p><span>Durante o desfile, uma ala retratou os evang\u00e9licos como \u201cneoconservadores em conserva\u201d. Os integrantes usavam fantasias de latas, com o desenho de uma fam\u00edlia formada por pai, m\u00e3e e dois filhos. Alguns tamb\u00e9m seguravam um livro vermelho com uma cruz dourada na capa, em alus\u00e3o \u00e0 B\u00edblia.<\/span><\/p>\n<p><span>Na mesma ala, tamb\u00e9m foram inclu\u00eddos um fazendeiro ligado ao agroneg\u00f3cio, uma mulher rica e defensores da ditadura militar. A escola colocou todos esses grupos lado a lado na mesma alegoria, associando-os ao que chamou de \u201cneoconservadorismo\u201d.<\/span><\/p>\n<blockquote>\n<div dir=\"ltr\" lang=\"pt\">\n<p>\ud83e\udd6b Homenagem a Lula teve evang\u00e9licos em lata de conserva<\/p>\n<p>\ud83d\udc83 A escola de samba Acad\u00eamicos de Niter\u00f3i estreou neste domingo (15.fev.2026) no Grupo Especial do Carnaval do Rio de Janeiro. A agremia\u00e7\u00e3o homenageou o presidente Luiz In\u00e1cio Lula da Silva (PT) com o enredo \u201cDo alto do\u2026 pic.twitter.com\/AAG9A2QdOe<\/p>\n<\/div>\n<p>  \u2014 Poder360 (@Poder360) February 16, 2026<\/p><\/blockquote>\n<p><span>Lula se tornou o primeiro presidente no exerc\u00edcio do mandato a ser tema central de um desfile de escola de samba no Carnaval. Ele acompanhou a apresenta\u00e7\u00e3o de perto, ao lado de ministros e aliados, em um camarote cedido pela Prefeitura do Rio.<\/span><\/p>\n<p><span>Fundada em 2018, a Acad\u00eamicos de Niter\u00f3i foi alvo de diversas cr\u00edticas nas redes sociais ap\u00f3s a apresenta\u00e7\u00e3o. O desfile fez parte da programa\u00e7\u00e3o oficial do Carnaval do Rio e foi transmitido ao vivo para todo o pa\u00eds.<\/span><\/p>\n<p><strong>Ap\u00f3s a pol\u00eamica, oposi\u00e7\u00e3o vai \u00e0 Justi\u00e7a contra o desfile<\/strong><\/p>\n<p><span>Partidos e pol\u00edticos de oposi\u00e7\u00e3o ao presidente Lula reagiram ao desfile. O partido Novo entrou com uma representa\u00e7\u00e3o no Tribunal de Contas da Uni\u00e3o (TCU) pedindo a suspens\u00e3o do repasse de R$ 1 milh\u00e3o \u00e0 Acad\u00eamicos de Niter\u00f3i, valor destinado pela Embratur (Ag\u00eancia Brasileira de Promo\u00e7\u00e3o Internacional do Turismo).<\/span><\/p>\n<p><span>Segundo o portal Poder 360, a \u00e1rea t\u00e9cnica do TCU se manifestou a favor de barrar os recursos. No entanto, a decis\u00e3o final ficou com o relator do caso, ministro Aroldo Cedraz, que negou o pedido e manteve o repasse.<\/span><\/p>\n<p><span><strong>Damares Alves<\/strong><\/span><span> e Kim Kataguiri \u2014 a senadora (Republicanos-DF) e o deputado federal (Uni\u00e3o Brasil-SP) tamb\u00e9m acionaram a Justi\u00e7a contra o presidente por causa do enredo da escola. No entanto, as a\u00e7\u00f5es foram rejeitadas pela Justi\u00e7a Federal.<\/span><\/p>\n<p><span>Al\u00e9m disso, o partido Novo e o deputado Kim Kataguiri ingressaram com um pedido para proibir o desfile. A liminar foi negada pelo Tribunal Superior Eleitoral (TSE). A Corte seguiu o voto da relatora do caso, ministra Estela Aranha, indicada por Lula ao cargo.<\/span><\/p>\n<p><strong>\u2018A f\u00e9 crist\u00e3 foi exposta ao esc\u00e1rnio\u2019<\/strong><\/p>\n<p><span>Nas redes sociais, o deputado federal <\/span><span><strong>Nikolas Ferreira<\/strong><\/span> <span>comentou o epis\u00f3dio e criticou o ataque aos crist\u00e3os:<\/span><\/p>\n<p><span>\u201cCalma, a esquerda n\u00e3o odeia a fam\u00edlia conservadora, n\u00e3o. \u00c9 tudo conspira\u00e7\u00e3o. Lembre-se disso na hora de votar este ano, evang\u00e9lico. Observa\u00e7\u00e3o: a Globo est\u00e1 colocando como \u2018cr\u00edtica\u2019, mas, se fossem crist\u00e3os fazendo essa cr\u00edtica contra qualquer outra religi\u00e3o, seria a terceira guerra mundial\u201d.<\/span><\/p>\n<p><span>J\u00e1 <\/span><span><strong>Michele Bolsonaro<\/strong><\/span><span>, declarou: \u201cA f\u00e9 crist\u00e3 foi exposta ao esc\u00e1rnio em nome da cultura travestida de politicagem. Dizem que o pa\u00eds \u00e9 laico, mas laicidade n\u00e3o autoriza zombaria, nem humilha\u00e7\u00e3o. O que foi apresentado era conhecido, foi permitido e feriu milh\u00f5es de brasileiros. J\u00e1 imaginou se fosse ao contr\u00e1rio?\u201d.<\/span><\/p>\n<p><span>Por fim, Michele pediu que a Frente Parlamentar Evang\u00e9lica se posicione publicamente e n\u00e3o se cale diante do ataque aos crist\u00e3os.<\/span><\/p>\n<p><span>\u201cDeus, na sua soberania, permite que cada um revele aquilo que carrega no cora\u00e7\u00e3o.\u00a0<\/span><span>A verdade sempre vem \u00e0 luz e, no tempo certo, separa o joio do trigo. Que a Frente Parlamentar Evang\u00e9lica repudie esse esc\u00e1rnio\u201d, concluiu.<\/span><\/p>\n<\/div>\n","protected":false},"excerpt":{"rendered":"<p>No \u00faltimo domingo (15), evang\u00e9licos foram alvo de esc\u00e1rnio durante o desfile da escola de samba Acad\u00eamicos de Niter\u00f3i, no Rio de Janeiro. Ao estrear no Grupo Especial do Carnaval, a escola homenageou o presidente Luiz In\u00e1cio Lula da Silva (PT) e exibiu fam\u00edlias representadas em latas de conserva com \u201cB\u00edblias\u201d nas m\u00e3os. Com o tema \u201cDo alto do mulungu surge a esperan\u00e7a: Lula, o oper\u00e1rio do Brasil\u201d, o enredo apresentado na Marqu\u00eas de Sapuca\u00ed exibiu alegorias e alas que retrataram momentos da trajet\u00f3ria pol\u00edtica do petista. Durante o desfile, uma ala retratou os evang\u00e9licos como \u201cneoconservadores em conserva\u201d. Os integrantes usavam fantasias de latas, com o desenho de uma fam\u00edlia formada por pai, m\u00e3e e dois filhos. Alguns tamb\u00e9m seguravam um livro vermelho com uma cruz dourada na capa, em alus\u00e3o \u00e0 B\u00edblia. Na mesma ala, tamb\u00e9m foram inclu\u00eddos um fazendeiro ligado ao agroneg\u00f3cio, uma mulher rica e defensores da ditadura militar. A escola colocou todos esses grupos lado a lado na mesma alegoria, associando-os ao que chamou de \u201cneoconservadorismo\u201d. \ud83e\udd6b Homenagem a Lula teve evang\u00e9licos em lata de conserva \ud83d\udc83 A escola de samba Acad\u00eamicos de Niter\u00f3i estreou neste domingo (15.fev.2026) no Grupo Especial do Carnaval do Rio de Janeiro. A agremia\u00e7\u00e3o homenageou o presidente Luiz In\u00e1cio Lula da Silva (PT) com o enredo \u201cDo alto do\u2026 pic.twitter.com\/AAG9A2QdOe \u2014 Poder360 (@Poder360) February 16, 2026 Lula se tornou o primeiro presidente no exerc\u00edcio do mandato a ser tema central de um desfile de escola de samba no Carnaval. Ele acompanhou a apresenta\u00e7\u00e3o de perto, ao lado de ministros e aliados, em um camarote cedido pela Prefeitura do Rio. Fundada em 2018, a Acad\u00eamicos de Niter\u00f3i foi alvo de diversas cr\u00edticas nas redes sociais ap\u00f3s a apresenta\u00e7\u00e3o. O desfile fez parte da programa\u00e7\u00e3o oficial do Carnaval do Rio e foi transmitido ao vivo para todo o pa\u00eds. Ap\u00f3s a pol\u00eamica, oposi\u00e7\u00e3o vai \u00e0 Justi\u00e7a contra o desfile Partidos e pol\u00edticos de oposi\u00e7\u00e3o ao presidente Lula reagiram ao desfile. O partido Novo entrou com uma representa\u00e7\u00e3o no Tribunal de Contas da Uni\u00e3o (TCU) pedindo a suspens\u00e3o do repasse de R$ 1 milh\u00e3o \u00e0 Acad\u00eamicos de Niter\u00f3i, valor destinado pela Embratur (Ag\u00eancia Brasileira de Promo\u00e7\u00e3o Internacional do Turismo). Segundo o portal Poder 360, a \u00e1rea t\u00e9cnica do TCU se manifestou a favor de barrar os recursos. No entanto, a decis\u00e3o final ficou com o relator do caso, ministro Aroldo Cedraz, que negou o pedido e manteve o repasse. Damares Alves e Kim Kataguiri \u2014 a senadora (Republicanos-DF) e o deputado federal (Uni\u00e3o Brasil-SP) tamb\u00e9m acionaram a Justi\u00e7a contra o presidente por causa do enredo da escola. No entanto, as a\u00e7\u00f5es foram rejeitadas pela Justi\u00e7a Federal. Al\u00e9m disso, o partido Novo e o deputado Kim Kataguiri ingressaram com um pedido para proibir o desfile. A liminar foi negada pelo Tribunal Superior Eleitoral (TSE). A Corte seguiu o voto da relatora do caso, ministra Estela Aranha, indicada por Lula ao cargo. \u2018A f\u00e9 crist\u00e3 foi exposta ao esc\u00e1rnio\u2019 Nas redes sociais, o deputado federal Nikolas Ferreira comentou o epis\u00f3dio e criticou o ataque aos crist\u00e3os: \u201cCalma, a esquerda n\u00e3o odeia a fam\u00edlia conservadora, n\u00e3o. \u00c9 tudo conspira\u00e7\u00e3o. Lembre-se disso na hora de votar este ano, evang\u00e9lico. Observa\u00e7\u00e3o: a Globo est\u00e1 colocando como \u2018cr\u00edtica\u2019, mas, se fossem crist\u00e3os fazendo essa cr\u00edtica contra qualquer outra religi\u00e3o, seria a terceira guerra mundial\u201d. J\u00e1 Michele Bolsonaro, declarou: \u201cA f\u00e9 crist\u00e3 foi exposta ao esc\u00e1rnio em nome da cultura travestida de politicagem. Dizem que o pa\u00eds \u00e9 laico, mas laicidade n\u00e3o autoriza zombaria, nem humilha\u00e7\u00e3o. O que foi apresentado era conhecido, foi permitido e feriu milh\u00f5es de brasileiros. J\u00e1 imaginou se fosse ao contr\u00e1rio?\u201d. Por fim, Michele pediu que a Frente Parlamentar Evang\u00e9lica se posicione publicamente e n\u00e3o se cale diante do ataque aos crist\u00e3os. \u201cDeus, na sua soberania, permite que cada um revele aquilo que carrega no cora\u00e7\u00e3o.\u00a0A verdade sempre vem \u00e0 luz e, no tempo certo, separa o joio do trigo. Que a Frente Parlamentar Evang\u00e9lica repudie esse esc\u00e1rnio\u201d, concluiu.<\/p>\n","protected":false},"author":1,"featured_media":11052,"comment_status":"closed","ping_status":"closed","sticky":false,"template":"","format":"standard","meta":{"footnotes":""},"categories":[11],"tags":[],"class_list":["post-11051","post","type-post","status-publish","format-standard","has-post-thumbnail","hentry","category-brasil"],"acf":[],"_links":{"self":[{"href":"https:\/\/fabricadescripts.com.br\/igrejas\/IGRE3535\/wp-json\/wp\/v2\/posts\/11051","targetHints":{"allow":["GET"]}}],"collection":[{"href":"https:\/\/fabricadescripts.com.br\/igrejas\/IGRE3535\/wp-json\/wp\/v2\/posts"}],"about":[{"href":"https:\/\/fabricadescripts.com.br\/igrejas\/IGRE3535\/wp-json\/wp\/v2\/types\/post"}],"author":[{"embeddable":true,"href":"https:\/\/fabricadescripts.com.br\/igrejas\/IGRE3535\/wp-json\/wp\/v2\/users\/1"}],"replies":[{"embeddable":true,"href":"https:\/\/fabricadescripts.com.br\/igrejas\/IGRE3535\/wp-json\/wp\/v2\/comments?post=11051"}],"version-history":[{"count":0,"href":"https:\/\/fabricadescripts.com.br\/igrejas\/IGRE3535\/wp-json\/wp\/v2\/posts\/11051\/revisions"}],"wp:featuredmedia":[{"embeddable":true,"href":"https:\/\/fabricadescripts.com.br\/igrejas\/IGRE3535\/wp-json\/wp\/v2\/media\/11052"}],"wp:attachment":[{"href":"https:\/\/fabricadescripts.com.br\/igrejas\/IGRE3535\/wp-json\/wp\/v2\/media?parent=11051"}],"wp:term":[{"taxonomy":"category","embeddable":true,"href":"https:\/\/fabricadescripts.com.br\/igrejas\/IGRE3535\/wp-json\/wp\/v2\/categories?post=11051"},{"taxonomy":"post_tag","embeddable":true,"href":"https:\/\/fabricadescripts.com.br\/igrejas\/IGRE3535\/wp-json\/wp\/v2\/tags?post=11051"}],"curies":[{"name":"wp","href":"https:\/\/api.w.org\/{rel}","templated":true}]}}