{"id":11026,"date":"2026-02-15T00:09:13","date_gmt":"2026-02-15T03:09:13","guid":{"rendered":"https:\/\/fabricadescripts.com.br\/igrejas\/IGRE3535\/pastores-sao-agredidos-por-extremistas-apos-vigilia-de-oracao-em-uganda\/"},"modified":"2026-02-15T00:09:13","modified_gmt":"2026-02-15T03:09:13","slug":"pastores-sao-agredidos-por-extremistas-apos-vigilia-de-oracao-em-uganda","status":"publish","type":"post","link":"https:\/\/fabricadescripts.com.br\/igrejas\/IGRE3535\/pastores-sao-agredidos-por-extremistas-apos-vigilia-de-oracao-em-uganda\/","title":{"rendered":"Pastores s\u00e3o agredidos por extremistas ap\u00f3s vig\u00edlia de ora\u00e7\u00e3o em Uganda"},"content":{"rendered":"<div>\n<p><span>Dois pastores ficaram mais de uma semana internados ap\u00f3s serem espancados por um grupo de extremistas mu\u00e7ulmanos no leste de <\/span><span><strong>Uganda<\/strong><\/span><span>.<\/span><\/p>\n<p><span>Os pastores John Michael Okoel e Abraham Omoding, da Igreja Nova Vida, no distrito de Pallisa, foram atacados quando retornavam de uma <\/span><span><strong>vig\u00edlia de ora\u00e7\u00e3o<\/strong><\/span><span> no dia 30 de janeiro.\u00a0<\/span><\/p>\n<p><span>Na ocasi\u00e3o, eles foram surpreendidos por cinco homens mascarados vestindo roupas isl\u00e2micas no p\u00e2ntano de Osupa, \u00e0s margens da rodovia Pallisa-Mbale.<\/span><\/p>\n<p><span>De acordo com Okoel, os agressores tamb\u00e9m estavam armados com paus e facas. Eles acusaram os pastores de blasf\u00eamia e de tentar converter mu\u00e7ulmanos, al\u00e9m de amea\u00e7\u00e1-los de morte.<\/span><\/p>\n<p><span>\u201cEles come\u00e7aram a nos acusar de mentir sobre Al\u00e1, de pregar que Al\u00e1 tem um Filho e de converter seus irm\u00e3os e irm\u00e3s\u201d, disse o pastor Okoel ao Morning Star News.\u00a0<\/span><\/p>\n<p><span>E continuou: \u201cAntes que eu pudesse responder, um deles, Ali Kitaali, me deu um tapa, me cortou perto da boca e me atingiu no joelho e na m\u00e3o. Ent\u00e3o, desmaiei\u201d.<\/span><\/p>\n<p><span>\u201cEm seguida, atacaram meu pastor auxiliar, fraturando seu bra\u00e7o, arrancando dois dentes e o espancando violentamente nas costas\u201d, acrescentou.<\/span><\/p>\n<p><strong>L\u00edderes pedem justi\u00e7a<\/strong><\/p>\n<p><span>O ataque s\u00f3 terminou quando um ve\u00edculo se aproximou da estrada e piscou os far\u00f3is, fazendo com que os suspeitos fugissem. Os passageiros prestaram socorro aos pastores e os levaram a um hospital, onde receberam os primeiros socorros.<\/span><\/p>\n<p><span>Mais tarde, familiares e membros da igreja transferiram os pastores para o Hospital Regional de Refer\u00eancia de Mbale, onde permaneceram internados at\u00e9 receberem alta no \u00faltimo domingo (8).<\/span><\/p>\n<p><span>Ambos seguem em recupera\u00e7\u00e3o em casa e informaram que pretendem denunciar o ataque \u00e0 pol\u00edcia assim que estiverem em boas condi\u00e7\u00f5es.<\/span><\/p>\n<p><span>L\u00edderes religiosos e moradores da regi\u00e3o manifestaram preocupa\u00e7\u00e3o com o ocorrido. Um pastor local, que preferiu n\u00e3o se identificar, descreveu o ataque como \u201cprofundamente perturbador\u201d e pediu investiga\u00e7\u00e3o das autoridades.<\/span><\/p>\n<p><span>\u201cNenhum l\u00edder religioso deveria temer por sua vida por causa de sua f\u00e9\u201d, disse ele.<\/span><\/p>\n<p><span>Segundo moradores, o ataque aumentou o medo e a ansiedade na comunidade, principalmente entre os l\u00edderes crist\u00e3os.<\/span><\/p>\n<p><span>\u201cEsse ataque deixou a comunidade em choque. Se a viol\u00eancia continuar, pode comprometer a conviv\u00eancia pac\u00edfica\u201d, relatou um morador.<\/span><\/p>\n<p><span>O caso mostra o aumento das tens\u00f5es religiosas em partes do leste de Uganda. O Morning Star News informou que, at\u00e9 o momento, n\u00e3o houve comunicado oficial da pol\u00edcia nem registro de pris\u00f5es relacionadas ao ataque.<\/span><\/p>\n<\/div>\n","protected":false},"excerpt":{"rendered":"<p>Dois pastores ficaram mais de uma semana internados ap\u00f3s serem espancados por um grupo de extremistas mu\u00e7ulmanos no leste de Uganda. Os pastores John Michael Okoel e Abraham Omoding, da Igreja Nova Vida, no distrito de Pallisa, foram atacados quando retornavam de uma vig\u00edlia de ora\u00e7\u00e3o no dia 30 de janeiro.\u00a0 Na ocasi\u00e3o, eles foram surpreendidos por cinco homens mascarados vestindo roupas isl\u00e2micas no p\u00e2ntano de Osupa, \u00e0s margens da rodovia Pallisa-Mbale. De acordo com Okoel, os agressores tamb\u00e9m estavam armados com paus e facas. Eles acusaram os pastores de blasf\u00eamia e de tentar converter mu\u00e7ulmanos, al\u00e9m de amea\u00e7\u00e1-los de morte. \u201cEles come\u00e7aram a nos acusar de mentir sobre Al\u00e1, de pregar que Al\u00e1 tem um Filho e de converter seus irm\u00e3os e irm\u00e3s\u201d, disse o pastor Okoel ao Morning Star News.\u00a0 E continuou: \u201cAntes que eu pudesse responder, um deles, Ali Kitaali, me deu um tapa, me cortou perto da boca e me atingiu no joelho e na m\u00e3o. Ent\u00e3o, desmaiei\u201d. \u201cEm seguida, atacaram meu pastor auxiliar, fraturando seu bra\u00e7o, arrancando dois dentes e o espancando violentamente nas costas\u201d, acrescentou. L\u00edderes pedem justi\u00e7a O ataque s\u00f3 terminou quando um ve\u00edculo se aproximou da estrada e piscou os far\u00f3is, fazendo com que os suspeitos fugissem. Os passageiros prestaram socorro aos pastores e os levaram a um hospital, onde receberam os primeiros socorros. Mais tarde, familiares e membros da igreja transferiram os pastores para o Hospital Regional de Refer\u00eancia de Mbale, onde permaneceram internados at\u00e9 receberem alta no \u00faltimo domingo (8). Ambos seguem em recupera\u00e7\u00e3o em casa e informaram que pretendem denunciar o ataque \u00e0 pol\u00edcia assim que estiverem em boas condi\u00e7\u00f5es. L\u00edderes religiosos e moradores da regi\u00e3o manifestaram preocupa\u00e7\u00e3o com o ocorrido. Um pastor local, que preferiu n\u00e3o se identificar, descreveu o ataque como \u201cprofundamente perturbador\u201d e pediu investiga\u00e7\u00e3o das autoridades. \u201cNenhum l\u00edder religioso deveria temer por sua vida por causa de sua f\u00e9\u201d, disse ele. Segundo moradores, o ataque aumentou o medo e a ansiedade na comunidade, principalmente entre os l\u00edderes crist\u00e3os. \u201cEsse ataque deixou a comunidade em choque. Se a viol\u00eancia continuar, pode comprometer a conviv\u00eancia pac\u00edfica\u201d, relatou um morador. O caso mostra o aumento das tens\u00f5es religiosas em partes do leste de Uganda. O Morning Star News informou que, at\u00e9 o momento, n\u00e3o houve comunicado oficial da pol\u00edcia nem registro de pris\u00f5es relacionadas ao ataque.<\/p>\n","protected":false},"author":1,"featured_media":11027,"comment_status":"closed","ping_status":"closed","sticky":false,"template":"","format":"standard","meta":{"footnotes":""},"categories":[14],"tags":[],"class_list":["post-11026","post","type-post","status-publish","format-standard","has-post-thumbnail","hentry","category-missoes"],"acf":[],"_links":{"self":[{"href":"https:\/\/fabricadescripts.com.br\/igrejas\/IGRE3535\/wp-json\/wp\/v2\/posts\/11026","targetHints":{"allow":["GET"]}}],"collection":[{"href":"https:\/\/fabricadescripts.com.br\/igrejas\/IGRE3535\/wp-json\/wp\/v2\/posts"}],"about":[{"href":"https:\/\/fabricadescripts.com.br\/igrejas\/IGRE3535\/wp-json\/wp\/v2\/types\/post"}],"author":[{"embeddable":true,"href":"https:\/\/fabricadescripts.com.br\/igrejas\/IGRE3535\/wp-json\/wp\/v2\/users\/1"}],"replies":[{"embeddable":true,"href":"https:\/\/fabricadescripts.com.br\/igrejas\/IGRE3535\/wp-json\/wp\/v2\/comments?post=11026"}],"version-history":[{"count":0,"href":"https:\/\/fabricadescripts.com.br\/igrejas\/IGRE3535\/wp-json\/wp\/v2\/posts\/11026\/revisions"}],"wp:featuredmedia":[{"embeddable":true,"href":"https:\/\/fabricadescripts.com.br\/igrejas\/IGRE3535\/wp-json\/wp\/v2\/media\/11027"}],"wp:attachment":[{"href":"https:\/\/fabricadescripts.com.br\/igrejas\/IGRE3535\/wp-json\/wp\/v2\/media?parent=11026"}],"wp:term":[{"taxonomy":"category","embeddable":true,"href":"https:\/\/fabricadescripts.com.br\/igrejas\/IGRE3535\/wp-json\/wp\/v2\/categories?post=11026"},{"taxonomy":"post_tag","embeddable":true,"href":"https:\/\/fabricadescripts.com.br\/igrejas\/IGRE3535\/wp-json\/wp\/v2\/tags?post=11026"}],"curies":[{"name":"wp","href":"https:\/\/api.w.org\/{rel}","templated":true}]}}