{"id":11022,"date":"2026-02-15T00:09:08","date_gmt":"2026-02-15T03:09:08","guid":{"rendered":"https:\/\/fabricadescripts.com.br\/igrejas\/IGRE3535\/camila-campos-passa-por-cirurgia-devido-a-sequelas-do-cancer-preciso-de-oracao\/"},"modified":"2026-02-15T00:09:08","modified_gmt":"2026-02-15T03:09:08","slug":"camila-campos-passa-por-cirurgia-devido-a-sequelas-do-cancer-preciso-de-oracao","status":"publish","type":"post","link":"https:\/\/fabricadescripts.com.br\/igrejas\/IGRE3535\/camila-campos-passa-por-cirurgia-devido-a-sequelas-do-cancer-preciso-de-oracao\/","title":{"rendered":"Camila Campos passa por cirurgia devido a sequelas do c\u00e2ncer: \u201cPreciso de ora\u00e7\u00e3o\u201d"},"content":{"rendered":"<div>\n<p><span>Na \u00faltima quinta-feira (12), <\/span><span><strong>Camila Campos<\/strong><\/span><span> compartilhou que precisar\u00e1 passar por uma cirurgia de emerg\u00eancia devido a sequelas do c\u00e2ncer de mama e pediu ora\u00e7\u00f5es.<\/span><\/p>\n<p><span>A cantora, diagnosticada com c\u00e2ncer de mama em 2024 e j\u00e1 curada, revelou que a doen\u00e7a deixou uma sequela \u00f3ssea, evoluindo para osteomielite. Devido \u00e0 gravidade do quadro, a cirurgia seria necess\u00e1ria.<\/span><\/p>\n<p><span>Em um v\u00eddeo no Instagram, Camila aparece no hospital ao lado do marido L\u00e9o Zagueiro e diz:<\/span><\/p>\n<p><span>\u201cPovo de Deus, preciso da sua ora\u00e7\u00e3o novamente! Gra\u00e7as a Deus, n\u00e3o \u00e9 c\u00e2ncer! Como estou mancando e andando de cadeira de rodas, muitas pessoas t\u00eam perguntado se o c\u00e2ncer voltou, mas gl\u00f3ria a Deus, n\u00e3o\u201d.<\/span><\/p>\n<blockquote data-instgrm-permalink=\"https:\/\/www.instagram.com\/reel\/DUqmTPCgCpX\/?utm_source=ig_embed&#038;utm_campaign=loading\" data-instgrm-version=\"14\"><\/blockquote>\n<p><span>Na \u00e9poca, o c\u00e2ncer se espalhou para os ossos, coluna, pulm\u00e3o e f\u00edgado. Cerca de um ano ap\u00f3s a cura, Camila precisou retornar ao hospital para realizar uma cirurgia em que ir\u00e1 remover a parte do osso na regi\u00e3o sacroil\u00edaca infectada.\u00a0<\/span><\/p>\n<p><span>\u201cUma bact\u00e9ria se alojou, causando uma infec\u00e7\u00e3o grave e muita, muita dor. Mas hoje Deus levantou uma equipe de m\u00e9dicos que ser\u00e1 usada por YESHUA para mais uma vez trazer vit\u00f3ria\u201d, afirmou ela.<\/span><\/p>\n<p><strong>\u2018Ser\u00e1 mais um testemunho de milagre\u2019<\/strong><\/p>\n<p><span>Camila destacou que, apesar de a cirurgia ser delicada, sua f\u00e9 est\u00e1 firme no Senhor: \u201cConfio no Senhor e eu sou forte e corajosa. Ent\u00e3o, pe\u00e7o ora\u00e7\u00e3o, intercess\u00e3o e compreens\u00e3o\u201d.<\/span><\/p>\n<p><span>Ela declarou que voltar\u00e1 da cirurgia, mais forte e com mais um testemunho de milagre para contar:\u00a0<\/span><\/p>\n<p><span>\u201cCremos que hoje vamos encerrar essa etapa de dor na minha vida e em breve eu vou estar cantando, pulando, celebrando como eu sempre fiz no altar, vibrando na presen\u00e7a de Deus, e conto com a sua ora\u00e7\u00e3o mais uma vez\u201d.\u00a0<\/span><\/p>\n<p><span>E continuou: \u201cApesar de saber que n\u00e3o \u00e9 c\u00e2ncer, \u00e9 uma cirurgia grande, relevante, mas eu creio que o Brasil mais uma vez vai me ajudar em ora\u00e7\u00e3o. Mais uma vez n\u00f3s vamos vencer para a gl\u00f3ria de Deus e romper em f\u00e9, eu conto com a sua ora\u00e7\u00e3o\u201d.<\/span><\/p>\n<p><span>L\u00e9o acrescentou: \u201cMais uma batalha, mas vai ser vencida em nome de Jesus\u201d.<\/span><\/p>\n<p><span>\u201cFiquem firmes e constantes no Senhor\u201d, concluiu Camila.<\/span><\/p>\n<p><strong>A cura do c\u00e2ncer<\/strong><\/p>\n<p><span>Em julho de 2024, Camila revelou que havia sido <\/span><span><strong>diagnosticada com c\u00e2ncer de mama<\/strong><\/span><span> em est\u00e1gio avan\u00e7ado. Na \u00e9poca, a artista estava gr\u00e1vida de sete meses da filha ca\u00e7ula, Sofia.<\/span><\/p>\n<p><span>No dia 24 do mesmo m\u00eas, j\u00e1 internada para iniciar o tratamento, a cantora informou que a doen\u00e7a havia se espalhado para os ossos. Na mesma data, ela <\/span><span><strong>deu \u00e0 luz a Sofia<\/strong><\/span><span>, que nasceu prematura.<\/span><\/p>\n<p><span>Em janeiro de 2025, ao completar 36 anos, Camila testemunhou que estava <\/span><span><strong>curada do c\u00e2ncer de mama<\/strong><\/span><span>.<\/span><\/p>\n<p><span>Na \u00e9poca, a cantora compartilhou: \u201cEstou celebrando este milagre, a vida, o poder de Deus aperfei\u00e7oado na minha fraqueza. Os n\u00f3dulos do c\u00e2ncer de mama j\u00e1 sumiram para gl\u00f3ria de Deus e eu, sigo vencendo no Senhor. Hoje estou comemorando meu anivers\u00e1rio e mais do que isso, estou comemorando o milagre que Deus est\u00e1 fazendo na minha vida. Obrigada meu Deus, porque o Senhor me tirou uma cama de hospital e me trouxe para praia para me mostrar que Ele faz do doente, saud\u00e1vel, do fraco, forte, do cansado, forte. Esse \u00e9 o meu Deus! Te amo Deus! Gratid\u00e3o\u201d.<\/span><\/p>\n<\/div>\n","protected":false},"excerpt":{"rendered":"<p>Na \u00faltima quinta-feira (12), Camila Campos compartilhou que precisar\u00e1 passar por uma cirurgia de emerg\u00eancia devido a sequelas do c\u00e2ncer de mama e pediu ora\u00e7\u00f5es. A cantora, diagnosticada com c\u00e2ncer de mama em 2024 e j\u00e1 curada, revelou que a doen\u00e7a deixou uma sequela \u00f3ssea, evoluindo para osteomielite. Devido \u00e0 gravidade do quadro, a cirurgia seria necess\u00e1ria. Em um v\u00eddeo no Instagram, Camila aparece no hospital ao lado do marido L\u00e9o Zagueiro e diz: \u201cPovo de Deus, preciso da sua ora\u00e7\u00e3o novamente! Gra\u00e7as a Deus, n\u00e3o \u00e9 c\u00e2ncer! Como estou mancando e andando de cadeira de rodas, muitas pessoas t\u00eam perguntado se o c\u00e2ncer voltou, mas gl\u00f3ria a Deus, n\u00e3o\u201d. Na \u00e9poca, o c\u00e2ncer se espalhou para os ossos, coluna, pulm\u00e3o e f\u00edgado. Cerca de um ano ap\u00f3s a cura, Camila precisou retornar ao hospital para realizar uma cirurgia em que ir\u00e1 remover a parte do osso na regi\u00e3o sacroil\u00edaca infectada.\u00a0 \u201cUma bact\u00e9ria se alojou, causando uma infec\u00e7\u00e3o grave e muita, muita dor. Mas hoje Deus levantou uma equipe de m\u00e9dicos que ser\u00e1 usada por YESHUA para mais uma vez trazer vit\u00f3ria\u201d, afirmou ela. \u2018Ser\u00e1 mais um testemunho de milagre\u2019 Camila destacou que, apesar de a cirurgia ser delicada, sua f\u00e9 est\u00e1 firme no Senhor: \u201cConfio no Senhor e eu sou forte e corajosa. Ent\u00e3o, pe\u00e7o ora\u00e7\u00e3o, intercess\u00e3o e compreens\u00e3o\u201d. Ela declarou que voltar\u00e1 da cirurgia, mais forte e com mais um testemunho de milagre para contar:\u00a0 \u201cCremos que hoje vamos encerrar essa etapa de dor na minha vida e em breve eu vou estar cantando, pulando, celebrando como eu sempre fiz no altar, vibrando na presen\u00e7a de Deus, e conto com a sua ora\u00e7\u00e3o mais uma vez\u201d.\u00a0 E continuou: \u201cApesar de saber que n\u00e3o \u00e9 c\u00e2ncer, \u00e9 uma cirurgia grande, relevante, mas eu creio que o Brasil mais uma vez vai me ajudar em ora\u00e7\u00e3o. Mais uma vez n\u00f3s vamos vencer para a gl\u00f3ria de Deus e romper em f\u00e9, eu conto com a sua ora\u00e7\u00e3o\u201d. L\u00e9o acrescentou: \u201cMais uma batalha, mas vai ser vencida em nome de Jesus\u201d. \u201cFiquem firmes e constantes no Senhor\u201d, concluiu Camila. A cura do c\u00e2ncer Em julho de 2024, Camila revelou que havia sido diagnosticada com c\u00e2ncer de mama em est\u00e1gio avan\u00e7ado. Na \u00e9poca, a artista estava gr\u00e1vida de sete meses da filha ca\u00e7ula, Sofia. No dia 24 do mesmo m\u00eas, j\u00e1 internada para iniciar o tratamento, a cantora informou que a doen\u00e7a havia se espalhado para os ossos. Na mesma data, ela deu \u00e0 luz a Sofia, que nasceu prematura. Em janeiro de 2025, ao completar 36 anos, Camila testemunhou que estava curada do c\u00e2ncer de mama. Na \u00e9poca, a cantora compartilhou: \u201cEstou celebrando este milagre, a vida, o poder de Deus aperfei\u00e7oado na minha fraqueza. Os n\u00f3dulos do c\u00e2ncer de mama j\u00e1 sumiram para gl\u00f3ria de Deus e eu, sigo vencendo no Senhor. Hoje estou comemorando meu anivers\u00e1rio e mais do que isso, estou comemorando o milagre que Deus est\u00e1 fazendo na minha vida. Obrigada meu Deus, porque o Senhor me tirou uma cama de hospital e me trouxe para praia para me mostrar que Ele faz do doente, saud\u00e1vel, do fraco, forte, do cansado, forte. Esse \u00e9 o meu Deus! Te amo Deus! Gratid\u00e3o\u201d.<\/p>\n","protected":false},"author":1,"featured_media":11023,"comment_status":"closed","ping_status":"closed","sticky":false,"template":"","format":"standard","meta":{"footnotes":""},"categories":[12],"tags":[],"class_list":["post-11022","post","type-post","status-publish","format-standard","has-post-thumbnail","hentry","category-mundo-cristao"],"acf":[],"_links":{"self":[{"href":"https:\/\/fabricadescripts.com.br\/igrejas\/IGRE3535\/wp-json\/wp\/v2\/posts\/11022","targetHints":{"allow":["GET"]}}],"collection":[{"href":"https:\/\/fabricadescripts.com.br\/igrejas\/IGRE3535\/wp-json\/wp\/v2\/posts"}],"about":[{"href":"https:\/\/fabricadescripts.com.br\/igrejas\/IGRE3535\/wp-json\/wp\/v2\/types\/post"}],"author":[{"embeddable":true,"href":"https:\/\/fabricadescripts.com.br\/igrejas\/IGRE3535\/wp-json\/wp\/v2\/users\/1"}],"replies":[{"embeddable":true,"href":"https:\/\/fabricadescripts.com.br\/igrejas\/IGRE3535\/wp-json\/wp\/v2\/comments?post=11022"}],"version-history":[{"count":0,"href":"https:\/\/fabricadescripts.com.br\/igrejas\/IGRE3535\/wp-json\/wp\/v2\/posts\/11022\/revisions"}],"wp:featuredmedia":[{"embeddable":true,"href":"https:\/\/fabricadescripts.com.br\/igrejas\/IGRE3535\/wp-json\/wp\/v2\/media\/11023"}],"wp:attachment":[{"href":"https:\/\/fabricadescripts.com.br\/igrejas\/IGRE3535\/wp-json\/wp\/v2\/media?parent=11022"}],"wp:term":[{"taxonomy":"category","embeddable":true,"href":"https:\/\/fabricadescripts.com.br\/igrejas\/IGRE3535\/wp-json\/wp\/v2\/categories?post=11022"},{"taxonomy":"post_tag","embeddable":true,"href":"https:\/\/fabricadescripts.com.br\/igrejas\/IGRE3535\/wp-json\/wp\/v2\/tags?post=11022"}],"curies":[{"name":"wp","href":"https:\/\/api.w.org\/{rel}","templated":true}]}}