{"id":11011,"date":"2026-02-13T23:20:31","date_gmt":"2026-02-14T02:20:31","guid":{"rendered":"https:\/\/fabricadescripts.com.br\/igrejas\/IGRE3535\/presos-convertidos-participam-de-culto-e-formam-coral-em-igreja-no-para\/"},"modified":"2026-02-13T23:20:31","modified_gmt":"2026-02-14T02:20:31","slug":"presos-convertidos-participam-de-culto-e-formam-coral-em-igreja-no-para","status":"publish","type":"post","link":"https:\/\/fabricadescripts.com.br\/igrejas\/IGRE3535\/presos-convertidos-participam-de-culto-e-formam-coral-em-igreja-no-para\/","title":{"rendered":"Presos convertidos participam de culto e formam coral em igreja no Par\u00e1"},"content":{"rendered":"<div>\n<p><span>Um grupo de <\/span><span><strong>presos<\/strong><\/span><span> do regime fechado participou de um culto em uma igreja na cidade de Ananindeua, no Par\u00e1.<\/span><\/p>\n<p><span>Os detentos, que <\/span><span><strong>aceitaram Jesus<\/strong><\/span><span> anteriormente, sa\u00edram da <\/span><span><strong>penitenci\u00e1ria<\/strong><\/span><span> e foram escoltados por policiais at\u00e9 a Igreja Assembleia de Deus Minist\u00e9rio Arca da Alian\u00e7a, no dia 24 de janeiro.<\/span><\/p>\n<p><span>Os presos chegaram com a roupa da pris\u00e3o e algemados uns aos outros, e entraram no templo, vigiados pelos agentes, para participar do Congresso de Miss\u00e3o Prisional 2026.<\/span><\/p>\n<p><span>Eles foram recebidos no refeit\u00f3rio da igreja, onde receberam roupa social e gravata para vestir durante o culto.<\/span><\/p>\n<p><span>Logo depois, o grupo entrou na igreja declarando um brado de vit\u00f3ria. \u201cO Arca da Alian\u00e7a o que \u00e9 que voc\u00ea faz? Adoro a Jesus Cristo em Esp\u00edrito e em verdade. O Arca da Alian\u00e7a qual \u00e9 sua miss\u00e3o? Cuidar da minha fam\u00edlia, anunciar a Salva\u00e7\u00e3o. Gl\u00f3ria, gl\u00f3ria!\u201d, entoaram eles.<\/span><\/p>\n<p><span>Al\u00e9m disso, os detentos formaram um coral e cantaram louvores no evento, como a m\u00fasica \u201cEf\u00e9sios 6\u201d do cantor Anderson Freire.\u00a0<\/span><\/p>\n<p><span>Ap\u00f3s o final do culto, eles colocaram a roupa da pris\u00e3o novamente, sa\u00edram algemados e foram levados de volta \u00e0 penitenci\u00e1ria.<\/span><\/p>\n<p><span>Na sa\u00edda, os membros da igreja se despediram com falas de encorajamento, enquanto os presos agradeceram o carinho e a recep\u00e7\u00e3o.<\/span><\/p>\n<blockquote data-instgrm-captioned data-instgrm-permalink=\"https:\/\/www.instagram.com\/reel\/DT6rpJODB7O\/?utm_source=ig_embed&#038;utm_campaign=loading\" data-instgrm-version=\"14\"><\/blockquote>\n<\/div>\n","protected":false},"excerpt":{"rendered":"<p>Um grupo de presos do regime fechado participou de um culto em uma igreja na cidade de Ananindeua, no Par\u00e1. Os detentos, que aceitaram Jesus anteriormente, sa\u00edram da penitenci\u00e1ria e foram escoltados por policiais at\u00e9 a Igreja Assembleia de Deus Minist\u00e9rio Arca da Alian\u00e7a, no dia 24 de janeiro. Os presos chegaram com a roupa da pris\u00e3o e algemados uns aos outros, e entraram no templo, vigiados pelos agentes, para participar do Congresso de Miss\u00e3o Prisional 2026. Eles foram recebidos no refeit\u00f3rio da igreja, onde receberam roupa social e gravata para vestir durante o culto. Logo depois, o grupo entrou na igreja declarando um brado de vit\u00f3ria. \u201cO Arca da Alian\u00e7a o que \u00e9 que voc\u00ea faz? Adoro a Jesus Cristo em Esp\u00edrito e em verdade. O Arca da Alian\u00e7a qual \u00e9 sua miss\u00e3o? Cuidar da minha fam\u00edlia, anunciar a Salva\u00e7\u00e3o. Gl\u00f3ria, gl\u00f3ria!\u201d, entoaram eles. Al\u00e9m disso, os detentos formaram um coral e cantaram louvores no evento, como a m\u00fasica \u201cEf\u00e9sios 6\u201d do cantor Anderson Freire.\u00a0 Ap\u00f3s o final do culto, eles colocaram a roupa da pris\u00e3o novamente, sa\u00edram algemados e foram levados de volta \u00e0 penitenci\u00e1ria. Na sa\u00edda, os membros da igreja se despediram com falas de encorajamento, enquanto os presos agradeceram o carinho e a recep\u00e7\u00e3o.<\/p>\n","protected":false},"author":1,"featured_media":11012,"comment_status":"closed","ping_status":"closed","sticky":false,"template":"","format":"standard","meta":{"footnotes":""},"categories":[12],"tags":[],"class_list":["post-11011","post","type-post","status-publish","format-standard","has-post-thumbnail","hentry","category-mundo-cristao"],"acf":[],"_links":{"self":[{"href":"https:\/\/fabricadescripts.com.br\/igrejas\/IGRE3535\/wp-json\/wp\/v2\/posts\/11011","targetHints":{"allow":["GET"]}}],"collection":[{"href":"https:\/\/fabricadescripts.com.br\/igrejas\/IGRE3535\/wp-json\/wp\/v2\/posts"}],"about":[{"href":"https:\/\/fabricadescripts.com.br\/igrejas\/IGRE3535\/wp-json\/wp\/v2\/types\/post"}],"author":[{"embeddable":true,"href":"https:\/\/fabricadescripts.com.br\/igrejas\/IGRE3535\/wp-json\/wp\/v2\/users\/1"}],"replies":[{"embeddable":true,"href":"https:\/\/fabricadescripts.com.br\/igrejas\/IGRE3535\/wp-json\/wp\/v2\/comments?post=11011"}],"version-history":[{"count":0,"href":"https:\/\/fabricadescripts.com.br\/igrejas\/IGRE3535\/wp-json\/wp\/v2\/posts\/11011\/revisions"}],"wp:featuredmedia":[{"embeddable":true,"href":"https:\/\/fabricadescripts.com.br\/igrejas\/IGRE3535\/wp-json\/wp\/v2\/media\/11012"}],"wp:attachment":[{"href":"https:\/\/fabricadescripts.com.br\/igrejas\/IGRE3535\/wp-json\/wp\/v2\/media?parent=11011"}],"wp:term":[{"taxonomy":"category","embeddable":true,"href":"https:\/\/fabricadescripts.com.br\/igrejas\/IGRE3535\/wp-json\/wp\/v2\/categories?post=11011"},{"taxonomy":"post_tag","embeddable":true,"href":"https:\/\/fabricadescripts.com.br\/igrejas\/IGRE3535\/wp-json\/wp\/v2\/tags?post=11011"}],"curies":[{"name":"wp","href":"https:\/\/api.w.org\/{rel}","templated":true}]}}