{"id":11009,"date":"2026-02-13T23:20:32","date_gmt":"2026-02-14T02:20:32","guid":{"rendered":"https:\/\/fabricadescripts.com.br\/igrejas\/IGRE3535\/mae-nao-autoriza-filha-a-ir-ao-carnaval-na-escola-e-encoraja-nao-negligencie-a-palavra\/"},"modified":"2026-02-13T23:20:32","modified_gmt":"2026-02-14T02:20:32","slug":"mae-nao-autoriza-filha-a-ir-ao-carnaval-na-escola-e-encoraja-nao-negligencie-a-palavra","status":"publish","type":"post","link":"https:\/\/fabricadescripts.com.br\/igrejas\/IGRE3535\/mae-nao-autoriza-filha-a-ir-ao-carnaval-na-escola-e-encoraja-nao-negligencie-a-palavra\/","title":{"rendered":"M\u00e3e n\u00e3o autoriza filha a ir ao carnaval na escola e encoraja: \u201cN\u00e3o negligencie a Palavra\u201d"},"content":{"rendered":"<div>\n<p><span>Uma m\u00e3e crist\u00e3 que n\u00e3o permitiu a filha participar de uma festa de <\/span><strong><span>carnaval<\/span> <\/strong><span>na escola, encorajou milhares de pais a n\u00e3o negligenciar os princ\u00edpios b\u00edblicos na cria\u00e7\u00e3o dos filhos.<\/span><\/p>\n<p><span>Carine Peters compartilhou um v\u00eddeo no Instagram onde relatou que n\u00e3o deixou sua filha Cloe ir para a escola durante uma festa de carnaval.<\/span><\/p>\n<p><span>Segundo Carine, a filha chegou em casa animada ao saber que a professora havia orientado os alunos a irem fantasiados para a comemora\u00e7\u00e3o.\u00a0<\/span><\/p>\n<p><span>\u201cEu entendo que \u00e9 algo cultural, ela precisa aprender, ter acesso, at\u00e9 porque faz parte da hist\u00f3ria. Por\u00e9m, a partir do momento que pedem para ir fantasiada, eu sei que vai ter algum tipo de celebra\u00e7\u00e3o a ser ensinada na escola\u201d, disse Carine.<\/span><\/p>\n<blockquote data-instgrm-permalink=\"https:\/\/www.instagram.com\/reel\/DUl3qT8kQB1\/?utm_source=ig_embed&#038;utm_campaign=loading\" data-instgrm-version=\"14\"><\/blockquote>\n<p><span>A m\u00e3e contou que decidiu orar antes de tomar qualquer decis\u00e3o: \u201cEu falei: \u2018Senhor, n\u00e3o estou me sentindo em paz com rela\u00e7\u00e3o a isso. Eu preciso do seu direcionamento para poder ensinar a minha filha sobre o porqu\u00ea que eu estou dizendo n\u00e3o\u2019\u201d.<\/span><\/p>\n<p><span>Carine afirmou que, ap\u00f3s buscar a orienta\u00e7\u00e3o de Deus e conversar com o esposo, Denison Coelho, o casal decidiu <\/span><span><strong>n\u00e3o enviar a filha \u00e0 escola no dia da festa<\/strong><\/span><span>.\u00a0<\/span><\/p>\n<p><span>\u201cEu entendo que a autoridade sobre a vida da Cloe e do Dom \u00e9 minha e do Denison. Eu n\u00e3o posso negligenciar o que foi dado a mim como miss\u00e3o. A maternidade, o Senhor me deu como miss\u00e3o\u201d, declarou Carine.<\/span><\/p>\n<p><span>E continuou: \u201cEu n\u00e3o posso falhar, embora eu seja humana, por\u00e9m, se eu tenho conhecimento a um tipo de informa\u00e7\u00e3o e negligencio isso, eu estou falhando\u201d.<\/span><\/p>\n<p><strong>\u2018N\u00e3o faz parte daquilo que n\u00f3s acreditamos\u2019<\/strong><\/p>\n<p><span>Ao justificar sua decis\u00e3o, Carine ressaltou que a escolha foi motivada por cuidado e zelo, por entender que a celebra\u00e7\u00e3o do carnaval n\u00e3o condiz com a Palavra de Deus:<\/span><\/p>\n<p><span>\u201cHoje, a nossa decis\u00e3o foi proibir. Por cuidado, por zelo e por entender que esse tipo de celebra\u00e7\u00e3o n\u00e3o faz parte daquilo que n\u00f3s acreditamos\u201d.\u00a0<\/span><\/p>\n<p><span>Em seguida, ela citou a passagem b\u00edblica de Mateus 26:39, onde Jesus ora no Gets\u00eamani e pede a Deus que, se poss\u00edvel, o livre do sacrif\u00edcio. Destacando que o Senhor disse \u2018n\u00e3o\u2019 ao seu Filho unig\u00eanito, Carine explicou:<\/span><\/p>\n<p><span>\u201cJesus obedeceu. Mesmo amando, mesmo doendo, Deus precisou dizer n\u00e3o. Mesmo amando a minha filha, mesmo doendo, por amor a ela, eu precisei proibir essa celebra\u00e7\u00e3o, esse acesso\u201d.<\/span><\/p>\n<p><span>Nesse momento, ela incentivou outros pais a buscarem dire\u00e7\u00e3o espiritual diante de decis\u00f5es semelhantes.\u00a0<\/span><\/p>\n<p><span>\u201cEu quero dizer pra voc\u00eas que amar tamb\u00e9m \u00e9 dizer n\u00e3o. E a autoridade ainda \u00e9 sua. Fa\u00e7a com excel\u00eancia. Qualquer d\u00favida, dobre o teu joelho, pe\u00e7a ao Esp\u00edrito Santo sabedoria, que eu sei que Ele vai te dar\u201d, afirmou a m\u00e3e.<\/span><\/p>\n<blockquote data-instgrm-permalink=\"https:\/\/www.instagram.com\/p\/DUeWU3FAA8H\/?utm_source=ig_embed&#038;utm_campaign=loading\" data-instgrm-version=\"14\"><\/blockquote>\n<p><span>Por fim, ela refletiu sobre o que realmente marca a forma\u00e7\u00e3o saud\u00e1vel de uma crian\u00e7a:<\/span><\/p>\n<p><span>\u201cO que vai marcar a minha filha, um lar estruturado ou uma festa de carnaval?\u201d.<\/span><\/p>\n<p><span>\u201cUm lar estruturado que tem pais que se amam, uma fam\u00edlia consolidada, a presen\u00e7a de Deus, onde tem o que comer, o que se vestir. Ent\u00e3o, eu n\u00e3o me preocupo em proibir minha filha de ir para certos tipos de coisas porque eu sei que dentro da minha casa ela tem tudo o que ela precisa\u201d, concluiu Carine.<\/span><\/p>\n<p><span>Nos coment\u00e1rios, muitas m\u00e3es elogiaram o posicionamento de Carine e tamb\u00e9m compartilharam como tem criado seus filhos para seguirem os princ\u00edpios da Palavra de Deus em meio \u00e0s festas de carnaval nas escolas.<\/span><\/p>\n<p><span>A pastora Raquel Lima alertou: \u201c\u00c9 isso! O mundo espiritual \u00e9 mais vivo do que imaginam. E quando o tempo passa, os pais choram e reclamam, pedindo ora\u00e7\u00e3o sobre uma legalidade que eles mesmo deram\u201d.<\/span><\/p>\n<p><span>A cantora e pastora Cassiane comentou: \u201cParab\u00e9ns pelo posicionamento! Deus aben\u00e7oe a sua fam\u00edlia\u201d.<\/span><\/p>\n<\/div>\n","protected":false},"excerpt":{"rendered":"<p>Uma m\u00e3e crist\u00e3 que n\u00e3o permitiu a filha participar de uma festa de carnaval na escola, encorajou milhares de pais a n\u00e3o negligenciar os princ\u00edpios b\u00edblicos na cria\u00e7\u00e3o dos filhos. Carine Peters compartilhou um v\u00eddeo no Instagram onde relatou que n\u00e3o deixou sua filha Cloe ir para a escola durante uma festa de carnaval. Segundo Carine, a filha chegou em casa animada ao saber que a professora havia orientado os alunos a irem fantasiados para a comemora\u00e7\u00e3o.\u00a0 \u201cEu entendo que \u00e9 algo cultural, ela precisa aprender, ter acesso, at\u00e9 porque faz parte da hist\u00f3ria. Por\u00e9m, a partir do momento que pedem para ir fantasiada, eu sei que vai ter algum tipo de celebra\u00e7\u00e3o a ser ensinada na escola\u201d, disse Carine. A m\u00e3e contou que decidiu orar antes de tomar qualquer decis\u00e3o: \u201cEu falei: \u2018Senhor, n\u00e3o estou me sentindo em paz com rela\u00e7\u00e3o a isso. Eu preciso do seu direcionamento para poder ensinar a minha filha sobre o porqu\u00ea que eu estou dizendo n\u00e3o\u2019\u201d. Carine afirmou que, ap\u00f3s buscar a orienta\u00e7\u00e3o de Deus e conversar com o esposo, Denison Coelho, o casal decidiu n\u00e3o enviar a filha \u00e0 escola no dia da festa.\u00a0 \u201cEu entendo que a autoridade sobre a vida da Cloe e do Dom \u00e9 minha e do Denison. Eu n\u00e3o posso negligenciar o que foi dado a mim como miss\u00e3o. A maternidade, o Senhor me deu como miss\u00e3o\u201d, declarou Carine. E continuou: \u201cEu n\u00e3o posso falhar, embora eu seja humana, por\u00e9m, se eu tenho conhecimento a um tipo de informa\u00e7\u00e3o e negligencio isso, eu estou falhando\u201d. \u2018N\u00e3o faz parte daquilo que n\u00f3s acreditamos\u2019 Ao justificar sua decis\u00e3o, Carine ressaltou que a escolha foi motivada por cuidado e zelo, por entender que a celebra\u00e7\u00e3o do carnaval n\u00e3o condiz com a Palavra de Deus: \u201cHoje, a nossa decis\u00e3o foi proibir. Por cuidado, por zelo e por entender que esse tipo de celebra\u00e7\u00e3o n\u00e3o faz parte daquilo que n\u00f3s acreditamos\u201d.\u00a0 Em seguida, ela citou a passagem b\u00edblica de Mateus 26:39, onde Jesus ora no Gets\u00eamani e pede a Deus que, se poss\u00edvel, o livre do sacrif\u00edcio. Destacando que o Senhor disse \u2018n\u00e3o\u2019 ao seu Filho unig\u00eanito, Carine explicou: \u201cJesus obedeceu. Mesmo amando, mesmo doendo, Deus precisou dizer n\u00e3o. Mesmo amando a minha filha, mesmo doendo, por amor a ela, eu precisei proibir essa celebra\u00e7\u00e3o, esse acesso\u201d. Nesse momento, ela incentivou outros pais a buscarem dire\u00e7\u00e3o espiritual diante de decis\u00f5es semelhantes.\u00a0 \u201cEu quero dizer pra voc\u00eas que amar tamb\u00e9m \u00e9 dizer n\u00e3o. E a autoridade ainda \u00e9 sua. Fa\u00e7a com excel\u00eancia. Qualquer d\u00favida, dobre o teu joelho, pe\u00e7a ao Esp\u00edrito Santo sabedoria, que eu sei que Ele vai te dar\u201d, afirmou a m\u00e3e. Por fim, ela refletiu sobre o que realmente marca a forma\u00e7\u00e3o saud\u00e1vel de uma crian\u00e7a: \u201cO que vai marcar a minha filha, um lar estruturado ou uma festa de carnaval?\u201d. \u201cUm lar estruturado que tem pais que se amam, uma fam\u00edlia consolidada, a presen\u00e7a de Deus, onde tem o que comer, o que se vestir. Ent\u00e3o, eu n\u00e3o me preocupo em proibir minha filha de ir para certos tipos de coisas porque eu sei que dentro da minha casa ela tem tudo o que ela precisa\u201d, concluiu Carine. Nos coment\u00e1rios, muitas m\u00e3es elogiaram o posicionamento de Carine e tamb\u00e9m compartilharam como tem criado seus filhos para seguirem os princ\u00edpios da Palavra de Deus em meio \u00e0s festas de carnaval nas escolas. A pastora Raquel Lima alertou: \u201c\u00c9 isso! O mundo espiritual \u00e9 mais vivo do que imaginam. E quando o tempo passa, os pais choram e reclamam, pedindo ora\u00e7\u00e3o sobre uma legalidade que eles mesmo deram\u201d. A cantora e pastora Cassiane comentou: \u201cParab\u00e9ns pelo posicionamento! Deus aben\u00e7oe a sua fam\u00edlia\u201d.<\/p>\n","protected":false},"author":1,"featured_media":11010,"comment_status":"closed","ping_status":"closed","sticky":false,"template":"","format":"standard","meta":{"footnotes":""},"categories":[12],"tags":[],"class_list":["post-11009","post","type-post","status-publish","format-standard","has-post-thumbnail","hentry","category-mundo-cristao"],"acf":[],"_links":{"self":[{"href":"https:\/\/fabricadescripts.com.br\/igrejas\/IGRE3535\/wp-json\/wp\/v2\/posts\/11009","targetHints":{"allow":["GET"]}}],"collection":[{"href":"https:\/\/fabricadescripts.com.br\/igrejas\/IGRE3535\/wp-json\/wp\/v2\/posts"}],"about":[{"href":"https:\/\/fabricadescripts.com.br\/igrejas\/IGRE3535\/wp-json\/wp\/v2\/types\/post"}],"author":[{"embeddable":true,"href":"https:\/\/fabricadescripts.com.br\/igrejas\/IGRE3535\/wp-json\/wp\/v2\/users\/1"}],"replies":[{"embeddable":true,"href":"https:\/\/fabricadescripts.com.br\/igrejas\/IGRE3535\/wp-json\/wp\/v2\/comments?post=11009"}],"version-history":[{"count":0,"href":"https:\/\/fabricadescripts.com.br\/igrejas\/IGRE3535\/wp-json\/wp\/v2\/posts\/11009\/revisions"}],"wp:featuredmedia":[{"embeddable":true,"href":"https:\/\/fabricadescripts.com.br\/igrejas\/IGRE3535\/wp-json\/wp\/v2\/media\/11010"}],"wp:attachment":[{"href":"https:\/\/fabricadescripts.com.br\/igrejas\/IGRE3535\/wp-json\/wp\/v2\/media?parent=11009"}],"wp:term":[{"taxonomy":"category","embeddable":true,"href":"https:\/\/fabricadescripts.com.br\/igrejas\/IGRE3535\/wp-json\/wp\/v2\/categories?post=11009"},{"taxonomy":"post_tag","embeddable":true,"href":"https:\/\/fabricadescripts.com.br\/igrejas\/IGRE3535\/wp-json\/wp\/v2\/tags?post=11009"}],"curies":[{"name":"wp","href":"https:\/\/api.w.org\/{rel}","templated":true}]}}